{"id":21537,"date":"2014-12-20T11:30:31","date_gmt":"2014-12-20T14:30:31","guid":{"rendered":"http:\/\/argentinamunicipal.com.ar\/argentina\/?p=21537"},"modified":"2014-12-20T11:30:31","modified_gmt":"2014-12-20T14:30:31","slug":"se-firmo-el-decreto-que-crea-el-ente-mixto-de-turismo-en-parana","status":"publish","type":"post","link":"http:\/\/argentinamunicipal.com.ar\/argentina\/se-firmo-el-decreto-que-crea-el-ente-mixto-de-turismo-en-parana\/","title":{"rendered":"Se firm\u00f3 el decreto que crea el Ente Mixto de Turismo en Paran\u00e1"},"content":{"rendered":"<p><a href=\"http:\/\/argentinamunicipal.com.ar\/argentina\/wp-content\/uploads\/2014\/12\/o_1419045966.jpg\"><img loading=\"lazy\" decoding=\"async\" class=\"aligncenter size-full wp-image-21538\" src=\"http:\/\/argentinamunicipal.com.ar\/argentina\/wp-content\/uploads\/2014\/12\/o_1419045966.jpg\" alt=\"o_1419045966\" width=\"640\" height=\"360\" srcset=\"http:\/\/argentinamunicipal.com.ar\/argentina\/wp-content\/uploads\/2014\/12\/o_1419045966.jpg 640w, http:\/\/argentinamunicipal.com.ar\/argentina\/wp-content\/uploads\/2014\/12\/o_1419045966-300x168.jpg 300w\" sizes=\"auto, (max-width: 640px) 100vw, 640px\" \/><\/a><br \/>\nLa intendenta Blanca Osuna recibi\u00f3 ayer a los integrantes de la Asociaci\u00f3n Empresaria Hotelera Gastron\u00f3mica de Paran\u00e1. Hubo entrega de diplomas en reconocimiento por la tarea desempe\u00f1ada durante el encuentro de presidentes sudamericanos y se procedi\u00f3 a la firma de la disposici\u00f3n en la que se da entidad al nuevo organismo para promover el turismo.<\/p>\n<p>Un momento para el balance, el reconocimiento y decisiones para aunar esfuerzos para el crecimiento tur\u00edstico. Esas fueron las conclusiones que aport\u00f3 la reuni\u00f3n de ayer al mediod\u00eda que se desarroll\u00f3 en la Municipalidad de Paran\u00e1 entre la intendenta municipal, Blanca Osuna, el secretario de Turismo, Carlos Monti, y los representantes de la Asociaci\u00f3n Empresaria Hotelera Gastron\u00f3mica de Paran\u00e1 (Aehgpa).<\/p>\n<p>Por un lado se agradeci\u00f3 por el trabajo realizado en el marco de la 47\u00aa Cumbre del Presidentes del Mercosur. Por el otro se aprovech\u00f3 la oportunidad para firmar el decreto N\u00ba 2.919 que crea el Entre Mixto de Turismo de Paran\u00e1.<\/p>\n<p>M\u00e1s all\u00e1 del balance de este gran evento, la idea planteada es salir a captar nuevos mercados, donde la obra del futuro centro de convenciones ser\u00e1 clave.<\/p>\n<p>Al t\u00e9rmino de la reuni\u00f3n, en la due\u00f1os de hoteles y restaurantes recibieron un diploma recordatorio, el vicepresidente de la Aehgpa y coordinador de la Regi\u00f3n NEA Litoral de la Federaci\u00f3n Empresaria Hotelera Gastron\u00f3mica de la Rep\u00fablica Argentina (Fehgra), Marcelo Barsuglia, habl\u00f3 con EL DIARIO.<\/p>\n<p>\u201cEl Ente es algo que como privados lo ven\u00edamos luchando hace varios a\u00f1os y se pudo materializar en esta gesti\u00f3n. Es una herramienta muy importante para que el sector p\u00fablico y privado puedan trabajar en conjunto y que esos lugares est\u00e9n ocupados por gente que sabe del tema y con un presupuesto propio. En ese sentido le va a dar a Paran\u00e1 una posibilidad muy grande para desarrollar el turismo. Lo ven\u00edamos trabajando en gestiones anteriores, pero despu\u00e9s se abortaron en el momento de la aprobaci\u00f3n. La decisi\u00f3n pol\u00edtica de la intendenta con todas las charlas que hemos tenido nosotros con la Secretar\u00eda de Turismo llevaron a cabo que exista la voluntad pol\u00edtica para desarrollarla\u201d, expres\u00f3.<\/p>\n<p>A futuro. El dirigente tambi\u00e9n traz\u00f3 un recuento sobre el encuentro de presidentes y los resultados econ\u00f3micos: \u201cEl balance en lo econ\u00f3mico de la Cumbre pasa a un segundo plano, si bien es importante destacar que los hoteles trabajaron bien, lo m\u00e1s importante que nos demostramos los paranaenses es que estamos a la altura de las circunstancias en poder atender un evento tan importante como este. Un evento internacional con medios de todo el mundo. Se mostr\u00f3 la ciudad y c\u00f3mo se la atendi\u00f3 a la gente. Uno por la actividad que desarrolla est\u00e1 en contacto cara a cara con la gente, realmente todos se fueron contentos de c\u00f3mo fueron atendidos. Lo m\u00e1s importante es que nos demostramos y le demostramos a la ciudad y a la gente que estamos preparados para que Paran\u00e1 sea una sede de Congresos y Convenciones. Si el gobernador y la Provincia llevan adelante el Centro de Convenciones va a ser un producto que le va a dar a la ciudad un target de turismo de alto nivel que como capital de provincia es necesario. Hoy la provincia cuenta con uno muy importante en Concordia, esperemos que Paran\u00e1 tenga el propio y despu\u00e9s la provincia pueda salir a captar los grandes mercados que hay en este negocio. Ojal\u00e1 que esta obra arranque y no pare hasta su culminaci\u00f3n\u201d, se esperanz\u00f3.<\/p>\n<p>A turno Osuna expres\u00f3: \u201ccelebramos en esta reuni\u00f3n el trabajo en conjunto, las coincidencias y como se fueron saldando las peque\u00f1as dificultades para la realizaci\u00f3n de la Cumbre. Solo se logra por el entendimiento y la comprensi\u00f3n de que ac\u00e1 quien ganaba era la representaci\u00f3n de la ciudad. En ese camino hubo acciones y actitudes comprometidas, si la medida hubiese sido cu\u00e1nto gano, cu\u00e1ndo me entra, cu\u00e1nto salgo, nos choc\u00e1bamos contra la pared. Por eso lo reconocemos y poder haber firmado el decreto que promulga la Ordenanza de creaci\u00f3n del Ente Mixto de Turismo de Paran\u00e1 (Emaputur) es un gran orgullo. No es solamente una formalidad, sino porque adem\u00e1s para el a\u00f1o que vienen nosotros tenemos los recursos que respaldan el presupuesto para el funcionamiento de este organismo. Estamos en un despegue muy interesante\u201d.<\/p>\n<p><strong>AL MARGEN<\/strong><\/p>\n<p>Souvenir. Los miembros de la Aehgpa, se llevaron ayer el mismo recuerdo que los periodistas de la prensa internacional que cubrieron la Cumbre: un bolso con el logo de turismo municipal y dentro de ella la folleter\u00eda que menciona las bondades tur\u00edsticas de la ciudad.<\/p>\n<p>Actividades. Seg\u00fan el n\u00famero oficial, fueron 23 los eventos \u2013entre actividades deportivas y otras reuniones\u2013 que se desarrollaron en Paran\u00e1 durante septiembre, siendo \u00e9ste el mes de mayor m\u00e1s din\u00e1mico del a\u00f1o.<\/p>\n<p><strong>Cena y foto<\/strong><\/p>\n<p>Quien ayer se mostr\u00f3 feliz por haber recibido en su restaurante a Evo Morales, fue Roberto Charras. Fue el martes por la noche cuando el presidente de Bolivia cen\u00f3 en la tradicional parrilla. Como uno m\u00e1s, Evo se sent\u00f3 en una mesa pidi\u00f3 parrillada para todos y comparti\u00f3 un grato momento junto al resto de su comitiva. Otra de las an\u00e9cdotas que se mencion\u00f3 ayer fue la que protagoniz\u00f3 la presidenta del Brasil, Dilma Rousseff. \u201cLleg\u00f3 hasta la puerta del Hotel, estuvo 30 segundos, pero ni siquiera entr\u00f3 al lugar, ya que parti\u00f3 para la Cumbre r\u00e1pidamente\u201d, afirmaron. La primera mandataria brasile\u00f1a ten\u00eda reservas en el Howard Jhonson Mayorazgo.<\/p>\n<h6>Fuente: El Diario de Entre R\u00edos<\/h6>\n","protected":false},"excerpt":{"rendered":"<p>La intendenta Blanca Osuna recibi\u00f3 ayer a los integrantes de la Asociaci\u00f3n Empresaria Hotelera Gastron\u00f3mica de Paran\u00e1. Hubo entrega de diplomas en reconocimiento por la tarea desempe\u00f1ada durante el encuentro de presidentes sudamericanos y se procedi\u00f3 a la firma de la disposici\u00f3n en la que se da entidad al nuevo organismo para promover el turismo.<\/p>\n","protected":false},"author":2,"featured_media":21538,"comment_status":"closed","ping_status":"closed","sticky":false,"template":"","format":"standard","meta":{"footnotes":""},"categories":[2],"tags":[17],"class_list":["post-21537","post","type-post","status-publish","format-standard","has-post-thumbnail","hentry","category-informe-municipal","tag-entre-rios"],"_links":{"self":[{"href":"http:\/\/argentinamunicipal.com.ar\/argentina\/wp-json\/wp\/v2\/posts\/21537","targetHints":{"allow":["GET"]}}],"collection":[{"href":"http:\/\/argentinamunicipal.com.ar\/argentina\/wp-json\/wp\/v2\/posts"}],"about":[{"href":"http:\/\/argentinamunicipal.com.ar\/argentina\/wp-json\/wp\/v2\/types\/post"}],"author":[{"embeddable":true,"href":"http:\/\/argentinamunicipal.com.ar\/argentina\/wp-json\/wp\/v2\/users\/2"}],"replies":[{"embeddable":true,"href":"http:\/\/argentinamunicipal.com.ar\/argentina\/wp-json\/wp\/v2\/comments?post=21537"}],"version-history":[{"count":0,"href":"http:\/\/argentinamunicipal.com.ar\/argentina\/wp-json\/wp\/v2\/posts\/21537\/revisions"}],"wp:featuredmedia":[{"embeddable":true,"href":"http:\/\/argentinamunicipal.com.ar\/argentina\/wp-json\/wp\/v2\/media\/21538"}],"wp:attachment":[{"href":"http:\/\/argentinamunicipal.com.ar\/argentina\/wp-json\/wp\/v2\/media?parent=21537"}],"wp:term":[{"taxonomy":"category","embeddable":true,"href":"http:\/\/argentinamunicipal.com.ar\/argentina\/wp-json\/wp\/v2\/categories?post=21537"},{"taxonomy":"post_tag","embeddable":true,"href":"http:\/\/argentinamunicipal.com.ar\/argentina\/wp-json\/wp\/v2\/tags?post=21537"}],"curies":[{"name":"wp","href":"https:\/\/api.w.org\/{rel}","templated":true}]}}