{"id":21543,"date":"2014-12-20T10:34:54","date_gmt":"2014-12-20T13:34:54","guid":{"rendered":"http:\/\/argentinamunicipal.com.ar\/argentina\/?p=21543"},"modified":"2014-12-20T11:38:17","modified_gmt":"2014-12-20T14:38:17","slug":"promueven-voto-popular-para-elegir-al-defensor-del-pueblo-de-bariloche","status":"publish","type":"post","link":"http:\/\/argentinamunicipal.com.ar\/argentina\/promueven-voto-popular-para-elegir-al-defensor-del-pueblo-de-bariloche\/","title":{"rendered":"Promueven voto popular para elegir al defensor del Pueblo de Bariloche"},"content":{"rendered":"<div id=\"attachment_21544\" style=\"width: 446px\" class=\"wp-caption alignleft\"><a href=\"http:\/\/argentinamunicipal.com.ar\/argentina\/wp-content\/uploads\/2014\/12\/foto58694.jpg\"><img loading=\"lazy\" decoding=\"async\" aria-describedby=\"caption-attachment-21544\" class=\"size-full wp-image-21544\" src=\"http:\/\/argentinamunicipal.com.ar\/argentina\/wp-content\/uploads\/2014\/12\/foto58694.jpg\" alt=\"Galaverna en la sesi\u00f3n extraordinaria del Concejo Municipal.\" width=\"436\" height=\"291\" srcset=\"http:\/\/argentinamunicipal.com.ar\/argentina\/wp-content\/uploads\/2014\/12\/foto58694.jpg 436w, http:\/\/argentinamunicipal.com.ar\/argentina\/wp-content\/uploads\/2014\/12\/foto58694-300x200.jpg 300w\" sizes=\"auto, (max-width: 436px) 100vw, 436px\" \/><\/a><p id=\"caption-attachment-21544\" class=\"wp-caption-text\">Galaverna en la sesi\u00f3n extraordinaria del Concejo Municipal.<\/p><\/div>\n<p>Lo impuls\u00f3 la propia defensora Andrea Galaverna. Prev\u00e9 un mecanismo de voto previo para definir la terna que llegar\u00e1 al Concejo.<\/p>\n<p>La defensora del Pueblo, Andrea Galaverna, present\u00f3 a los concejales una serie de recomendaciones para modificar la ordenanza del organismo y que la poblaci\u00f3n tenga participaci\u00f3n en la designaci\u00f3n mediante el voto voluntario para definir la terna de postulantes entre los que luego deber\u00e1n elegir los concejales con los dos tercios de los votos.<\/p>\n<p>Galaverna solicit\u00f3 diez minutos para exponer ante los concejales en la \u00faltima sesi\u00f3n extraordinaria del a\u00f1o y all\u00ed elev\u00f3 recomendaciones, sin formular un proyecto de modificaci\u00f3n sino que lo dej\u00f3 a criterio del cuerpo para que se adopten esas sugerencias, algo que se comprometi\u00f3 a evaluar el presidente Ram\u00f3n Chiocconi.<\/p>\n<p>La Defensor\u00eda del Pueblo fue creada en 2007 luego de un largo debate de 2 a\u00f1os y a instancias de la Carta Org\u00e1nica Municipal que incorpor\u00f3 el nuevo organismo aut\u00f3nomo que tuvo en primera instancia a Vicente Mazzaglia como titular y luego a la m\u00e9dica vinculada a la organizaci\u00f3n de mujeres \u00abLas unas y las otras\u00bb.<\/p>\n<p>Galaverna plante\u00f3 varias modificaciones a la ordenanza 1749 que cre\u00f3 la Defensor\u00eda con la propuesta de que se incorpore una instancia de participaci\u00f3n ciudadana en la elecci\u00f3n del defensor a trav\u00e9s del voto voluntario de los barilochenses entre los postulantes al cargo previamente inscriptos como indica la norma. El voto de la poblaci\u00f3n determinar\u00eda qui\u00e9nes son los tres postulantes m\u00e1s votados que llegar\u00e1n a la terna entre los que los concejales deben elegir con el voto de los dos tercios.<\/p>\n<p>\u00abLa Defensor\u00eda no es nada sin la participaci\u00f3n ciudadana, somos una instituci\u00f3n para la construcci\u00f3n colectiva, por tal motivo trabajamos en un proyecto para idear un mecanismo que habilite el voto popular al tiempo que otorgue mayor legitimidad al cargo\u00bb dijo Galaverna a los concejales en la sesi\u00f3n realizada en el barrio P\u00e1jaro Azul.<\/p>\n<p>La defensor y su grupo asesor analiz\u00f3 la reglamentaci\u00f3n de otras Defensor\u00edas del Pueblo del pa\u00eds para establecer un mecanismo de participaci\u00f3n ciudadana.<\/p>\n<p>Adem\u00e1s promovi\u00f3 otros cambios que quedar\u00e1n a criterio de los concejales si elaboran un proyecto de modificaci\u00f3n de la ordenanza vigente. Entre ellos se encuentra la facultad de que el defensor electo nombre a un adjunto que cubrir\u00eda el cargo en una eventual acefal\u00eda, un puesto que no est\u00e1 contemplado, solo se admite la designaci\u00f3n de un asesor letrado.<\/p>\n<p>Inst\u00f3 adem\u00e1s a establecer dentro de esta reforma, \u00abnormas \u00e9ticas que rijan al personal que se desempe\u00f1a en la Defensor\u00eda del Pueblo\u00bb, a instrumentar una normativa espec\u00edfica para el servicio de mediaci\u00f3n comunitaria que es uno de los bastiones del organismo y a conformar un Consejo Asesor Ad Honorem para ser consultado en tem\u00e1ticas espec\u00edficas.<\/p>\n<h6>Fuente: R\u00edo Negro<\/h6>\n","protected":false},"excerpt":{"rendered":"<p>Lo impuls\u00f3 la propia defensora Andrea Galaverna. Prev\u00e9 un mecanismo de voto previo para definir la terna que llegar\u00e1 al Concejo. La defensora del Pueblo, Andrea Galaverna, present\u00f3 a los concejales una serie de recomendaciones para modificar la ordenanza del organismo y que la poblaci\u00f3n tenga participaci\u00f3n en la designaci\u00f3n mediante el voto voluntario para<\/p>\n","protected":false},"author":2,"featured_media":21544,"comment_status":"closed","ping_status":"closed","sticky":false,"template":"","format":"standard","meta":{"footnotes":""},"categories":[4],"tags":[11],"class_list":["post-21543","post","type-post","status-publish","format-standard","has-post-thumbnail","hentry","category-informe-politico","tag-rio-negro"],"_links":{"self":[{"href":"http:\/\/argentinamunicipal.com.ar\/argentina\/wp-json\/wp\/v2\/posts\/21543","targetHints":{"allow":["GET"]}}],"collection":[{"href":"http:\/\/argentinamunicipal.com.ar\/argentina\/wp-json\/wp\/v2\/posts"}],"about":[{"href":"http:\/\/argentinamunicipal.com.ar\/argentina\/wp-json\/wp\/v2\/types\/post"}],"author":[{"embeddable":true,"href":"http:\/\/argentinamunicipal.com.ar\/argentina\/wp-json\/wp\/v2\/users\/2"}],"replies":[{"embeddable":true,"href":"http:\/\/argentinamunicipal.com.ar\/argentina\/wp-json\/wp\/v2\/comments?post=21543"}],"version-history":[{"count":0,"href":"http:\/\/argentinamunicipal.com.ar\/argentina\/wp-json\/wp\/v2\/posts\/21543\/revisions"}],"wp:featuredmedia":[{"embeddable":true,"href":"http:\/\/argentinamunicipal.com.ar\/argentina\/wp-json\/wp\/v2\/media\/21544"}],"wp:attachment":[{"href":"http:\/\/argentinamunicipal.com.ar\/argentina\/wp-json\/wp\/v2\/media?parent=21543"}],"wp:term":[{"taxonomy":"category","embeddable":true,"href":"http:\/\/argentinamunicipal.com.ar\/argentina\/wp-json\/wp\/v2\/categories?post=21543"},{"taxonomy":"post_tag","embeddable":true,"href":"http:\/\/argentinamunicipal.com.ar\/argentina\/wp-json\/wp\/v2\/tags?post=21543"}],"curies":[{"name":"wp","href":"https:\/\/api.w.org\/{rel}","templated":true}]}}