{"id":21546,"date":"2014-12-20T11:41:25","date_gmt":"2014-12-20T14:41:25","guid":{"rendered":"http:\/\/argentinamunicipal.com.ar\/argentina\/?p=21546"},"modified":"2015-04-24T10:37:27","modified_gmt":"2015-04-24T13:37:27","slug":"el-gobierno-implementara-redes-electricas-inteligentes-en-salta","status":"publish","type":"post","link":"http:\/\/argentinamunicipal.com.ar\/argentina\/el-gobierno-implementara-redes-electricas-inteligentes-en-salta\/","title":{"rendered":"El Gobierno implementar\u00e1 redes el\u00e9ctricas inteligentes en Salta"},"content":{"rendered":"<p><a href=\"http:\/\/argentinamunicipal.com.ar\/argentina\/wp-content\/uploads\/2014\/12\/18-12-web-energia.jpg\"><img loading=\"lazy\" decoding=\"async\" class=\"aligncenter size-full wp-image-21547\" src=\"http:\/\/argentinamunicipal.com.ar\/argentina\/wp-content\/uploads\/2014\/12\/18-12-web-energia.jpg\" alt=\"18-12-web-energia\" width=\"560\" height=\"361\" srcset=\"http:\/\/argentinamunicipal.com.ar\/argentina\/wp-content\/uploads\/2014\/12\/18-12-web-energia.jpg 560w, http:\/\/argentinamunicipal.com.ar\/argentina\/wp-content\/uploads\/2014\/12\/18-12-web-energia-300x193.jpg 300w\" sizes=\"auto, (max-width: 560px) 100vw, 560px\" \/><\/a><br \/>\nHoy se firmar\u00e1 un contrato para poner en marcha el proyecto de uso racional y eficiente de la energ\u00eda (UREE) que posibilitar\u00e1 usar adecuadamente los recursos no renovables e incluir el uso de recursos renovables. La firma se concretar\u00e1 a las 14 en las oficinas de EDESA, pasaje Zorrilla N\u00ba 29.<\/p>\n<p>El Gobierno implementar\u00e1 Redes El\u00e9ctricas Inteligentes tras la firma de un contrato entre la Secretar\u00eda de Energ\u00eda del Ministerio de Ambiente y Producci\u00f3n Sustentable, integrantes del Consorcio Asociativo P\u00fablico Privado (CAPP ), la Agencia Nacional de Promoci\u00f3n Cient\u00edfica y Tecnol\u00f3gica, EDESA y la Universidad Cat\u00f3lica de Salta. La firma se concretar\u00e1 hoy a las 14 en las oficinas de EDESA, pasaje Zorrilla N\u00ba 29.<\/p>\n<p>La iniciativa se enmarca en el Plan de Energ\u00edas Renovables de la Provincia y el proyecto de Uso Racional y Eficiente de la Energ\u00eda (UREE) presentado al Fondo de Innovaci\u00f3n Tecnol\u00f3gica Sectorial de Energ\u00eda (FITS 2013) y se fundamenta en la demanda de gesti\u00f3n eficiente y sostenible de la energ\u00eda que hace necesario el desarrollo de redes el\u00e9ctricas inteligentes.<\/p>\n<p>El Proyecto propuesto significa un esfuerzo de ingenier\u00eda asociado a un salto tecnol\u00f3gico para la Provincia en beneficio de la poblaci\u00f3n y el medioambiente. En la primera etapa demandar\u00e1 una subvenci\u00f3n de $ 6.106.741 y aportes por $ 4.165.888 de los beneficiarios, lo que alcanza una financiaci\u00f3n total $ 10.272.629. Se estima un plazo de 36 meses para el proyecto.<\/p>\n<h3>Redes El\u00e9ctricas Inteligentes<\/h3>\n<p>Las redes el\u00e9ctricas inteligentes abarcan desde la generaci\u00f3n distribuida, hasta la gesti\u00f3n de la demanda, la aplicaci\u00f3n de las mismas se ejecuta mediante la implantaci\u00f3n de contadores inteligentes, transformadores de baja p\u00e9rdida y mejoramiento de la eficiencia de las redes el\u00e9ctricas.<\/p>\n<p>Esto se plasma dentro de la Ley provincial N\u00ba 7824 de \u201cBalance Neto de Energ\u00eda El\u00e9ctrica\u201d, recientemente sancionada y reglamentada.<\/p>\n<p>Las redes inteligentes impactar\u00e1n en la calidad de servicio y la calidad de producto, se aumenta la fiabilidad de la red mediante el control directo de carga, tecnol\u00f3gicos (Generaci\u00f3n distribuida, almacenamiento de energ\u00eda, etc), y tendr\u00e1n un impacto econ\u00f3mico ya que posibilitar\u00e1 usar adecuadamente los recursos no renovables e incluir el uso de recursos renovables.<\/p>\n<h3>Aplicaci\u00f3n<\/h3>\n<p>En una primera etapa la implementaci\u00f3n de la red el\u00e9ctrica inteligente se realizar\u00e1 en un barrio de la ciudad de Salta capital, (Barrio Grand Bourg). El proyecto abarcar\u00e1 la zona principal de dicho barrio alcanzando a 1.800 clientes de EDESA.<\/p>\n<p>Para su ejecuci\u00f3n est\u00e1 previsto el reemplazo de 15 transformadores de distribuci\u00f3n convencionales por transformadores de bajas p\u00e9rdidas. Se prev\u00e9 acondicionar la red para transmitir electricidad e informaci\u00f3n. Incorporar usuarios en la modalidad de balance neto y estaciones de carga para veh\u00edculos el\u00e9ctricos.<\/p>\n<p>Por otra parte se pretende lograr educar a los consumidores para que adopten las nuevas tecnolog\u00edas y beneficios que implican las redes inteligentes.<\/p>\n<p>Adicionalmente se equipar\u00e1 el laboratorio de la Facultad de Ingenier\u00eda de la UCASal, para lograr hacer frente a los desaf\u00edos que implican estas nuevas tecnolog\u00edas.<\/p>\n<h3>Instituciones que participan<\/h3>\n<p>Al proyecto lo integran la Secretar\u00eda de Energ\u00eda del Ministerio de Ambiente y Producci\u00f3n Sustentable de la Provincia de Salta, La Universidad Cat\u00f3lica de Salta y La Empresa Distribuidora de Electricidad de Salta (EDESA) Sociedad An\u00f3nima, que conforman un Consorcio Asociativo P\u00fablico Privado (CAPP) seg\u00fan lo establece las bases de la convocatoria.<\/p>\n<h6>Fuente: La Hora de Salta<\/h6>\n","protected":false},"excerpt":{"rendered":"<p>Hoy se firmar\u00e1 un contrato para poner en marcha el proyecto de uso racional y eficiente de la energ\u00eda (UREE) que posibilitar\u00e1 usar adecuadamente los recursos no renovables e incluir el uso de recursos renovables. La firma se concretar\u00e1 a las 14 en las oficinas de EDESA, pasaje Zorrilla N\u00ba 29. El Gobierno implementar\u00e1 Redes<\/p>\n","protected":false},"author":2,"featured_media":21547,"comment_status":"closed","ping_status":"closed","sticky":false,"template":"","format":"standard","meta":{"footnotes":""},"categories":[2],"tags":[9],"class_list":["post-21546","post","type-post","status-publish","format-standard","has-post-thumbnail","hentry","category-informe-municipal","tag-salta"],"_links":{"self":[{"href":"http:\/\/argentinamunicipal.com.ar\/argentina\/wp-json\/wp\/v2\/posts\/21546","targetHints":{"allow":["GET"]}}],"collection":[{"href":"http:\/\/argentinamunicipal.com.ar\/argentina\/wp-json\/wp\/v2\/posts"}],"about":[{"href":"http:\/\/argentinamunicipal.com.ar\/argentina\/wp-json\/wp\/v2\/types\/post"}],"author":[{"embeddable":true,"href":"http:\/\/argentinamunicipal.com.ar\/argentina\/wp-json\/wp\/v2\/users\/2"}],"replies":[{"embeddable":true,"href":"http:\/\/argentinamunicipal.com.ar\/argentina\/wp-json\/wp\/v2\/comments?post=21546"}],"version-history":[{"count":0,"href":"http:\/\/argentinamunicipal.com.ar\/argentina\/wp-json\/wp\/v2\/posts\/21546\/revisions"}],"wp:featuredmedia":[{"embeddable":true,"href":"http:\/\/argentinamunicipal.com.ar\/argentina\/wp-json\/wp\/v2\/media\/21547"}],"wp:attachment":[{"href":"http:\/\/argentinamunicipal.com.ar\/argentina\/wp-json\/wp\/v2\/media?parent=21546"}],"wp:term":[{"taxonomy":"category","embeddable":true,"href":"http:\/\/argentinamunicipal.com.ar\/argentina\/wp-json\/wp\/v2\/categories?post=21546"},{"taxonomy":"post_tag","embeddable":true,"href":"http:\/\/argentinamunicipal.com.ar\/argentina\/wp-json\/wp\/v2\/tags?post=21546"}],"curies":[{"name":"wp","href":"https:\/\/api.w.org\/{rel}","templated":true}]}}