{"id":21549,"date":"2014-12-20T11:46:14","date_gmt":"2014-12-20T14:46:14","guid":{"rendered":"http:\/\/argentinamunicipal.com.ar\/argentina\/?p=21549"},"modified":"2014-12-20T11:46:14","modified_gmt":"2014-12-20T14:46:14","slug":"el-2015-comenzara-en-santa-fe-con-subas-de-un-30-en-tributos-municipales","status":"publish","type":"post","link":"http:\/\/argentinamunicipal.com.ar\/argentina\/el-2015-comenzara-en-santa-fe-con-subas-de-un-30-en-tributos-municipales\/","title":{"rendered":"El 2015 comenzar\u00e1 en Santa Fe con subas de un 30% en tributos municipales"},"content":{"rendered":"<p><a href=\"http:\/\/argentinamunicipal.com.ar\/argentina\/wp-content\/uploads\/2014\/12\/impuestos21.jpg\"><img loading=\"lazy\" decoding=\"async\" class=\"aligncenter  wp-image-21550\" src=\"http:\/\/argentinamunicipal.com.ar\/argentina\/wp-content\/uploads\/2014\/12\/impuestos21.jpg\" alt=\"impuestos2\" width=\"546\" height=\"366\" srcset=\"http:\/\/argentinamunicipal.com.ar\/argentina\/wp-content\/uploads\/2014\/12\/impuestos21.jpg 1536w, http:\/\/argentinamunicipal.com.ar\/argentina\/wp-content\/uploads\/2014\/12\/impuestos21-300x200.jpg 300w, http:\/\/argentinamunicipal.com.ar\/argentina\/wp-content\/uploads\/2014\/12\/impuestos21-1024x686.jpg 1024w\" sizes=\"auto, (max-width: 546px) 100vw, 546px\" \/><\/a><br \/>\nEs un porcentaje de aumento promedio. Afecta al Derecho de Registro e Inspecci\u00f3n, de Cemen-terio y de Espect\u00e1culos P\u00fablicos, entre otros. En TGI, s\u00f3lo algunos padrones tendr\u00e1n aumentos.<\/p>\n<p>A votaci\u00f3n dividida (siete votos a favor del oficialismo y siete en contra de la oposici\u00f3n) pero con el desempate por la positiva del presidente del Concejo, Leonardo Simoniello, el Deliberativo aprob\u00f3 una ordenanza que establece una \u201cactualizaci\u00f3n\u201d de los montos vigentes en la Ordenanza Impositiva Municipal, que implicar\u00e1 subas desde un 30% -c\u00e1lculo promedio pues en algunos rubros es variable- en tasas administrativas, Derecho de Registro e Inspecci\u00f3n (Drei), Derechos de Cementerio, de Espect\u00e1culos p\u00fablicos y de Publicidad y Propaganda, entre otros.<\/p>\n<p>Cabe recordar que a fines de 2012 se hab\u00edan aprobado actualizaciones a esta norma, que comenzaron a regir en 2013. Hubo aumentos de un 25% en los m\u00ednimos de Drei y servicios municipales, derechos de espect\u00e1culos p\u00fablicos, etc. En aquella ocasi\u00f3n, la sanci\u00f3n fue posible s\u00f3lo con los votos oficialistas.<\/p>\n<p>Tambi\u00e9n, en 2013, el oficialismo se hab\u00eda impuesto para aprobar la creaci\u00f3n de una nueva tasa vial para mejoramiento de calles \u2014gravamen por operaciones de ventas, patentamientos y transferencias de veh\u00edculos\u2014, subas en el Seom y en tasas administrativas. Comenzaron a regir en enero de este a\u00f1o. Y en septiembre de este a\u00f1o, subieron un 30% los valores de las multas ya que el Ejecutivo autoriz\u00f3 el aumento de la Unidad fija (UF) a $ 11,267. Los nuevos aumentos entrar\u00e1n en vigencia con el comienzo de 2015.<\/p>\n<h3>Drei<\/h3>\n<p>Respecto del Drei, los aumentos son del 30% promedio: por ejemplo, el tributo a pagar por el comercio minorista de art\u00edculos medicinales de aplicaci\u00f3n humana ser\u00e1 de tres por mil (sobre la facturaci\u00f3n mensual); para industrias, empresas de construcci\u00f3n de obras p\u00fablicas o privadas, cinco por mil; para empresas de radiofon\u00eda y televisi\u00f3n que perciban ingresos de sus receptores; seis por mil para servicios de confiter\u00edas bailables y similares, y las actividades comerciales y de servicios.<\/p>\n<p>Para la venta de armas y municiones, repuestos y dem\u00e1s materiales controlados, el tributo en concepto de Drei ser\u00e1 de nueve por mil (siempre sobre la facturaci\u00f3n mensual); para actividades gastron\u00f3micas, diez por mil; para establecimientos de comercializaci\u00f3n minorista de productos comestibles y bebidas o art\u00edculos de bazar, del hogar o indumentaria, quince por mil; para explotaci\u00f3n de casinos y bingos, sesenta y tres por mil.<\/p>\n<p>Respecto del Derecho de Cementerio, en inhumaciones se deber\u00e1 abonar ahora -por cad\u00e1ver, restos o cenizas destinados a panteones familiares o sociales, mausoleos, b\u00f3vedas o cementerios privados- 250 pesos; y por cad\u00e1ver destinados a sala de protocolo, 150 pesos. Por Derechos inherentes a la utilizaci\u00f3n del Horno Crematorio del Cementerio Municipal se abonar\u00e1, por adelantado, mil pesos por cremaci\u00f3n, entre otros aumentos.<\/p>\n<p>En lo que refiere al Derecho de Espect\u00e1culos P\u00fablicos, confiter\u00edas bailables y similares, por cada reuni\u00f3n autorizada de lunes a jueves se deber\u00e1 abonar en concepto de Drei 425 pesos de tributo; de viernes a domingo, 850 pesos. Los espect\u00e1culos circenses tienen tambi\u00e9n distintos montos actualizados, dependiendo del d\u00eda y de las capacidad de gente o localidades disponibles.<\/p>\n<h3>TGI<\/h3>\n<p>Seg\u00fan la nueva norma aprobada, la TGI se seguir\u00e1 liquidando anualmente en doce cuotas mensuales, equivalentes cada una de ellas al 0,625 por mil del Aval\u00fao Fiscal Municipal. Su emisi\u00f3n sigue siendo trimestral.<\/p>\n<p>El valor aplicable al metro cuadrado del terreno por zona inmobiliaria (ZI) se establece conforme a las distintas \u00e1reas de la ciudad, que son 43. En cada una, el valor econ\u00f3mico del metro cuadrado va hasta los 7.150 pesos (que ser\u00eda la zona m\u00e1s cara y donde la TGI es la m\u00e1s elevada).<\/p>\n<p>El valor consignado en la emisi\u00f3n trimestral no podr\u00e1 significar un incremento superior al 8%. Ese tope se mantiene.<\/p>\n<p>Fuentes municipales consultadas indicaron que la C\u00e1mara de la Construcci\u00f3n estipula los valores del metro cuadrado construido, en base a los aumentos por la inflaci\u00f3n. La mayor\u00eda de los padrones de boletas -que son unas 130 mil en total la ciudad- no sufrir\u00e1 aumentos; pero otros que estaban desfasados s\u00ed. No habr\u00e1 un aumento generalizado de la TGI.<\/p>\n<p>Seg\u00fan la lectura del edil Ignacio Mart\u00ednez Kerz (bloque PJ), \u201csi bien el m\u00e9todo de c\u00e1lculo (de la TGI) no sufre modificaci\u00f3n, s\u00ed se afecta la base del mismo (el valor del metro cuadrado construido). Se ha buscado continuar incrementando el valor de la tasa en un 8 % trimestral. Esto es sin lugar a dudas una manera encubierta de aumento de la tasa\u201d, fustigo Mart\u00ednez Kerz en el recinto.<\/p>\n<p>Tambi\u00e9n se aprobaron aumentos en las tasas municipales, por ejemplo para tr\u00e1mites de altas de veh\u00edculos y motos 0 km., entre muchos otros. La solicitud de la licencia de conducir ahora pasar\u00e1 a costar 215 pesos, y la solicitud de licencia de conducir en mayores de 65 a\u00f1os, 105 pesos.<\/p>\n<p>\u00abSi bien el m\u00e9todo de c\u00e1lculo (de la TGI) no sufre modificaci\u00f3n, s\u00ed se afecta la base del mismo (el valor del metro cuadrado construido). Se ha buscado continuar incrementando el valor de la tasa en un 8% trimestral. Esto es sin lugar a dudas una manera encubierta de aumento de la tasa\u201d. \u00a0Ignacio Mart\u00ednez Kerz, concejal bloque PJ<\/p>\n<p><strong>Mi Tierra, Mi Casa: m\u00e1s lotes para Procrear<\/strong><\/p>\n<p>El Concejo aprob\u00f3 el mensaje N\u00ba 50\/14, remitido desde el Ejecutivo, que establece que nuevos terrenos del loteo Mi Tierra, Mi Casa ser\u00e1n destinados a beneficiarios del plan Procrear.<\/p>\n<p>Se trata de suelo urbano vacante que, una vez subdividido, loteado y provisto de la correspondientes obras de infraestructura, permitir\u00e1 que m\u00e1s vecinos de la ciudad puedan acceder a suelo urbanizado.<\/p>\n<p>Por otra parte, se consider\u00f3 que los recursos provenientes de la venta de los inmuebles, resultantes del proceso de urbanizaci\u00f3n, puedan ser reinvertidos en materia de h\u00e1bitat. Por tal motivo, ser\u00e1n destinados al patrimonio de la Agencia Santa Fe H\u00e1bitat.<\/p>\n<p>Durante la sesi\u00f3n, la concejala Vanesa Oddi (FPCyS-PS) fue la encargada de argumentar sobre el tema: \u201cLa problem\u00e1tica del acceso al suelo debe asumirse por parte del Estado como un tema prioritario. Por esto la coordinaci\u00f3n y el trabajo en conjunto de las diferentes esferas estatales, tanto nacional, provincial, como municipal, tienen que favorecer procesos donde los objetivos tengan que ver con el cumplimiento de derechos b\u00e1sicos, como en este caso, la posibilidad de una vivienda digna\u201d.<\/p>\n<p>Juan Jos\u00e9 Saleme (del bloque justicialista) se sum\u00f3 al afirmar que \u201cel acceso a la vivienda digna con servicios sigue siendo un problema muy presente para los vecinos\u201d<\/p>\n<h6>Fuente: El Litoral, Santa Fe<\/h6>\n","protected":false},"excerpt":{"rendered":"<p>Es un porcentaje de aumento promedio. Afecta al Derecho de Registro e Inspecci\u00f3n, de Cemen-terio y de Espect\u00e1culos P\u00fablicos, entre otros. En TGI, s\u00f3lo algunos padrones tendr\u00e1n aumentos. A votaci\u00f3n dividida (siete votos a favor del oficialismo y siete en contra de la oposici\u00f3n) pero con el desempate por la positiva del presidente del Concejo,<\/p>\n","protected":false},"author":2,"featured_media":21550,"comment_status":"closed","ping_status":"closed","sticky":false,"template":"","format":"standard","meta":{"footnotes":""},"categories":[5],"tags":[10],"class_list":["post-21549","post","type-post","status-publish","format-standard","has-post-thumbnail","hentry","category-informe-economico","tag-santa-fe"],"_links":{"self":[{"href":"http:\/\/argentinamunicipal.com.ar\/argentina\/wp-json\/wp\/v2\/posts\/21549","targetHints":{"allow":["GET"]}}],"collection":[{"href":"http:\/\/argentinamunicipal.com.ar\/argentina\/wp-json\/wp\/v2\/posts"}],"about":[{"href":"http:\/\/argentinamunicipal.com.ar\/argentina\/wp-json\/wp\/v2\/types\/post"}],"author":[{"embeddable":true,"href":"http:\/\/argentinamunicipal.com.ar\/argentina\/wp-json\/wp\/v2\/users\/2"}],"replies":[{"embeddable":true,"href":"http:\/\/argentinamunicipal.com.ar\/argentina\/wp-json\/wp\/v2\/comments?post=21549"}],"version-history":[{"count":0,"href":"http:\/\/argentinamunicipal.com.ar\/argentina\/wp-json\/wp\/v2\/posts\/21549\/revisions"}],"wp:featuredmedia":[{"embeddable":true,"href":"http:\/\/argentinamunicipal.com.ar\/argentina\/wp-json\/wp\/v2\/media\/21550"}],"wp:attachment":[{"href":"http:\/\/argentinamunicipal.com.ar\/argentina\/wp-json\/wp\/v2\/media?parent=21549"}],"wp:term":[{"taxonomy":"category","embeddable":true,"href":"http:\/\/argentinamunicipal.com.ar\/argentina\/wp-json\/wp\/v2\/categories?post=21549"},{"taxonomy":"post_tag","embeddable":true,"href":"http:\/\/argentinamunicipal.com.ar\/argentina\/wp-json\/wp\/v2\/tags?post=21549"}],"curies":[{"name":"wp","href":"https:\/\/api.w.org\/{rel}","templated":true}]}}