{"id":21552,"date":"2014-12-20T11:49:51","date_gmt":"2014-12-20T14:49:51","guid":{"rendered":"http:\/\/argentinamunicipal.com.ar\/argentina\/?p=21552"},"modified":"2014-12-20T11:49:51","modified_gmt":"2014-12-20T14:49:51","slug":"cuatro-distritos-desdoblan-sus-elecciones-de-las-nacionales","status":"publish","type":"post","link":"http:\/\/argentinamunicipal.com.ar\/argentina\/cuatro-distritos-desdoblan-sus-elecciones-de-las-nacionales\/","title":{"rendered":"Cuatro distritos desdoblan sus elecciones de las nacionales"},"content":{"rendered":"<p><a href=\"http:\/\/argentinamunicipal.com.ar\/argentina\/wp-content\/uploads\/2014\/12\/elecciones020914.jpg\"><img loading=\"lazy\" decoding=\"async\" class=\"alignleft size-full wp-image-21553\" src=\"http:\/\/argentinamunicipal.com.ar\/argentina\/wp-content\/uploads\/2014\/12\/elecciones020914.jpg\" alt=\"elecciones020914\" width=\"480\" height=\"320\" srcset=\"http:\/\/argentinamunicipal.com.ar\/argentina\/wp-content\/uploads\/2014\/12\/elecciones020914.jpg 480w, http:\/\/argentinamunicipal.com.ar\/argentina\/wp-content\/uploads\/2014\/12\/elecciones020914-300x200.jpg 300w\" sizes=\"auto, (max-width: 480px) 100vw, 480px\" \/><\/a>Se trata de la Ciudad de Buenos Aires y las provincias de Santa Fe, Chaco y Salta. As\u00ed se empieza a dibujar el cronograma electoral para el a\u00f1o pr\u00f3ximo.<\/p>\n<p>El gobierno porte\u00f1o, que encabeza Mauricio Macri, anunci\u00f3 que desdoblar\u00e1 las elecciones del a\u00f1o pr\u00f3ximo, y fij\u00f3 el 26 de abril para la realizaci\u00f3n de las primarias abiertas simult\u00e1neas obligatorias (PASO), el 5 de julio para la primera vuelta electoral y el 19 del mismo mes para una eventual segunda vuelta.<\/p>\n<p>De esta manera, el macrismo hizo un anuncio esperado ya que, por ley, las elecciones porte\u00f1as deben ser desdobladas de las nacionales.<br \/>\nEn los mismos comicios se renovar\u00e1 la mitad de la Legislatura porte\u00f1a, que cuenta con 60 bancas (de las cuales 28 corresponden en la actualidad al PRO, sin mayor\u00ed\u00ada propia), y la presentaci\u00f3n de las listas tanto para elegir a los legisladores como al jefe de Gobierno tiene como fecha l\u00ed\u00admite el 26 de febrero.<\/p>\n<p>Tambi\u00e9n el gobierno de Santa Fe de Antonio Bonfatti anunci\u00f3 el desdoblamiento de sus comicios provinciales y convoc\u00f3 las PASO para el 19 de abril y los comicios para el 14 de junio, seg\u00fan el decreto de convocatoria que se conoci\u00f3 d\u00edas atr\u00e1s.<\/p>\n<p>En esos comicios, se renovar\u00e1n todas las categor\u00edas electorales provinciales: el cargo de gobernador y vice; 50 diputados titulares y 10 suplentes; y 19 senadores.<\/p>\n<p>La provincia de Chaco, que gobierna Juan Carlos Bacileff, fue el primer distrito en anunciar el desdoblamiento: las primarias quedaron fijadas para el 8 de marzo y los comicios generales se realizar\u00e1n el 20 de septiembre, para elegir gobernador y vice, 16 diputados provinciales, intendentes y concejales.<\/p>\n<p>Luego se le sum\u00f3 Salta, donde el gobernador Juan Manuel Urtubey firm\u00f3 el decreto que establece el 12 de abril para la realizaci\u00f3n de las PASO y el 17 de mayo, para las elecciones generales.<\/p>\n<p>En esta elecci\u00f3n, los salte\u00f1os elegir\u00e1n gobernador y vice, cuatro diputados nacionales, 30 diputados provinciales (la mitad de la c\u00e1mara baja) y 11 senadores provinciales (la mitad de la c\u00e1mara alta).<\/p>\n<p>Otra provincia que podr\u00eda sumarse a las elecciones anticipadas es C\u00f3rdoba, donde el gobernador cordob\u00e9s Jos\u00e9 Manuel De la Sota, ya anunci\u00f3 que los comicios en la provincia podr\u00edan ser en \u201cagosto o septiembre\u201d aunque todav\u00eda no hizo oficiales los decretos de convocatoria.<\/p>\n<p>Tierra del Fuego tambi\u00e9n seguir\u00e1 ese rumbo ya que -al igual que Chaco y la ciudad de Buenos Aires- est\u00e1 establecido por ley que las elecciones provinciales no pueden realizarse en simult\u00e1neo con las nacionales.<\/p>\n<p>En el orden nacional, el cronograma electoral fija para el domingo 9 de agosto las PASO, por medio de las cuales se definen qu\u00e9 partidos pol\u00edticos quedan habilitados para presentarse en los comicios nacionales (deben obtener al menos el 1,5 por ciento de los votos) y c\u00f3mo quedan definidas las listas que presentar\u00e1 cada agrupaci\u00f3n.<\/p>\n<p>En tanto, los comicios nacionales se realizar\u00e1n el 25 de octubre y el 24 de noviembre, una eventual segunda vuelta, seg\u00fan el cronograma completo que puede consultarse en la p\u00e1gina web www.elecciones.gob.ar.<\/p>\n<p>Adem\u00e1s de presidente y vicepresidente para el per\u00edodo 2015-2019, los argentinos elegir\u00e1n 24 senadores y 130 diputados nacionales; y 43 representantes argentinos ante el Parlasur.<\/p>\n<p>Del total de los 24 senadores nacionales, se elegir\u00e1n tres a raz\u00f3n de cada una de estas provincias: Catamarca, C\u00f3rdoba, Corrientes, Chubut, La Pampa, Mendoza, Santa Fe, Tucum\u00e1n.<\/p>\n<p>En tanto, los 130 diputados nacionales se elegir\u00e1n en todas las provincias y en la Ciudad Aut\u00f3noma de Buenos Aires, seg\u00fan el siguiente detalle: 35 en la provincia de Buenos Aires, 12 en la ciudad, 10 en Santa Fe, 9 en C\u00f3rdoba, 5 en Tucum\u00e1n y Mendoza; 4 en Entre R\u00edos, Santiago del Estero, Corrientes, Misiones y Salta; 3 en Chaco, Formosa, Jujuy, La Rioja, San Juan, Chubut y Tierra del Fuego; y 2 en Catamarca, San Luis, La Pampa, Neuqu\u00e9n, R\u00edo Negro y Santa Cruz.<\/p>\n<h6>Fuente: El Zonda<\/h6>\n","protected":false},"excerpt":{"rendered":"<p>Se trata de la Ciudad de Buenos Aires y las provincias de Santa Fe, Chaco y Salta. As\u00ed se empieza a dibujar el cronograma electoral para el a\u00f1o pr\u00f3ximo. El gobierno porte\u00f1o, que encabeza Mauricio Macri, anunci\u00f3 que desdoblar\u00e1 las elecciones del a\u00f1o pr\u00f3ximo, y fij\u00f3 el 26 de abril para la realizaci\u00f3n de las<\/p>\n","protected":false},"author":2,"featured_media":21553,"comment_status":"closed","ping_status":"closed","sticky":false,"template":"","format":"standard","meta":{"footnotes":""},"categories":[4],"tags":[21],"class_list":["post-21552","post","type-post","status-publish","format-standard","has-post-thumbnail","hentry","category-informe-politico","tag-argentina"],"_links":{"self":[{"href":"http:\/\/argentinamunicipal.com.ar\/argentina\/wp-json\/wp\/v2\/posts\/21552","targetHints":{"allow":["GET"]}}],"collection":[{"href":"http:\/\/argentinamunicipal.com.ar\/argentina\/wp-json\/wp\/v2\/posts"}],"about":[{"href":"http:\/\/argentinamunicipal.com.ar\/argentina\/wp-json\/wp\/v2\/types\/post"}],"author":[{"embeddable":true,"href":"http:\/\/argentinamunicipal.com.ar\/argentina\/wp-json\/wp\/v2\/users\/2"}],"replies":[{"embeddable":true,"href":"http:\/\/argentinamunicipal.com.ar\/argentina\/wp-json\/wp\/v2\/comments?post=21552"}],"version-history":[{"count":0,"href":"http:\/\/argentinamunicipal.com.ar\/argentina\/wp-json\/wp\/v2\/posts\/21552\/revisions"}],"wp:featuredmedia":[{"embeddable":true,"href":"http:\/\/argentinamunicipal.com.ar\/argentina\/wp-json\/wp\/v2\/media\/21553"}],"wp:attachment":[{"href":"http:\/\/argentinamunicipal.com.ar\/argentina\/wp-json\/wp\/v2\/media?parent=21552"}],"wp:term":[{"taxonomy":"category","embeddable":true,"href":"http:\/\/argentinamunicipal.com.ar\/argentina\/wp-json\/wp\/v2\/categories?post=21552"},{"taxonomy":"post_tag","embeddable":true,"href":"http:\/\/argentinamunicipal.com.ar\/argentina\/wp-json\/wp\/v2\/tags?post=21552"}],"curies":[{"name":"wp","href":"https:\/\/api.w.org\/{rel}","templated":true}]}}