{"id":21555,"date":"2014-12-20T10:50:16","date_gmt":"2014-12-20T13:50:16","guid":{"rendered":"http:\/\/argentinamunicipal.com.ar\/argentina\/?p=21555"},"modified":"2014-12-20T11:53:38","modified_gmt":"2014-12-20T14:53:38","slug":"soemco-caleta-olivia-pidio-ministro-tomada-que-intervenga-en-conflicto-de-art","status":"publish","type":"post","link":"http:\/\/argentinamunicipal.com.ar\/argentina\/soemco-caleta-olivia-pidio-ministro-tomada-que-intervenga-en-conflicto-de-art\/","title":{"rendered":"SOEMCO Caleta Olivia pidi\u00f3 a ministro Tomada que intervenga en conflicto de ART"},"content":{"rendered":"<p><a href=\"http:\/\/argentinamunicipal.com.ar\/argentina\/wp-content\/uploads\/2014\/12\/IMG53055.jpg\"><img loading=\"lazy\" decoding=\"async\" class=\"alignleft size-full wp-image-21556\" src=\"http:\/\/argentinamunicipal.com.ar\/argentina\/wp-content\/uploads\/2014\/12\/IMG53055.jpg\" alt=\"IMG53055\" width=\"360\" height=\"240\" srcset=\"http:\/\/argentinamunicipal.com.ar\/argentina\/wp-content\/uploads\/2014\/12\/IMG53055.jpg 360w, http:\/\/argentinamunicipal.com.ar\/argentina\/wp-content\/uploads\/2014\/12\/IMG53055-300x200.jpg 300w\" sizes=\"auto, (max-width: 360px) 100vw, 360px\" \/><\/a>As\u00ed lo se\u00f1al\u00f3 el dirigente sindical Juli\u00e1n Carrizo en di\u00e1logo con este medio. Sostuvo que la medida de fuerza contin\u00faa y que las soluciones no llegan. Explic\u00f3 que sectores claves de servicio y el \u00e1rea de recaudaci\u00f3n trabajan para no provocar un grave impacto en la comuna, pero advirti\u00f3 que en el transcurso de estos d\u00edas podr\u00eda profundizarse la huelga.<\/p>\n<p>Los municipales de Caleta Olivia contin\u00faan en medidas de fuerza en reclamo al Ejecutivo Municipal para que contrate una ART de acuerdo a como lo establece la Ley 24.557 que versa sobre los riesgos de trabajo. Este conflicto ha superado a la huelga que se dio durante el primer semestre por la pauta salarial.<\/p>\n<p>El secretario general del Sindicato de Obreros y Empleados Municipales de Caleta Olivia (SOEMCO) Juli\u00e1n Carrizo, se\u00f1al\u00f3 a La Opini\u00f3n Austral que sectores claves de servicios a la comunidad se encuentran trabajando, al igual que el \u00e1rea de recaudaci\u00f3n, para no provocar un mayor perjuicio a la comuna. Explic\u00f3 que desde el pasado 10 de noviembre, tras el cumplimiento intercalado de medidas de fuerza, la huelga contin\u00faa sin interrupciones y detall\u00f3 que el acatamiento ronda el 50%.<\/p>\n<h3>Di\u00e1logo con Trabajo<\/h3>\n<p>Dio a conocer que ayer, el ministro de Trabajo de Naci\u00f3n (Carlos Tomada) lleg\u00f3 a Caleta Olivia para participar de la inauguraci\u00f3n de un edificio del Sindicato de Petroleros Privados.<\/p>\n<p>Carrizo aprovech\u00f3 la oportunidad y pidi\u00f3 al funcionario del Gobierno Nacional que intervenga en el conflicto, por su parte Tomada explic\u00f3 que debe interiorizarse sobre los detalles de esta disputa y se comprometi\u00f3 a hacer cumplir lo que manda la ley. \u201cEs importante esta conversaci\u00f3n de car\u00e1cter informal que tuvimos con el ministro de Trabajo, nosotros esperamos que pueda darnos una soluci\u00f3n\u201d, detall\u00f3 Carrizo.<\/p>\n<p>El dato no es menor, recordemos que no bien iniciado el conflicto tanto la Secretar\u00eda de Estado de Trabajo de la provincia de Santa Cruz como as\u00ed tambi\u00e9n el Ministerio de Trabajo de Naci\u00f3n mediaron en la disputa, pero a pesar de ello las partes no lograron ponerse de acuerdo.<\/p>\n<p>En di\u00e1logo con La Opini\u00f3n Austral, el dirigente sindical explic\u00f3 que transcurrido los meses \u201cel conflicto sigue de igual manera y sostenemos el mandato de la asamblea de exigir que el municipio d\u00e9 cobertura de una aseguradora de riesgo de trabajo a los municipales\u201d.<\/p>\n<p>Ratific\u00f3 que el punto de diferencia entre los asalariados y el Municipio contin\u00faa siendo la indemnizaci\u00f3n. \u201cLa prestaci\u00f3n m\u00e9dica est\u00e1 cubierta entre el ISPRO y la cl\u00ednica Meprisa, pero hay dificultades en cuanto al protocolo a aplicar en caso de un accidente de trabajo y el pago de la indemnizaci\u00f3n\u201d.<\/p>\n<p>Este \u00faltimo punto es el de mayor diferencia entre las partes y es lo que ha provocado esta extensa huelga del SOEMCO, en el transcurso del conflicto los municipales dialogaron con el Concejo Deliberante caletense para demostrar que el convenio que firm\u00f3 el Municipio de Caleta Olivia con el ISPRO y Meprisa \u201ces s\u00f3lo una cobertura m\u00e9dica, pero que ning\u00fan ente se hac\u00eda cargo de una posible indemnizaci\u00f3n que deba recibir un trabajador ante un accidente laboral\u201d.<\/p>\n<p>Sin embargo, Carrizo explic\u00f3 que el propio intendente C\u00f3rdoba hab\u00eda solicitado que para cubrir las indemnizaciones se descuente del dinero lo que percibe el municipio por coparticipaci\u00f3n, pero el Concejo Deliberante finalmente no aprob\u00f3 esa iniciativa y el acuerdo no se produjo.<\/p>\n<p>Recordemos que en ese contexto Maximiliano Carbonetti, representante de la gerenciadora R\u00edo Baradero, que tiene un convenio con el ISPRO, explic\u00f3 que llegaron a Caleta Olivia a mediados de noviembre para \u201cofrecer una propuesta de trabajo, que no satisfizo a las distintas partes\u201d y se\u00f1al\u00f3 que el conflicto se iba a frenar solamente bajo un acuerdo pol\u00edtico.<\/p>\n<p>Se\u00f1al\u00f3 que la gerenciadora ofreci\u00f3 hacerse \u201ccargo de lo que es accidentes, desde la recepci\u00f3n de la denuncia hasta las prestaciones m\u00e9dicas, farmacol\u00f3gicas, ortop\u00e9dicas, hasta el alta del paciente. Y, en caso de ser necesario, de hacer juntas m\u00e9dicas para determinar la discapacidad y que la Municipalidad se haga cargo de dicha discapacidad\u201d, hab\u00eda indicado Carbonetti.<\/p>\n<p>Finalmente, el secretario general del SOEMCO sostuvo que contin\u00faan aguardando por la resoluci\u00f3n del conflicto y que en caso de no producirse un desenlace prontamente, la huelga actual podr\u00eda endurecerse.<\/p>\n<h6>Fuente: La Opini\u00f3n Austral<\/h6>\n","protected":false},"excerpt":{"rendered":"<p>As\u00ed lo se\u00f1al\u00f3 el dirigente sindical Juli\u00e1n Carrizo en di\u00e1logo con este medio. Sostuvo que la medida de fuerza contin\u00faa y que las soluciones no llegan. Explic\u00f3 que sectores claves de servicio y el \u00e1rea de recaudaci\u00f3n trabajan para no provocar un grave impacto en la comuna, pero advirti\u00f3 que en el transcurso de estos<\/p>\n","protected":false},"author":2,"featured_media":21556,"comment_status":"closed","ping_status":"closed","sticky":false,"template":"","format":"standard","meta":{"footnotes":""},"categories":[7],"tags":[29],"class_list":["post-21555","post","type-post","status-publish","format-standard","has-post-thumbnail","hentry","category-informe-sindical","tag-santa-cruz"],"_links":{"self":[{"href":"http:\/\/argentinamunicipal.com.ar\/argentina\/wp-json\/wp\/v2\/posts\/21555","targetHints":{"allow":["GET"]}}],"collection":[{"href":"http:\/\/argentinamunicipal.com.ar\/argentina\/wp-json\/wp\/v2\/posts"}],"about":[{"href":"http:\/\/argentinamunicipal.com.ar\/argentina\/wp-json\/wp\/v2\/types\/post"}],"author":[{"embeddable":true,"href":"http:\/\/argentinamunicipal.com.ar\/argentina\/wp-json\/wp\/v2\/users\/2"}],"replies":[{"embeddable":true,"href":"http:\/\/argentinamunicipal.com.ar\/argentina\/wp-json\/wp\/v2\/comments?post=21555"}],"version-history":[{"count":0,"href":"http:\/\/argentinamunicipal.com.ar\/argentina\/wp-json\/wp\/v2\/posts\/21555\/revisions"}],"wp:featuredmedia":[{"embeddable":true,"href":"http:\/\/argentinamunicipal.com.ar\/argentina\/wp-json\/wp\/v2\/media\/21556"}],"wp:attachment":[{"href":"http:\/\/argentinamunicipal.com.ar\/argentina\/wp-json\/wp\/v2\/media?parent=21555"}],"wp:term":[{"taxonomy":"category","embeddable":true,"href":"http:\/\/argentinamunicipal.com.ar\/argentina\/wp-json\/wp\/v2\/categories?post=21555"},{"taxonomy":"post_tag","embeddable":true,"href":"http:\/\/argentinamunicipal.com.ar\/argentina\/wp-json\/wp\/v2\/tags?post=21555"}],"curies":[{"name":"wp","href":"https:\/\/api.w.org\/{rel}","templated":true}]}}