{"id":21558,"date":"2014-12-20T11:58:21","date_gmt":"2014-12-20T14:58:21","guid":{"rendered":"http:\/\/argentinamunicipal.com.ar\/argentina\/?p=21558"},"modified":"2014-12-20T11:58:21","modified_gmt":"2014-12-20T14:58:21","slug":"unir-la-banda-con-las-localidades-del-sur-del-departamento-capital-sera-una-cuestion-de-minutos","status":"publish","type":"post","link":"http:\/\/argentinamunicipal.com.ar\/argentina\/unir-la-banda-con-las-localidades-del-sur-del-departamento-capital-sera-una-cuestion-de-minutos\/","title":{"rendered":"Unir La Banda con las localidades del sur del departamento Capital ser\u00e1 una cuesti\u00f3n de minutos"},"content":{"rendered":"<p><a href=\"http:\/\/argentinamunicipal.com.ar\/argentina\/wp-content\/uploads\/2014\/12\/tn_Puente-Carretero-Santiago-del-Estero.jpg\"><img loading=\"lazy\" decoding=\"async\" class=\"aligncenter  wp-image-21559\" src=\"http:\/\/argentinamunicipal.com.ar\/argentina\/wp-content\/uploads\/2014\/12\/tn_Puente-Carretero-Santiago-del-Estero.jpg\" alt=\"tn_Puente Carretero, Santiago del Estero\" width=\"699\" height=\"173\" srcset=\"http:\/\/argentinamunicipal.com.ar\/argentina\/wp-content\/uploads\/2014\/12\/tn_Puente-Carretero-Santiago-del-Estero.jpg 970w, http:\/\/argentinamunicipal.com.ar\/argentina\/wp-content\/uploads\/2014\/12\/tn_Puente-Carretero-Santiago-del-Estero-300x74.jpg 300w\" sizes=\"auto, (max-width: 699px) 100vw, 699px\" \/><\/a><\/p>\n<p>Otros de los proyectos que el Gobierno provincial llam\u00f3 a licitaci\u00f3n (aprobado por Decreto N\u00ba 3.059\/14) es la obra de enlace de la Avenida Lugones con la ruta nacional 9 y pavimentaci\u00f3n de caminos en Puestito de San Antonio y Estaci\u00f3n Zanj\u00f3n.<\/p>\n<p>Esto implica la prolongaci\u00f3n de una v\u00eda r\u00e1pida que permitir\u00e1 unir en cuesti\u00f3n de minutos la ciudad de La Banda desde el Puente Carretero, con localidades del sur del Departamento Capital como Puestito de San Antonio y El Zanj\u00f3n.<\/p>\n<p>El presupuesto oficial es de casi $ 40 millones y el plazo de ejecuci\u00f3n es de 360 d\u00edas corridos desde el inicio de los trabajos. La apertura de sobres con las ofertas se producir\u00e1 el 13 de enero en la sede del Consejo Provincial de Vialidad (CPV).<\/p>\n<h3>Crecimiento<\/h3>\n<p>Fuentes vinculadas con el proyecto, precisaron que se prolongar\u00e1 la avenida en los barrios del sur capitalino (sector Campo Contreras) con un boulevard y doble calzada hasta donde est\u00e1 el canal de evacuaci\u00f3n fluvial.<\/p>\n<p>Esto es en el l\u00edmite del ejido de la ciudad capital con Puestito de San Antonio, la zona rural del Departamento Capital.<\/p>\n<p>De all\u00ed, continuar\u00e1 con un camino pavimentado de una sola calzada de doble mano, siguiendo la traza del ex ferrocarril Belgrano.<\/p>\n<p>Esta obra tendr\u00e1 luego dos salidas hacia la ruta nacional 9: la primera desde Puestito de San Antonio hasta Ayuch; y la segunda desde la vieja estaci\u00f3n en El Zanj\u00f3n (cuatro kil\u00f3metros m\u00e1s al sur), hasta el ingreso principal a esta localidad que al igual que la primera, est\u00e1 densamente poblada, con sectores de quintas residenciales.<\/p>\n<p>Las fuentes acotaron que ya est\u00e1n hechos los accesos por parte de la DNV en ambos puntos de la ruta nacional 9 para conectar con los caminos que ahora ser\u00e1n pavimentados.<\/p>\n<h6>Fuente: El Liberal<\/h6>\n","protected":false},"excerpt":{"rendered":"<p>Otros de los proyectos que el Gobierno provincial llam\u00f3 a licitaci\u00f3n (aprobado por Decreto N\u00ba 3.059\/14) es la obra de enlace de la Avenida Lugones con la ruta nacional 9 y pavimentaci\u00f3n de caminos en Puestito de San Antonio y Estaci\u00f3n Zanj\u00f3n. Esto implica la prolongaci\u00f3n de una v\u00eda r\u00e1pida que permitir\u00e1 unir en cuesti\u00f3n<\/p>\n","protected":false},"author":2,"featured_media":21559,"comment_status":"closed","ping_status":"closed","sticky":false,"template":"","format":"standard","meta":{"footnotes":""},"categories":[2],"tags":[37],"class_list":["post-21558","post","type-post","status-publish","format-standard","has-post-thumbnail","hentry","category-informe-municipal","tag-santiago-del-estero"],"_links":{"self":[{"href":"http:\/\/argentinamunicipal.com.ar\/argentina\/wp-json\/wp\/v2\/posts\/21558","targetHints":{"allow":["GET"]}}],"collection":[{"href":"http:\/\/argentinamunicipal.com.ar\/argentina\/wp-json\/wp\/v2\/posts"}],"about":[{"href":"http:\/\/argentinamunicipal.com.ar\/argentina\/wp-json\/wp\/v2\/types\/post"}],"author":[{"embeddable":true,"href":"http:\/\/argentinamunicipal.com.ar\/argentina\/wp-json\/wp\/v2\/users\/2"}],"replies":[{"embeddable":true,"href":"http:\/\/argentinamunicipal.com.ar\/argentina\/wp-json\/wp\/v2\/comments?post=21558"}],"version-history":[{"count":0,"href":"http:\/\/argentinamunicipal.com.ar\/argentina\/wp-json\/wp\/v2\/posts\/21558\/revisions"}],"wp:featuredmedia":[{"embeddable":true,"href":"http:\/\/argentinamunicipal.com.ar\/argentina\/wp-json\/wp\/v2\/media\/21559"}],"wp:attachment":[{"href":"http:\/\/argentinamunicipal.com.ar\/argentina\/wp-json\/wp\/v2\/media?parent=21558"}],"wp:term":[{"taxonomy":"category","embeddable":true,"href":"http:\/\/argentinamunicipal.com.ar\/argentina\/wp-json\/wp\/v2\/categories?post=21558"},{"taxonomy":"post_tag","embeddable":true,"href":"http:\/\/argentinamunicipal.com.ar\/argentina\/wp-json\/wp\/v2\/tags?post=21558"}],"curies":[{"name":"wp","href":"https:\/\/api.w.org\/{rel}","templated":true}]}}