{"id":21561,"date":"2014-12-20T12:02:07","date_gmt":"2014-12-20T15:02:07","guid":{"rendered":"http:\/\/argentinamunicipal.com.ar\/argentina\/?p=21561"},"modified":"2014-12-20T12:02:07","modified_gmt":"2014-12-20T15:02:07","slug":"en-los-ultimos-7-anos-regresaron-al-pais-1130-cientificos","status":"publish","type":"post","link":"http:\/\/argentinamunicipal.com.ar\/argentina\/en-los-ultimos-7-anos-regresaron-al-pais-1130-cientificos\/","title":{"rendered":"En los \u00faltimos 7 a\u00f1os regresaron al pa\u00eds 1130 cient\u00edficos"},"content":{"rendered":"<p><a href=\"http:\/\/argentinamunicipal.com.ar\/argentina\/wp-content\/uploads\/2014\/12\/unamcancercervico2.jpg\"><img loading=\"lazy\" decoding=\"async\" class=\"aligncenter  wp-image-21562\" src=\"http:\/\/argentinamunicipal.com.ar\/argentina\/wp-content\/uploads\/2014\/12\/unamcancercervico2.jpg\" alt=\"unamcancercervico2\" width=\"639\" height=\"425\" srcset=\"http:\/\/argentinamunicipal.com.ar\/argentina\/wp-content\/uploads\/2014\/12\/unamcancercervico2.jpg 1181w, http:\/\/argentinamunicipal.com.ar\/argentina\/wp-content\/uploads\/2014\/12\/unamcancercervico2-300x199.jpg 300w, http:\/\/argentinamunicipal.com.ar\/argentina\/wp-content\/uploads\/2014\/12\/unamcancercervico2-1024x680.jpg 1024w\" sizes=\"auto, (max-width: 639px) 100vw, 639px\" \/><\/a><br \/>\nEsa es la cifra de profesionales de los diversos campos de la ciencia y la investigaci\u00f3n que, a trev\u00e9s del programa Ra\u00edces, fueron repatriados y actualmente trabajan en el sistema cient\u00edfico nacional.<\/p>\n<p>En el per\u00edodo de siete a\u00f1os, desde la creaci\u00f3n del Ministerio al asumir la presidenta Cristina Fern\u00e1ndez de Kirchner, en 2007, fueron repatriados 1.130 cient\u00edficos a trav\u00e9s del programa Ra\u00edces y se logr\u00f3 un notable incremento en infraestructuras: 190 mil metros cuadrados construidos. El presupuesto proyectado para 2015 es de 7.100 millones de pesos, a los que se suman 780 millones de financiamiento externo.<\/p>\n<p>El plan de obras para el sistema cient\u00edfico nacional logr\u00f3, con unos mil millones de pesos, la construcci\u00f3n de 190 mil metros cuadrados de infraestructuras en todo el pa\u00eds, que reportaron en 2003 un d\u00e9ficit de 120 mil metros cuadrados, seg\u00fan un relevamiento hecho por el Consejo Nacional de Investigaciones Cient\u00edficas y T\u00e9cnicas-Conicet a pedido del ex presidente N\u00e9stor Kirchner.<\/p>\n<p>El presupuesto proyectado para 2015 es de 7.100 millones de pesos, a los que se suman 780 millones de financiamiento externo.<br \/>\nEn 2008, el sueldo promedio de los investigadores era de 5.600 pesos; en la actualidad es de 22.000. Entre los becarios, el incremento fue de 3.000 a 10.000. En materia de integraci\u00f3n, el Ministerio estableci\u00f3 cooperaci\u00f3n bilateral con 70 pa\u00edses, con m\u00e1s de 1.100 proyectos de investigaci\u00f3n conjunta concretados.<\/p>\n<p>A trav\u00e9s del Consejo Federal de Ciencia y Tecnolog\u00eda (Cofecyt) fueron adjudicados 385 millones de pesos para m\u00e1s de 200 proyectos ejecutados y m\u00e1s de 1.100 en ejecuci\u00f3n.<\/p>\n<p>Las 12 ediciones de la \u00abSemana de la Ciencia\u00bb alcanzaron a 760 mil personas a trav\u00e9s de 11.600 actividades en todo el pa\u00eds, y los 60 espacios del Ministerio en la mega feria de ciencia, tecnolog\u00eda y arte de Tecn\u00f3polis fueron recorridos por las cuatro millones y medio de personas que visitaron el predio de Villa Martelli.<\/p>\n<p>Las 10 ediciones del concurso de inventos e innovaciones (Innovar) promovi\u00f3 m\u00e1s de 21.300 proyectos y fue puesto en el aire el primer canal de ciento por ciento de contenido cient\u00edfico: Tec Tv.<\/p>\n<p>A trav\u00e9s de cuatro fondos espec\u00edficos, la Agencia Nacional de Promoci\u00f3n Cient\u00edfica y Tecnol\u00f3gica destin\u00f3 m\u00e1s de 6.500 millones de pesos en el per\u00edodo de siete a\u00f1os a unos 15 mil proyectos de investigaci\u00f3n orientados a mejorar los sistemas productivos nacionales.<\/p>\n<h6>Fuente: Tucum\u00e1n Hoy<\/h6>\n","protected":false},"excerpt":{"rendered":"<p>Esa es la cifra de profesionales de los diversos campos de la ciencia y la investigaci\u00f3n que, a trev\u00e9s del programa Ra\u00edces, fueron repatriados y actualmente trabajan en el sistema cient\u00edfico nacional. En el per\u00edodo de siete a\u00f1os, desde la creaci\u00f3n del Ministerio al asumir la presidenta Cristina Fern\u00e1ndez de Kirchner, en 2007, fueron repatriados<\/p>\n","protected":false},"author":2,"featured_media":21562,"comment_status":"closed","ping_status":"closed","sticky":false,"template":"","format":"standard","meta":{"footnotes":""},"categories":[8],"tags":[21],"class_list":["post-21561","post","type-post","status-publish","format-standard","has-post-thumbnail","hentry","category-informe-nacional","tag-argentina"],"_links":{"self":[{"href":"http:\/\/argentinamunicipal.com.ar\/argentina\/wp-json\/wp\/v2\/posts\/21561","targetHints":{"allow":["GET"]}}],"collection":[{"href":"http:\/\/argentinamunicipal.com.ar\/argentina\/wp-json\/wp\/v2\/posts"}],"about":[{"href":"http:\/\/argentinamunicipal.com.ar\/argentina\/wp-json\/wp\/v2\/types\/post"}],"author":[{"embeddable":true,"href":"http:\/\/argentinamunicipal.com.ar\/argentina\/wp-json\/wp\/v2\/users\/2"}],"replies":[{"embeddable":true,"href":"http:\/\/argentinamunicipal.com.ar\/argentina\/wp-json\/wp\/v2\/comments?post=21561"}],"version-history":[{"count":0,"href":"http:\/\/argentinamunicipal.com.ar\/argentina\/wp-json\/wp\/v2\/posts\/21561\/revisions"}],"wp:featuredmedia":[{"embeddable":true,"href":"http:\/\/argentinamunicipal.com.ar\/argentina\/wp-json\/wp\/v2\/media\/21562"}],"wp:attachment":[{"href":"http:\/\/argentinamunicipal.com.ar\/argentina\/wp-json\/wp\/v2\/media?parent=21561"}],"wp:term":[{"taxonomy":"category","embeddable":true,"href":"http:\/\/argentinamunicipal.com.ar\/argentina\/wp-json\/wp\/v2\/categories?post=21561"},{"taxonomy":"post_tag","embeddable":true,"href":"http:\/\/argentinamunicipal.com.ar\/argentina\/wp-json\/wp\/v2\/tags?post=21561"}],"curies":[{"name":"wp","href":"https:\/\/api.w.org\/{rel}","templated":true}]}}