{"id":21576,"date":"2014-12-20T17:46:36","date_gmt":"2014-12-20T20:46:36","guid":{"rendered":"http:\/\/argentinamunicipal.com.ar\/argentina\/?p=21576"},"modified":"2014-12-20T12:57:40","modified_gmt":"2014-12-20T15:57:40","slug":"solsticio-de-verano-en-ushuaia-se-festejara-el-dia-mas-largo-desde-el-21-al-23","status":"publish","type":"post","link":"http:\/\/argentinamunicipal.com.ar\/argentina\/solsticio-de-verano-en-ushuaia-se-festejara-el-dia-mas-largo-desde-el-21-al-23\/","title":{"rendered":"Solsticio de Verano en Ushuaia, se festejar\u00e1 el D\u00eda M\u00e1s Largo , desde el 21 al 23"},"content":{"rendered":"<p><a href=\"http:\/\/argentinamunicipal.com.ar\/argentina\/wp-content\/uploads\/2014\/12\/Ushuaia-Martin-Pocai.jpg\"><img loading=\"lazy\" decoding=\"async\" class=\"aligncenter  wp-image-21577\" src=\"http:\/\/argentinamunicipal.com.ar\/argentina\/wp-content\/uploads\/2014\/12\/Ushuaia-Martin-Pocai.jpg\" alt=\"Ushuaia Martin Pocai\" width=\"623\" height=\"415\" srcset=\"http:\/\/argentinamunicipal.com.ar\/argentina\/wp-content\/uploads\/2014\/12\/Ushuaia-Martin-Pocai.jpg 960w, http:\/\/argentinamunicipal.com.ar\/argentina\/wp-content\/uploads\/2014\/12\/Ushuaia-Martin-Pocai-300x199.jpg 300w\" sizes=\"auto, (max-width: 623px) 100vw, 623px\" \/><\/a><\/p>\n<p>El pr\u00f3ximo domingo, lunes y martes de 14 a 17 horas se festejar\u00e1 el D\u00eda M\u00e1s Largo en el Centro Comercial a Cielo Abierto. Contar\u00e1 con espect\u00e1culos musicales y sorteos. Adem\u00e1s los comerciantes que otorgar\u00e1n descuentos y promociones especiales en el marco de las celebraciones navide\u00f1as.<\/p>\n<p>Desde la Secretar\u00eda de Turismo se promociona las actividades que se llevar\u00e1n a cabo el pr\u00f3ximo domingo 21, lunes 22 y martes 23 de 14 a 17 horas para celebrar el d\u00eda m\u00e1s largo y la llegada del verano.<\/p>\n<p>Al respecto, el Director de Coordinaci\u00f3n de la Secretar\u00eda de Turismo Juan Chera\u00f1uk explic\u00f3 que \u00abeste gran festejo lo hacemos en colaboraci\u00f3n con la Agencia de Desarrollo Ushuaia Bureau y la Gerencia del Centro Comercial a Cielo Abierto. La idea es propiciar un espacio donde se ven beneficiados tanto los vecinos como los comerciantes de la San Mart\u00edn y los turistas\u00bb.<\/p>\n<p>\u00abSe van a presentar shows de jazz, tango y folclore, adem\u00e1s de la banda Municipal. Tambi\u00e9n habr\u00e1 sorteos y descuentos para aprovechar que llegan las fiestas\u00bb, agreg\u00f3 Chera\u00f1uk. \u00abAdem\u00e1s propiciamos un horario poco habitual de comercio, porque las actividades ser\u00e1n de 14 a 17 horas\u00bb, agreg\u00f3.<\/p>\n<p>\u00abA todo esto hay que sumarle la predisposici\u00f3n de los comerciantes a sumarse a esta iniciativa y el trabajo y empe\u00f1o de la gerencia del Centro Comercial a Cielo abierto por difundir la idea entre los negocios de San Mart\u00edn\u00bb, finaliz\u00f3 el funcionario.<\/p>\n<h6>Fuente: Sur 54<\/h6>\n","protected":false},"excerpt":{"rendered":"<p>El pr\u00f3ximo domingo, lunes y martes de 14 a 17 horas se festejar\u00e1 el D\u00eda M\u00e1s Largo en el Centro Comercial a Cielo Abierto. Contar\u00e1 con espect\u00e1culos musicales y sorteos. Adem\u00e1s los comerciantes que otorgar\u00e1n descuentos y promociones especiales en el marco de las celebraciones navide\u00f1as. Desde la Secretar\u00eda de Turismo se promociona las actividades<\/p>\n","protected":false},"author":2,"featured_media":21578,"comment_status":"closed","ping_status":"closed","sticky":false,"template":"","format":"standard","meta":{"footnotes":""},"categories":[47],"tags":[34],"class_list":["post-21576","post","type-post","status-publish","format-standard","has-post-thumbnail","hentry","category-fiestas","tag-tierra-del-fuego"],"_links":{"self":[{"href":"http:\/\/argentinamunicipal.com.ar\/argentina\/wp-json\/wp\/v2\/posts\/21576","targetHints":{"allow":["GET"]}}],"collection":[{"href":"http:\/\/argentinamunicipal.com.ar\/argentina\/wp-json\/wp\/v2\/posts"}],"about":[{"href":"http:\/\/argentinamunicipal.com.ar\/argentina\/wp-json\/wp\/v2\/types\/post"}],"author":[{"embeddable":true,"href":"http:\/\/argentinamunicipal.com.ar\/argentina\/wp-json\/wp\/v2\/users\/2"}],"replies":[{"embeddable":true,"href":"http:\/\/argentinamunicipal.com.ar\/argentina\/wp-json\/wp\/v2\/comments?post=21576"}],"version-history":[{"count":0,"href":"http:\/\/argentinamunicipal.com.ar\/argentina\/wp-json\/wp\/v2\/posts\/21576\/revisions"}],"wp:featuredmedia":[{"embeddable":true,"href":"http:\/\/argentinamunicipal.com.ar\/argentina\/wp-json\/wp\/v2\/media\/21578"}],"wp:attachment":[{"href":"http:\/\/argentinamunicipal.com.ar\/argentina\/wp-json\/wp\/v2\/media?parent=21576"}],"wp:term":[{"taxonomy":"category","embeddable":true,"href":"http:\/\/argentinamunicipal.com.ar\/argentina\/wp-json\/wp\/v2\/categories?post=21576"},{"taxonomy":"post_tag","embeddable":true,"href":"http:\/\/argentinamunicipal.com.ar\/argentina\/wp-json\/wp\/v2\/tags?post=21576"}],"curies":[{"name":"wp","href":"https:\/\/api.w.org\/{rel}","templated":true}]}}