{"id":21623,"date":"2014-12-27T10:44:48","date_gmt":"2014-12-27T13:44:48","guid":{"rendered":"http:\/\/argentinamunicipal.com.ar\/argentina\/?p=21623"},"modified":"2014-12-27T10:44:48","modified_gmt":"2014-12-27T13:44:48","slug":"arranca-el-wifi-publico-en-vera","status":"publish","type":"post","link":"http:\/\/argentinamunicipal.com.ar\/argentina\/arranca-el-wifi-publico-en-vera\/","title":{"rendered":"Arranca el wifi p\u00fablico en Vera \u00a0"},"content":{"rendered":"<p><a href=\"http:\/\/argentinamunicipal.com.ar\/argentina\/wp-content\/uploads\/2014\/12\/86471_santo-tome.jpg\"><img loading=\"lazy\" decoding=\"async\" class=\"alignleft  wp-image-21624\" src=\"http:\/\/argentinamunicipal.com.ar\/argentina\/wp-content\/uploads\/2014\/12\/86471_santo-tome.jpg\" alt=\"86471_santo-tome\" width=\"451\" height=\"243\" srcset=\"http:\/\/argentinamunicipal.com.ar\/argentina\/wp-content\/uploads\/2014\/12\/86471_santo-tome.jpg 544w, http:\/\/argentinamunicipal.com.ar\/argentina\/wp-content\/uploads\/2014\/12\/86471_santo-tome-300x161.jpg 300w\" sizes=\"auto, (max-width: 451px) 100vw, 451px\" \/><\/a>As\u00ed lo anunci\u00f3 el Coordinador de la Regi\u00f3n 1, dando a conocer que, desde el pasado jueves 18, la plaza Independencia ya cuenta con internet libre y gratuito.<\/p>\n<p>Asimismo, Sergio Rojas record\u00f3 que la localidad de Vera es \u00abla tercera ciudad en Santa Fe que est\u00e1 conectada al servicio provincial. Estos d\u00edas son de prueba, por cualquier inconveniente que pueda surgir\u00bb.<\/p>\n<p>Los equipos fueron establecidos en la escuela N\u00b0 440 \u00abFlorentino Ameghino\u00bb, la cual tambi\u00e9n se ver\u00e1 beneficiada, ya que se mejorar\u00e1 la prestaci\u00f3n de internet que posee la instituci\u00f3n.<\/p>\n<p>El coordinador explic\u00f3 que \u00abel retraso en la instalaci\u00f3n, se debi\u00f3 a una nota presentada por un ciudadano verense, donde solicitaba informaci\u00f3n sobre las caracter\u00edsticas del servicio. Una vez respondida la misma, se pudo avanzar. Adem\u00e1s, junto con el municipio de Vera, se analiza la posibilidad de instalar equipos en otro punto de la ciudad\u00bb.<\/p>\n<p>Cabe recalcar que el Gobierno de Santa Fe, lleva adelante diferentes acciones de infraestructura y conectividad que favorecen un acceso m\u00e1s amplio a internet por parte de los ciudadanos.<\/p>\n<p>En este sentido, teniendo en cuenta la gran cantidad y variedad de dispositivos de conectividad m\u00f3vil, desde el Estado provincial se est\u00e1n creando \u00e1reas de WiFi p\u00fablico en diferentes localidades, en \u00e1reas de gobierno y fundamentalmente en espacios p\u00fablicos, como son los parques y plazas.<\/p>\n<p>Por \u00faltimo, Rojas se refiri\u00f3 a ciertas cr\u00edticas esbozadas en los \u00faltimos d\u00edas y se\u00f1al\u00f3 que \u00abuno puede ver, por las redes sociales, a los fundamentalistas de siempre, criticar este servicio y decir que deber\u00edan hacerse otras cosas. Lo que se puede responder es que es un servicio m\u00e1s con el cual contamos los que vivimos en Vera, acceso a internet para quienes no pueden tenerlo en sus casas, nada m\u00e1s, no hay que dramatizar todo\u00bb.<\/p>\n<h6>Fuente: Sin Mordaza<\/h6>\n","protected":false},"excerpt":{"rendered":"<p>As\u00ed lo anunci\u00f3 el Coordinador de la Regi\u00f3n 1, dando a conocer que, desde el pasado jueves 18, la plaza Independencia ya cuenta con internet libre y gratuito. Asimismo, Sergio Rojas record\u00f3 que la localidad de Vera es \u00abla tercera ciudad en Santa Fe que est\u00e1 conectada al servicio provincial. Estos d\u00edas son de prueba,<\/p>\n","protected":false},"author":2,"featured_media":21624,"comment_status":"closed","ping_status":"closed","sticky":false,"template":"","format":"standard","meta":{"footnotes":""},"categories":[2],"tags":[10],"class_list":["post-21623","post","type-post","status-publish","format-standard","has-post-thumbnail","hentry","category-informe-municipal","tag-santa-fe"],"_links":{"self":[{"href":"http:\/\/argentinamunicipal.com.ar\/argentina\/wp-json\/wp\/v2\/posts\/21623","targetHints":{"allow":["GET"]}}],"collection":[{"href":"http:\/\/argentinamunicipal.com.ar\/argentina\/wp-json\/wp\/v2\/posts"}],"about":[{"href":"http:\/\/argentinamunicipal.com.ar\/argentina\/wp-json\/wp\/v2\/types\/post"}],"author":[{"embeddable":true,"href":"http:\/\/argentinamunicipal.com.ar\/argentina\/wp-json\/wp\/v2\/users\/2"}],"replies":[{"embeddable":true,"href":"http:\/\/argentinamunicipal.com.ar\/argentina\/wp-json\/wp\/v2\/comments?post=21623"}],"version-history":[{"count":0,"href":"http:\/\/argentinamunicipal.com.ar\/argentina\/wp-json\/wp\/v2\/posts\/21623\/revisions"}],"wp:featuredmedia":[{"embeddable":true,"href":"http:\/\/argentinamunicipal.com.ar\/argentina\/wp-json\/wp\/v2\/media\/21624"}],"wp:attachment":[{"href":"http:\/\/argentinamunicipal.com.ar\/argentina\/wp-json\/wp\/v2\/media?parent=21623"}],"wp:term":[{"taxonomy":"category","embeddable":true,"href":"http:\/\/argentinamunicipal.com.ar\/argentina\/wp-json\/wp\/v2\/categories?post=21623"},{"taxonomy":"post_tag","embeddable":true,"href":"http:\/\/argentinamunicipal.com.ar\/argentina\/wp-json\/wp\/v2\/tags?post=21623"}],"curies":[{"name":"wp","href":"https:\/\/api.w.org\/{rel}","templated":true}]}}