{"id":21629,"date":"2014-12-27T10:53:46","date_gmt":"2014-12-27T13:53:46","guid":{"rendered":"http:\/\/argentinamunicipal.com.ar\/argentina\/?p=21629"},"modified":"2014-12-27T10:53:46","modified_gmt":"2014-12-27T13:53:46","slug":"una-decena-de-funcionarios-de-villa-maria-planta-permanente","status":"publish","type":"post","link":"http:\/\/argentinamunicipal.com.ar\/argentina\/una-decena-de-funcionarios-de-villa-maria-planta-permanente\/","title":{"rendered":"Una decena de funcionarios de Villa Mar\u00eda, a planta permanente"},"content":{"rendered":"<p><a href=\"http:\/\/argentinamunicipal.com.ar\/argentina\/wp-content\/uploads\/2014\/12\/1-Cba-VillaMariareloj.jpg\"><img loading=\"lazy\" decoding=\"async\" class=\"alignleft  wp-image-21630\" src=\"http:\/\/argentinamunicipal.com.ar\/argentina\/wp-content\/uploads\/2014\/12\/1-Cba-VillaMariareloj.jpg\" alt=\"1-Cba-VillaMariareloj\" width=\"490\" height=\"247\" srcset=\"http:\/\/argentinamunicipal.com.ar\/argentina\/wp-content\/uploads\/2014\/12\/1-Cba-VillaMariareloj.jpg 558w, http:\/\/argentinamunicipal.com.ar\/argentina\/wp-content\/uploads\/2014\/12\/1-Cba-VillaMariareloj-300x151.jpg 300w\" sizes=\"auto, (max-width: 490px) 100vw, 490px\" \/><\/a>El pase a planta permanente no fue s\u00f3lo para empleados contratados de la Municipalidad, tambi\u00e9n accedieron a un trabajo estable dentro de la comuna funcionarios de la planta pol\u00edtica<\/p>\n<p>Entre julio y diciembre se hicieron concursos para que los trabajadores contratados y facturantes de la Municipalidad, puedan pasar a ser personal de planta permanente, con la estabilidad que le corresponde, por derecho, a todos los empleados p\u00fablicos.<\/p>\n<p>Sin embargo, revisando los decretos de designaci\u00f3n firmados por el intendente Eduardo Accastello y algunos de sus secretarios, se puede observar que, al menos una decena de funcionarios que forman parte de la planta pol\u00edtica, fueron nombrados como personal permanente.<\/p>\n<p>Entre los nombres que aparecen est\u00e1 el del secretario personal de Accastello, Daniel L\u00f3pez, quien a partir del 1 de diciembre es un empleado municipal de categor\u00eda 16.<\/p>\n<p>Tambi\u00e9n engrosa las filas de los municipales desde diciembre el extribuno de cuentas del oficialismo, Hugo Fern\u00e1ndez; la actual responsable del \u00e1rea de Descentralizaci\u00f3n Territorial, Virginia Mart\u00ed, y la encargada de habilitaciones, Valeria Su\u00e1rez.<\/p>\n<p>Otro de los nombres de los ahora trabajadores de la planta permanente de la Municipalidad de Villa Mar\u00eda es el del exintendente de Silvio Pellico, Daniel Besso, quien ahora revista como \u201cauxiliar tramitador\u201d, en Categor\u00eda 5.<\/p>\n<p><strong>Ingresan y toman\u00a0licencia<\/strong><\/p>\n<p>En julio de este a\u00f1o, ingres\u00f3 otro grupo de trabajadores a planta. All\u00ed tambi\u00e9n se encuentran funcionarios, especialmente, los que son los responsables pol\u00edticos de los MuniCerca y que ahora son empleados permanentes de la Municipalidad de Villa Mar\u00eda.<\/p>\n<p>Se trata de Oscar Cabrignac, Marta Giusti, Mar\u00eda Rosa Barboza de Ar\u00e1oz y Melina Mosquera.<\/p>\n<p>Ellos fueron designados a partir del 1 de julio y desde ese mismo d\u00eda, obtuvieron una licencia \u201csin goce de haberes hasta que dure el mandato\u201d de las funciones pol\u00edticas que ejercen actualmente.<\/p>\n<p>Cuando termine la gesti\u00f3n, seguir\u00e1n trabajando en distintas actividades comenzando la carrera municipal como empleados de Categor\u00eda 16.<\/p>\n<p>En agosto de este a\u00f1o, EL DIARIO public\u00f3 un informe en el que revelamos que, a esa fecha, \u00a0la Municipalidad ten\u00eda a 264 contratados y 370 que facturaban por sus servicios. Ellos siguen trabajando sin gozar de la estabilidad y los derechos del empleado p\u00fablico.<\/p>\n<p><strong>Adicionales<\/strong><\/p>\n<p>Otro de los beneficios que aparecen reflejados en sendos decretos firmados por Eduardo Accastello, es el aumento en forma de \u201cadicionales especiales\u201d de algunos funcionarios, que son renovables cada seis meses.<\/p>\n<p>Tal el caso del director de la Asistencia P\u00fablica, Ra\u00fal Marchegiani, quien desde julio cobra el 50% m\u00e1s y la directora del Hogar de Ancianos, Mar\u00eda Alejandra Alvarez, a quien un decreto la benefici\u00f3 con una mejora del 40% que percibe desde el 1 de setiembre.<\/p>\n<h6>Fuente: El Diario del Centro del Pa\u00eds<\/h6>\n","protected":false},"excerpt":{"rendered":"<p>El pase a planta permanente no fue s\u00f3lo para empleados contratados de la Municipalidad, tambi\u00e9n accedieron a un trabajo estable dentro de la comuna funcionarios de la planta pol\u00edtica Entre julio y diciembre se hicieron concursos para que los trabajadores contratados y facturantes de la Municipalidad, puedan pasar a ser personal de planta permanente, con<\/p>\n","protected":false},"author":2,"featured_media":21630,"comment_status":"closed","ping_status":"closed","sticky":false,"template":"","format":"standard","meta":{"footnotes":""},"categories":[7],"tags":[3],"class_list":["post-21629","post","type-post","status-publish","format-standard","has-post-thumbnail","hentry","category-informe-sindical","tag-cordoba"],"_links":{"self":[{"href":"http:\/\/argentinamunicipal.com.ar\/argentina\/wp-json\/wp\/v2\/posts\/21629","targetHints":{"allow":["GET"]}}],"collection":[{"href":"http:\/\/argentinamunicipal.com.ar\/argentina\/wp-json\/wp\/v2\/posts"}],"about":[{"href":"http:\/\/argentinamunicipal.com.ar\/argentina\/wp-json\/wp\/v2\/types\/post"}],"author":[{"embeddable":true,"href":"http:\/\/argentinamunicipal.com.ar\/argentina\/wp-json\/wp\/v2\/users\/2"}],"replies":[{"embeddable":true,"href":"http:\/\/argentinamunicipal.com.ar\/argentina\/wp-json\/wp\/v2\/comments?post=21629"}],"version-history":[{"count":0,"href":"http:\/\/argentinamunicipal.com.ar\/argentina\/wp-json\/wp\/v2\/posts\/21629\/revisions"}],"wp:featuredmedia":[{"embeddable":true,"href":"http:\/\/argentinamunicipal.com.ar\/argentina\/wp-json\/wp\/v2\/media\/21630"}],"wp:attachment":[{"href":"http:\/\/argentinamunicipal.com.ar\/argentina\/wp-json\/wp\/v2\/media?parent=21629"}],"wp:term":[{"taxonomy":"category","embeddable":true,"href":"http:\/\/argentinamunicipal.com.ar\/argentina\/wp-json\/wp\/v2\/categories?post=21629"},{"taxonomy":"post_tag","embeddable":true,"href":"http:\/\/argentinamunicipal.com.ar\/argentina\/wp-json\/wp\/v2\/tags?post=21629"}],"curies":[{"name":"wp","href":"https:\/\/api.w.org\/{rel}","templated":true}]}}