{"id":21635,"date":"2014-12-27T11:03:16","date_gmt":"2014-12-27T14:03:16","guid":{"rendered":"http:\/\/argentinamunicipal.com.ar\/argentina\/?p=21635"},"modified":"2014-12-27T11:03:16","modified_gmt":"2014-12-27T14:03:16","slug":"reconocen-figura-de-facon-grande-93-anos-de-su-muerte","status":"publish","type":"post","link":"http:\/\/argentinamunicipal.com.ar\/argentina\/reconocen-figura-de-facon-grande-93-anos-de-su-muerte\/","title":{"rendered":"Reconocen figura de \u201cFacon Grande\u201d a 93 a\u00f1os de su muerte"},"content":{"rendered":"<p><a href=\"http:\/\/argentinamunicipal.com.ar\/argentina\/wp-content\/uploads\/2014\/12\/1203435931_f.jpg\"><img loading=\"lazy\" decoding=\"async\" class=\"aligncenter size-full wp-image-21636\" src=\"http:\/\/argentinamunicipal.com.ar\/argentina\/wp-content\/uploads\/2014\/12\/1203435931_f.jpg\" alt=\"1203435931_f\" width=\"500\" height=\"375\" srcset=\"http:\/\/argentinamunicipal.com.ar\/argentina\/wp-content\/uploads\/2014\/12\/1203435931_f.jpg 500w, http:\/\/argentinamunicipal.com.ar\/argentina\/wp-content\/uploads\/2014\/12\/1203435931_f-300x225.jpg 300w\" sizes=\"auto, (max-width: 500px) 100vw, 500px\" \/><\/a><\/p>\n<p>En conmemoraci\u00f3n al Nonag\u00e9simo Tercer Aniversario del fallecimiento de Jos\u00e9 Font, conocido popularmente como Fac\u00f3n Grande, desde la Comisi\u00f3n de Fomento de Jaramillo-Fitz Roy se visit\u00f3 el monumento ubicado en la intersecci\u00f3n de las Rutas Nacionales N\u00ba3 y 281, donde se realiz\u00f3 la colocaci\u00f3n de un conjunto de plantas destinadas a su ornamentaci\u00f3n.<\/p>\n<p>Cabe recordar que Jos\u00e9 Font, alias Fac\u00f3n Grande, dio su vida por defender el derecho de los trabajadores, y fue fusilado frente a la estaci\u00f3n del ferrocarril de Jaramillo. A ra\u00edz de esto, los jaramillenses le rindieron tributo con un monumento emplazado a la vera de las rutas nacionales N\u00ba 3 y 281, que a su vez representa un homenaje a los peones rurales que tambi\u00e9n sufrieron la misma suerte.<\/p>\n<p>En este caso, presidi\u00f3 la comitiva la Comisionada de Fomento Norma Chumbita, acompa\u00f1ada por el Director Administrativo Mart\u00edn Valdez, e integrantes de las distintas \u00e1reas de la comuna.<\/p>\n<p>Concluida la visita, Chumbita destac\u00f3 que \u201cJos\u00e9 Font es un pr\u00f3cer patag\u00f3nico, y su figura es ilustrativa del sufrimiento del pe\u00f3n rural en los primeros a\u00f1os del siglo XX, cuando eran explotados sin que nadie pueda protegerlos. Fue un pionero, en la lucha por los derechos de los trabajadores, algo que se fortaleci\u00f3 con la llegada del peronismo, una doctrina que mantiene su vigencia en la actualidad, y la seguiremos fortaleciendo desde esta gesti\u00f3n de gobierno, tanto a nivel provincial como en nuestras comunas\u201d.<\/p>\n<p><strong>JOS\u00c9 FONT, \u201cFAC\u00d3N GRANDE\u201d, POR OSVALDO BAYER<\/strong><\/p>\n<p>Jos\u00e9 Font era un hombre de buen pasar econ\u00f3mico: era el due\u00f1o de una tropa de carros laneros que transportaban los fardos de lana de las estancias desde la precordillera a puerto Deseado y a San Juli\u00e1n. Sin embargo, su \u00fanico lujo era un fac\u00f3n que llevaba cruzado en la espalda.<\/p>\n<p>Cuando algunos peones rurales se presentaron frente a Fac\u00f3n Grande para que los representara sindicalmente, el gaucho no dud\u00f3 un minuto en hacerlo: en ese momento, Yrigoyen ya hab\u00eda mandado al Teniente Coronel Varela a reprimir a los revolucionarios patag\u00f3nicos, y Gran Breta\u00f1a tambi\u00e9n hab\u00eda amenazado con enviar buques desde las Islas Malvinas para defender las propiedades de los estancieros.<\/p>\n<p>Varela hab\u00eda recibido la informaci\u00f3n de que la columna de Fac\u00f3n Grande acampaba en Tehuelches, y all\u00ed le ordena a sus soldados una descarga cerrada contra ellos, aunque el gaucho los enfrenta y hace que las tropas se retiren r\u00e1pidamente hacia Jaramillo. En ese hecho mueren tres huelguistas y un soldado.<\/p>\n<p>Varela, entonces, hace atraer a Fac\u00f3n grande hacia Jaramillo con la propuesta de negociar las condiciones de la huelga. Cuando se encuentra, el militar ordena su detenci\u00f3n. Fac\u00f3n Grande siempre le reproch\u00f3 a Varela su falta de hombr\u00eda por la forma en que lo detuvieron.<\/p>\n<p>Tiempo despu\u00e9s, en 1921, Fac\u00f3n Grande es llevado junto a un grupo de compa\u00f1eros a un ca\u00f1ad\u00f3n de la estancia de Cimadevilla, y all\u00ed son fusilados. Ese lugar es recordado con el nombre \u201cca\u00f1ad\u00f3n de la muerte.\u201d Por su parte, Varela env\u00eda un comunicado diciendo que Fac\u00f3n Grande fue muerto en combate, y sus pertenencias fueron dadas en administraci\u00f3n al Estado, aunque a algunos administradores, \u201cse les pierden\u201d algunas cosas.<\/p>\n<p>Desde entonces, la figura de Fac\u00f3n Grande se convirti\u00f3 en un hito de la lucha de los trabajadores rurales santacruce\u00f1os, simbolog\u00eda que, desde la Comisi\u00f3n de Fomento, se decidi\u00f3 reconocer en la jornada del Lunes.<\/p>\n<h6>Fuente: El Peri\u00f3dico Austral<\/h6>\n","protected":false},"excerpt":{"rendered":"<p>En conmemoraci\u00f3n al Nonag\u00e9simo Tercer Aniversario del fallecimiento de Jos\u00e9 Font, conocido popularmente como Fac\u00f3n Grande, desde la Comisi\u00f3n de Fomento de Jaramillo-Fitz Roy se visit\u00f3 el monumento ubicado en la intersecci\u00f3n de las Rutas Nacionales N\u00ba3 y 281, donde se realiz\u00f3 la colocaci\u00f3n de un conjunto de plantas destinadas a su ornamentaci\u00f3n. Cabe recordar<\/p>\n","protected":false},"author":2,"featured_media":21636,"comment_status":"closed","ping_status":"closed","sticky":false,"template":"","format":"standard","meta":{"footnotes":""},"categories":[2],"tags":[29],"class_list":["post-21635","post","type-post","status-publish","format-standard","has-post-thumbnail","hentry","category-informe-municipal","tag-santa-cruz"],"_links":{"self":[{"href":"http:\/\/argentinamunicipal.com.ar\/argentina\/wp-json\/wp\/v2\/posts\/21635","targetHints":{"allow":["GET"]}}],"collection":[{"href":"http:\/\/argentinamunicipal.com.ar\/argentina\/wp-json\/wp\/v2\/posts"}],"about":[{"href":"http:\/\/argentinamunicipal.com.ar\/argentina\/wp-json\/wp\/v2\/types\/post"}],"author":[{"embeddable":true,"href":"http:\/\/argentinamunicipal.com.ar\/argentina\/wp-json\/wp\/v2\/users\/2"}],"replies":[{"embeddable":true,"href":"http:\/\/argentinamunicipal.com.ar\/argentina\/wp-json\/wp\/v2\/comments?post=21635"}],"version-history":[{"count":0,"href":"http:\/\/argentinamunicipal.com.ar\/argentina\/wp-json\/wp\/v2\/posts\/21635\/revisions"}],"wp:featuredmedia":[{"embeddable":true,"href":"http:\/\/argentinamunicipal.com.ar\/argentina\/wp-json\/wp\/v2\/media\/21636"}],"wp:attachment":[{"href":"http:\/\/argentinamunicipal.com.ar\/argentina\/wp-json\/wp\/v2\/media?parent=21635"}],"wp:term":[{"taxonomy":"category","embeddable":true,"href":"http:\/\/argentinamunicipal.com.ar\/argentina\/wp-json\/wp\/v2\/categories?post=21635"},{"taxonomy":"post_tag","embeddable":true,"href":"http:\/\/argentinamunicipal.com.ar\/argentina\/wp-json\/wp\/v2\/tags?post=21635"}],"curies":[{"name":"wp","href":"https:\/\/api.w.org\/{rel}","templated":true}]}}