{"id":21638,"date":"2014-12-27T08:03:32","date_gmt":"2014-12-27T11:03:32","guid":{"rendered":"http:\/\/argentinamunicipal.com.ar\/argentina\/?p=21638"},"modified":"2014-12-27T11:05:57","modified_gmt":"2014-12-27T14:05:57","slug":"caleta-olivia-sin-vacaciones-por-estar-de-paro","status":"publish","type":"post","link":"http:\/\/argentinamunicipal.com.ar\/argentina\/caleta-olivia-sin-vacaciones-por-estar-de-paro\/","title":{"rendered":"Caleta Olivia: Sin vacaciones, por estar de paro"},"content":{"rendered":"<p><a href=\"http:\/\/argentinamunicipal.com.ar\/argentina\/wp-content\/uploads\/2014\/12\/IMG53358.jpg\"><img loading=\"lazy\" decoding=\"async\" class=\"alignright size-full wp-image-21639\" src=\"http:\/\/argentinamunicipal.com.ar\/argentina\/wp-content\/uploads\/2014\/12\/IMG53358.jpg\" alt=\"IMG53358\" width=\"320\" height=\"248\" srcset=\"http:\/\/argentinamunicipal.com.ar\/argentina\/wp-content\/uploads\/2014\/12\/IMG53358.jpg 320w, http:\/\/argentinamunicipal.com.ar\/argentina\/wp-content\/uploads\/2014\/12\/IMG53358-300x232.jpg 300w\" sizes=\"auto, (max-width: 320px) 100vw, 320px\" \/><\/a>As\u00ed lo adelant\u00f3 el intendente de esa localidad, Jos\u00e9 Manuel C\u00f3rdoba, acerca de los m\u00e1s de 300 municipales que mantienen la medida de fuerza hace ya tres meses. Por su parte, el secretario general del SOEMCO, Juli\u00e1n Carrizo, repudi\u00f3 la decisi\u00f3n comunal, ratific\u00f3 la continuidad del paro \u201cpor tiempo indeterminado\u201d y dijo que \u201c\u00e9sta nos la vamos a cobrar\u201d.<\/p>\n<p>En declaraciones radiales, el intendente de Caleta Olivia sum\u00f3 controversia al conflicto que vive la localidad en el \u00e1mbito comunal. El Sindicato de Obreros y Empleados Municipales exige a la Intendencia que contrate una ART de acuerdo a lo establecido en la Ley 24.557 que versa sobre los riesgos de trabajo.<\/p>\n<p>En ese marco, Jos\u00e9 C\u00f3rdoba dijo que acatar\u00e1 el consejo judicial de \u201cno actuar ante el conflicto\u201d y confirm\u00f3 que se iniciaron sumarios a quince empleados.<\/p>\n<p>\u201cHay 325 trabajadores de toda la Municipalidad que no est\u00e1n realizando sus tareas\u201d asegur\u00f3 el jefe comunal, para luego plantear que \u201csi la decisi\u00f3n judicial no fija postura, para nosotros ser\u00e1 f\u00e1cil definir que se est\u00e1 violando la ley federal\u201d cuando, por ejemplo, realizan cortes de ruta.<\/p>\n<p>Hasta aqu\u00ed la puja que evidencia el tira y afloje de una negociaci\u00f3n de \u00edndole laboral. Ahora bien, el punto \u00e1lgido de la cuesti\u00f3n surgir\u00e1, entonces, de las afirmaciones de C\u00f3rdoba respecto a la negativa de otorgar vacaciones por estar de paro hace tres meses. \u201cVamos a pedir el listado de aquellos que asistieron a la asamblea, porque estamos trabajando en no aprobar ni autorizar las vacaciones porque est\u00e1n de paro\u201d, adelant\u00f3. \u201cNo puede ser que la gente que trabaja usufruct\u00fae de todos los beneficios y los que no trabajan tambi\u00e9n\u201d, consider\u00f3 el intendente.<\/p>\n<h3>Sin verg\u00fcenza<\/h3>\n<p>En di\u00e1logo con La Opini\u00f3n Austral, el secretario general del SOEMCO Juli\u00e1n Carrizo volvi\u00f3 a reclamar a Jos\u00e9 C\u00f3rdoba la contrataci\u00f3n de una ART para los trabajadores comunales al se\u00f1alar que \u201cse encuentra en infracci\u00f3n\u201d.<\/p>\n<p>La denegaci\u00f3n de las vacaciones es la gota que faltaba para rebalsar el vaso de quienes demandan mejoras en el \u00e1mbito laboral. \u201cDebiera darle verg\u00fcenza porque se trata de un derecho adquirido\u201d sostuvo Carrizo, y argument\u00f3: \u201clo mejor que le puede pasar al trabajador es trabajar\u201d, por lo que \u201cseguiremos luchando por lo que nos merecemos como tales. \u00c9sta nos la vamos a cobrar\u201d, enfatiz\u00f3.<\/p>\n<p>Adem\u00e1s, el dirigente sindical sostuvo que \u201ccontinuaremos con el paro por tiempo indeterminado, hasta que nos den una soluci\u00f3n con el tema de la ART\u201d y adelant\u00f3 que presentar\u00e1n \u201cun recurso ante la Justicia\u201d.<\/p>\n<p>Finalmente, pidi\u00f3 a los funcionarios provinciales y municipales que \u201cse pongan la camiseta de Santa Cruz por el beneficio de todos los que habitamos la provincia\u201d.<\/p>\n<h6>Fuente: La Opini\u00f3n Austral<\/h6>\n","protected":false},"excerpt":{"rendered":"<p>As\u00ed lo adelant\u00f3 el intendente de esa localidad, Jos\u00e9 Manuel C\u00f3rdoba, acerca de los m\u00e1s de 300 municipales que mantienen la medida de fuerza hace ya tres meses. Por su parte, el secretario general del SOEMCO, Juli\u00e1n Carrizo, repudi\u00f3 la decisi\u00f3n comunal, ratific\u00f3 la continuidad del paro \u201cpor tiempo indeterminado\u201d y dijo que \u201c\u00e9sta nos<\/p>\n","protected":false},"author":2,"featured_media":21639,"comment_status":"closed","ping_status":"closed","sticky":false,"template":"","format":"standard","meta":{"footnotes":""},"categories":[7],"tags":[29],"class_list":["post-21638","post","type-post","status-publish","format-standard","has-post-thumbnail","hentry","category-informe-sindical","tag-santa-cruz"],"_links":{"self":[{"href":"http:\/\/argentinamunicipal.com.ar\/argentina\/wp-json\/wp\/v2\/posts\/21638","targetHints":{"allow":["GET"]}}],"collection":[{"href":"http:\/\/argentinamunicipal.com.ar\/argentina\/wp-json\/wp\/v2\/posts"}],"about":[{"href":"http:\/\/argentinamunicipal.com.ar\/argentina\/wp-json\/wp\/v2\/types\/post"}],"author":[{"embeddable":true,"href":"http:\/\/argentinamunicipal.com.ar\/argentina\/wp-json\/wp\/v2\/users\/2"}],"replies":[{"embeddable":true,"href":"http:\/\/argentinamunicipal.com.ar\/argentina\/wp-json\/wp\/v2\/comments?post=21638"}],"version-history":[{"count":0,"href":"http:\/\/argentinamunicipal.com.ar\/argentina\/wp-json\/wp\/v2\/posts\/21638\/revisions"}],"wp:featuredmedia":[{"embeddable":true,"href":"http:\/\/argentinamunicipal.com.ar\/argentina\/wp-json\/wp\/v2\/media\/21639"}],"wp:attachment":[{"href":"http:\/\/argentinamunicipal.com.ar\/argentina\/wp-json\/wp\/v2\/media?parent=21638"}],"wp:term":[{"taxonomy":"category","embeddable":true,"href":"http:\/\/argentinamunicipal.com.ar\/argentina\/wp-json\/wp\/v2\/categories?post=21638"},{"taxonomy":"post_tag","embeddable":true,"href":"http:\/\/argentinamunicipal.com.ar\/argentina\/wp-json\/wp\/v2\/tags?post=21638"}],"curies":[{"name":"wp","href":"https:\/\/api.w.org\/{rel}","templated":true}]}}