{"id":21641,"date":"2014-12-27T11:08:58","date_gmt":"2014-12-27T14:08:58","guid":{"rendered":"http:\/\/argentinamunicipal.com.ar\/argentina\/?p=21641"},"modified":"2014-12-27T11:08:58","modified_gmt":"2014-12-27T14:08:58","slug":"rio-grande-pase-planta-permanente-de-un-grupo-de-municipales-contratados","status":"publish","type":"post","link":"http:\/\/argentinamunicipal.com.ar\/argentina\/rio-grande-pase-planta-permanente-de-un-grupo-de-municipales-contratados\/","title":{"rendered":"R\u00edo Grande:\u00a0pase a planta permanente de un grupo de municipales contratados"},"content":{"rendered":"<p><a href=\"http:\/\/argentinamunicipal.com.ar\/argentina\/wp-content\/uploads\/2014\/12\/1419388799-600melella_brindis2014_thumb_550.jpg\"><img loading=\"lazy\" decoding=\"async\" class=\"aligncenter size-full wp-image-21642\" src=\"http:\/\/argentinamunicipal.com.ar\/argentina\/wp-content\/uploads\/2014\/12\/1419388799-600melella_brindis2014_thumb_550.jpg\" alt=\"1419388799-600melella_brindis2014_thumb_550\" width=\"550\" height=\"411\" srcset=\"http:\/\/argentinamunicipal.com.ar\/argentina\/wp-content\/uploads\/2014\/12\/1419388799-600melella_brindis2014_thumb_550.jpg 550w, http:\/\/argentinamunicipal.com.ar\/argentina\/wp-content\/uploads\/2014\/12\/1419388799-600melella_brindis2014_thumb_550-300x224.jpg 300w\" sizes=\"auto, (max-width: 550px) 100vw, 550px\" \/><\/a><br \/>\nEl intendente Gustavo Melella anunci\u00f3 a empleados municipales que desde hace muchos a\u00f1os prestan servicios en el Municipio de R\u00edo Grande en calidad de contratados, la noticia del pase a planta permanente, en el marco de un acuerdo con los gremios estatales, otorg\u00e1ndole estabilidad laboral a estos agentes. Cabe destacar que esta es la segunda tanda de ingreso que oficializa el mandatario riograndense. Esta medida no significa ninguna erogaci\u00f3n al erario municipal, ya que este personal ven\u00eda desempe\u00f1\u00e1ndose en sus respectivas \u00e1reas.<\/p>\n<p>El Jefe comunal encabez\u00f3 en el Centro Cultural \u2018Leandro N. Alem\u2019 un brindis con los empleados que ingresan a la planta permanente del Estado municipal, en esta segunda tanda.<\/p>\n<p>Acompa\u00f1aron al Jefe comunal, el concejal Alejandro Nogar, integrantes del Gabinete municipal y los referentes gremiales de ATE y ASOEM. Justamente agradeci\u00f3 a todos ellos \u201cpor acompa\u00f1ar este momento que es importante para todos porque tiene que ver con la Navidad, con las fiestas\u201d, expres\u00f3 el profesor Melella.<\/p>\n<p>El Intendente inst\u00f3 a estos empleados, que ya vienen prestando servicios desde hace a\u00f1os en la planta transitoria, que \u201cvaloren much\u00edsimo el trabajo\u201d y asimismo remarc\u00f3 que el empleo p\u00fablico tiene una caracter\u00edstica intr\u00ednseca y a su vez trascendente y es \u201cservir al bien com\u00fan p\u00fablico; ustedes no solo son trabajadores, sino que adem\u00e1s tienen la obligaci\u00f3n de servir de la mejor manera al vecino, al contribuyente. Esta es una enorme responsabilidad y es por eso que tambi\u00e9n durante estos a\u00f1os hemos ido capacit\u00e1ndolos a trav\u00e9s de los mejores profesionales del pa\u00eds y queremos que todo eso lo vuelquen a los vecinos, con responsabilidad, con eficiencia, con eficacia y especialmente con mucho amor y cari\u00f1o que dignifican la labor diaria de todos nosotros\u201d, enfatiz\u00f3 el mandatario.<\/p>\n<p>Tambi\u00e9n les record\u00f3 que \u201csomos servidores p\u00fablicos y tenemos que trabajar permanentemente para mejorar la ciudad; ser servidores p\u00fablicos significa que tenemos que atender de la mejor manera al vecino porque esa es nuestra principal funci\u00f3n, adem\u00e1s de mantener a la ciudad\u201d.<\/p>\n<p>El mandatario remarc\u00f3 que \u201custedes tienen que estar agradecidos a la ciudad, a la que se deben, no a los pol\u00edticos porque nosotros cumplimos una funci\u00f3n transitoria, el trabajo de ustedes debe ser permanente y con calidad\u201d, enfatiz\u00f3.<\/p>\n<p>Cabe recordar tambi\u00e9n que el pasado 24 de octubre se realiz\u00f3 el ingreso de la primera tanda y en esa oportunidad, el intendente Melella observ\u00f3 que \u201cdetr\u00e1s de esta decisi\u00f3n hay todo un trabajo de informes que hacen los responsables de las distintas \u00e1reas. Hay compa\u00f1eros que todav\u00eda no han pasado a la planta permanente porque necesitamos que se esfuercen y demuestren m\u00e1s; hay otros que est\u00e1n esperando hace muchos a\u00f1os su estabilidad laboral, que es el verdadero esp\u00edritu de esta medida\u201d.<\/p>\n<h6>Fuente: Sur 54.com<\/h6>\n","protected":false},"excerpt":{"rendered":"<p>El intendente Gustavo Melella anunci\u00f3 a empleados municipales que desde hace muchos a\u00f1os prestan servicios en el Municipio de R\u00edo Grande en calidad de contratados, la noticia del pase a planta permanente, en el marco de un acuerdo con los gremios estatales, otorg\u00e1ndole estabilidad laboral a estos agentes. Cabe destacar que esta es la segunda<\/p>\n","protected":false},"author":2,"featured_media":21642,"comment_status":"closed","ping_status":"closed","sticky":false,"template":"","format":"standard","meta":{"footnotes":""},"categories":[7],"tags":[34],"class_list":["post-21641","post","type-post","status-publish","format-standard","has-post-thumbnail","hentry","category-informe-sindical","tag-tierra-del-fuego"],"_links":{"self":[{"href":"http:\/\/argentinamunicipal.com.ar\/argentina\/wp-json\/wp\/v2\/posts\/21641","targetHints":{"allow":["GET"]}}],"collection":[{"href":"http:\/\/argentinamunicipal.com.ar\/argentina\/wp-json\/wp\/v2\/posts"}],"about":[{"href":"http:\/\/argentinamunicipal.com.ar\/argentina\/wp-json\/wp\/v2\/types\/post"}],"author":[{"embeddable":true,"href":"http:\/\/argentinamunicipal.com.ar\/argentina\/wp-json\/wp\/v2\/users\/2"}],"replies":[{"embeddable":true,"href":"http:\/\/argentinamunicipal.com.ar\/argentina\/wp-json\/wp\/v2\/comments?post=21641"}],"version-history":[{"count":0,"href":"http:\/\/argentinamunicipal.com.ar\/argentina\/wp-json\/wp\/v2\/posts\/21641\/revisions"}],"wp:featuredmedia":[{"embeddable":true,"href":"http:\/\/argentinamunicipal.com.ar\/argentina\/wp-json\/wp\/v2\/media\/21642"}],"wp:attachment":[{"href":"http:\/\/argentinamunicipal.com.ar\/argentina\/wp-json\/wp\/v2\/media?parent=21641"}],"wp:term":[{"taxonomy":"category","embeddable":true,"href":"http:\/\/argentinamunicipal.com.ar\/argentina\/wp-json\/wp\/v2\/categories?post=21641"},{"taxonomy":"post_tag","embeddable":true,"href":"http:\/\/argentinamunicipal.com.ar\/argentina\/wp-json\/wp\/v2\/tags?post=21641"}],"curies":[{"name":"wp","href":"https:\/\/api.w.org\/{rel}","templated":true}]}}