{"id":21659,"date":"2014-12-27T11:42:01","date_gmt":"2014-12-27T14:42:01","guid":{"rendered":"http:\/\/argentinamunicipal.com.ar\/argentina\/?p=21659"},"modified":"2014-12-27T11:42:01","modified_gmt":"2014-12-27T14:42:01","slug":"planean-un-paseo-costanero-en-la-ribera-del-rio-tunuyan","status":"publish","type":"post","link":"http:\/\/argentinamunicipal.com.ar\/argentina\/planean-un-paseo-costanero-en-la-ribera-del-rio-tunuyan\/","title":{"rendered":"Planean un paseo costanero en la ribera del r\u00edo Tunuy\u00e1n"},"content":{"rendered":"<p><a href=\"http:\/\/argentinamunicipal.com.ar\/argentina\/wp-content\/uploads\/2014\/12\/image549e17267215f3.45819884.jpg\"><img loading=\"lazy\" decoding=\"async\" class=\"aligncenter  wp-image-21660\" src=\"http:\/\/argentinamunicipal.com.ar\/argentina\/wp-content\/uploads\/2014\/12\/image549e17267215f3.45819884.jpg\" alt=\"image549e17267215f3.45819884\" width=\"742\" height=\"459\" srcset=\"http:\/\/argentinamunicipal.com.ar\/argentina\/wp-content\/uploads\/2014\/12\/image549e17267215f3.45819884.jpg 1157w, http:\/\/argentinamunicipal.com.ar\/argentina\/wp-content\/uploads\/2014\/12\/image549e17267215f3.45819884-300x185.jpg 300w, http:\/\/argentinamunicipal.com.ar\/argentina\/wp-content\/uploads\/2014\/12\/image549e17267215f3.45819884-1024x633.jpg 1024w\" sizes=\"auto, (max-width: 742px) 100vw, 742px\" \/><\/a><br \/>\nEl dise\u00f1o pertenece a una universitaria que lo elabor\u00f3 para su tesis de arquitectura. La comuna lo tom\u00f3 y ahora busca financiamiento.<\/p>\n<p>La necesidad de aprovechar la ribera del r\u00edo Tunuy\u00e1n y vincularla con la din\u00e1mica de la ciudad es un desaf\u00edo que comenz\u00f3 a sonar en los \u201880 en Tunuy\u00e1n.<\/p>\n<p>Este a\u00f1o, una \u00a0joven universitaria dise\u00f1\u00f3 un interesante recorrido biosaludable con un centro de interpretaci\u00f3n para funcionalizar el costado este de la villa cabecera. La tesis enseguida gener\u00f3 adhesiones y el municipio est\u00e1 en la b\u00fasqueda de financiamiento para llevarla a cabo.<br \/>\nA lo largo de poco m\u00e1s de 8 km, la m\u00e1rgenes del r\u00edo Tunuy\u00e1n hoy presentan paisajes poco apreciables: terrenos in\u00fatiles e inundables, basurales, ca\u00f1averales, bald\u00edos, barrios, etc.<\/p>\n<p>La idea de la futura arquitecta -y ahora tambi\u00e9n de la comuna- es equipar este sector que serpentea junto al r\u00edo con senderos para ciclistas y caminatas, con nodos deportivos y recreativos, con sitios de avistaje de la naturaleza y con un centro de atenci\u00f3n.<\/p>\n<p>Un a\u00f1o le llev\u00f3 a Antonela Bar\u00f3n estudiar las condiciones del territorio y armar este \u201cmaster plan\u201d pensado para intervenir en unas 867 hect\u00e1reas, que van desde el Parque Lombard\u00eda (hoy un sitio poco aprovechado por los vecinos), al extremo norte, hasta el puente del R\u00edo Tunuy\u00e1n, sobre la ruta 40.<\/p>\n<p>El recorrido pasa, entre otros lugares, por el albergue y el Anfiteatro Municipal, escenario natural del Festival de la Tonada.<\/p>\n<p>Lo m\u00e1s importante es que el proyecto no quedar\u00e1 en el \u00e1mbito acad\u00e9mico. Andrea Avena, titular de Planificaci\u00f3n y Ordenamiento Territorial de la comuna, acompa\u00f1\u00f3 el proceso de estudio y asegur\u00f3 que ya cuentan con parte del financiamiento y el marco legislativo para llevarlo a cabo.<\/p>\n<p>Tunuy\u00e1n es una de las pocas ciudades mendocinas que tiene la caracter\u00edstica de estar contorneada por un r\u00edo provincial, sin embargo nunca supo sacar claras ventajas de esta particularidad.<\/p>\n<p>El hecho de que la mayor\u00eda de los terrenos que constituyen las m\u00e1rgenes del afluente sean de dominio privado, con una servidumbre de paso regulada por Irrigaci\u00f3n, fren\u00f3 los proyectos que intentaron darle una funci\u00f3n a este espacio.<\/p>\n<p>Lo cierto es que el a\u00f1o pasado avanzaron algunos pasos. Avena expuso que, junto a Irrigaci\u00f3n y la Direcci\u00f3n de Recursos Naturales, estudiaron la topograf\u00eda de la ribera para relevar a los propietarios de los terrenos afectados.<\/p>\n<p>\u201cHay tierras todav\u00eda usadas con fines agr\u00edcolas, otras en desuso y muchos son emprendimientos residenciales, que donar\u00e1n ciertas fracciones para equipamiento social, seg\u00fan lo estipula la Ley de Fraccionamiento y Loteo\u201d, dijo la funcionaria.<\/p>\n<h3><a href=\"http:\/\/argentinamunicipal.com.ar\/argentina\/wp-content\/uploads\/2014\/12\/image549e16cc445401.56659387.jpg\"><img loading=\"lazy\" decoding=\"async\" class=\"alignleft wp-image-21661 \" src=\"http:\/\/argentinamunicipal.com.ar\/argentina\/wp-content\/uploads\/2014\/12\/image549e16cc445401.56659387-e1419691251959.jpg\" alt=\"image549e16cc445401.56659387\" width=\"248\" height=\"498\" srcset=\"http:\/\/argentinamunicipal.com.ar\/argentina\/wp-content\/uploads\/2014\/12\/image549e16cc445401.56659387-e1419691251959.jpg 302w, http:\/\/argentinamunicipal.com.ar\/argentina\/wp-content\/uploads\/2014\/12\/image549e16cc445401.56659387-e1419691251959-149x300.jpg 149w\" sizes=\"auto, (max-width: 248px) 100vw, 248px\" \/><\/a>El proyecto<\/h3>\n<p>\u201cQueremos retomar la idea de un paseo costanero, pero lo llevaremos a la pr\u00e1ctica con un proyecto menos ambicioso\u201d, apunt\u00f3 Avena. El mismo propone la construcci\u00f3n de circuitos peatonales y cicl\u00edsticos, con miradores a mitad de camino para disfrutar del paisaje del r\u00edo y la monta\u00f1a.<\/p>\n<p>Tambi\u00e9n un corredor gastron\u00f3mico, un paseo artesanal permanente, zonas con juegos para ni\u00f1os y m\u00e1quinas para ejercicios.<\/p>\n<p>Aunque la frutilla del postre es el centro de interpretaci\u00f3n. \u201cEs la evoluci\u00f3n de un museo. A trav\u00e9s de distintos materiales y del dise\u00f1o del recorrido, el visitante experimentar\u00e1 la monta\u00f1a, el desierto, el camino de los r\u00edos y el agua como recurso vital de este oasis\u201d, explic\u00f3 por su parte Bar\u00f3n.<\/p>\n<h6>Fuente: Los Andes<\/h6>\n","protected":false},"excerpt":{"rendered":"<p>El dise\u00f1o pertenece a una universitaria que lo elabor\u00f3 para su tesis de arquitectura. La comuna lo tom\u00f3 y ahora busca financiamiento. La necesidad de aprovechar la ribera del r\u00edo Tunuy\u00e1n y vincularla con la din\u00e1mica de la ciudad es un desaf\u00edo que comenz\u00f3 a sonar en los \u201880 en Tunuy\u00e1n. Este a\u00f1o, una \u00a0joven<\/p>\n","protected":false},"author":2,"featured_media":21661,"comment_status":"closed","ping_status":"closed","sticky":false,"template":"","format":"standard","meta":{"footnotes":""},"categories":[2],"tags":[31],"class_list":["post-21659","post","type-post","status-publish","format-standard","has-post-thumbnail","hentry","category-informe-municipal","tag-mendoza"],"_links":{"self":[{"href":"http:\/\/argentinamunicipal.com.ar\/argentina\/wp-json\/wp\/v2\/posts\/21659","targetHints":{"allow":["GET"]}}],"collection":[{"href":"http:\/\/argentinamunicipal.com.ar\/argentina\/wp-json\/wp\/v2\/posts"}],"about":[{"href":"http:\/\/argentinamunicipal.com.ar\/argentina\/wp-json\/wp\/v2\/types\/post"}],"author":[{"embeddable":true,"href":"http:\/\/argentinamunicipal.com.ar\/argentina\/wp-json\/wp\/v2\/users\/2"}],"replies":[{"embeddable":true,"href":"http:\/\/argentinamunicipal.com.ar\/argentina\/wp-json\/wp\/v2\/comments?post=21659"}],"version-history":[{"count":0,"href":"http:\/\/argentinamunicipal.com.ar\/argentina\/wp-json\/wp\/v2\/posts\/21659\/revisions"}],"wp:featuredmedia":[{"embeddable":true,"href":"http:\/\/argentinamunicipal.com.ar\/argentina\/wp-json\/wp\/v2\/media\/21661"}],"wp:attachment":[{"href":"http:\/\/argentinamunicipal.com.ar\/argentina\/wp-json\/wp\/v2\/media?parent=21659"}],"wp:term":[{"taxonomy":"category","embeddable":true,"href":"http:\/\/argentinamunicipal.com.ar\/argentina\/wp-json\/wp\/v2\/categories?post=21659"},{"taxonomy":"post_tag","embeddable":true,"href":"http:\/\/argentinamunicipal.com.ar\/argentina\/wp-json\/wp\/v2\/tags?post=21659"}],"curies":[{"name":"wp","href":"https:\/\/api.w.org\/{rel}","templated":true}]}}