{"id":21663,"date":"2014-12-27T11:48:20","date_gmt":"2014-12-27T14:48:20","guid":{"rendered":"http:\/\/argentinamunicipal.com.ar\/argentina\/?p=21663"},"modified":"2014-12-27T11:51:04","modified_gmt":"2014-12-27T14:51:04","slug":"fiesta-nacional-del-bombo-26-y-27-de-diciembre-en-frias","status":"publish","type":"post","link":"http:\/\/argentinamunicipal.com.ar\/argentina\/fiesta-nacional-del-bombo-26-y-27-de-diciembre-en-frias\/","title":{"rendered":"Fiesta Nacional del Bombo  26 y 27 de diciembre en Fr\u00edas"},"content":{"rendered":"<p><a href=\"http:\/\/argentinamunicipal.com.ar\/argentina\/wp-content\/uploads\/2014\/12\/2ee131_1779760_733323610094409_8800239487080580986_n.jpg\"><img loading=\"lazy\" decoding=\"async\" class=\"alignleft size-full wp-image-21664\" src=\"http:\/\/argentinamunicipal.com.ar\/argentina\/wp-content\/uploads\/2014\/12\/2ee131_1779760_733323610094409_8800239487080580986_n.jpg\" alt=\"2ee131_1779760_733323610094409_8800239487080580986_n\" width=\"518\" height=\"395\" srcset=\"http:\/\/argentinamunicipal.com.ar\/argentina\/wp-content\/uploads\/2014\/12\/2ee131_1779760_733323610094409_8800239487080580986_n.jpg 518w, http:\/\/argentinamunicipal.com.ar\/argentina\/wp-content\/uploads\/2014\/12\/2ee131_1779760_733323610094409_8800239487080580986_n-300x228.jpg 300w\" sizes=\"auto, (max-width: 518px) 100vw, 518px\" \/><\/a>Una importante cartelera ya fue confirmada. Artistas de renombre nacional y cantantes locales engalanar\u00e1n el esperado evento.<\/p>\n<p>ENTRADAS. Los tiques ya est\u00e1n a la venta, tambi\u00e9n se comercian los abonos familiares.<\/p>\n<p>La Fiesta Nacional del Bombo, uno de los espect\u00e1culos m\u00e1s referenciales de la historia de la provincia de Santiago del Estero, ya tiene fecha, ser\u00e1 las noches del pr\u00f3ximo 26 y 27 de diciembre en las instalaciones del Club Central C\u00f3rdoba, ubicado en la esquina de Rivadavia y Roca, entidad friense que le dio origen al festival.<\/p>\n<p>El lanzamiento del evento se realiz\u00f3 en el sal\u00f3n de conferencias de la comuna local, con la presencia de autoridades comunales, dirigentes del club y miembros de la organizaci\u00f3n del espect\u00e1culo.<\/p>\n<p>Artistas<\/p>\n<p>En la oportunidad adelantaron que la fiesta ya tiene una importante grilla de artistas, entre ellos Los Manseros Santiague\u00f1os, N\u00e9stor Garnica, Bruno Arias, Juan Saavedra, Graciela Carabajal, Marcelo Toledo, Mar\u00eda Eugenia D\u00edaz, Alejandro V\u00e9liz, Saul y Los Palmare\u00f1os.<\/p>\n<p>En el plano local, los organizadores tambi\u00e9n confirmaron la presencia de Belco Quiroga, Pablo Castillo, Arichi Romano, Facundo Liendo, el Ballet del Club Central C\u00f3rdoba y el S\u00famaj Danzanki.<\/p>\n<p>La inauguraci\u00f3n de la fiesta del folclore contar\u00e1, como ya sucedi\u00f3 en otras oportunidades, con la tradicional Marcha de los Bombos, encabezada por Tere Castronovo y Froil\u00e1n Gonz\u00e1lez.<\/p>\n<p>Tambi\u00e9n se ha convocado a la participaci\u00f3n de artesanos de la zona, para exponer sus productos en una zona especialmente acondicionada para este fin en las inmediaciones del club.<\/p>\n<p>Entradas<br \/>\nLos organizadores indicaron que las entradas anticipas para el evento ya est\u00e1n a la venta desde este fin de semana, al igual que el abono familiar, combo que contiene cinco entradas para el espect\u00e1culo.<\/p>\n<h6>Fuente: El Liberal<\/h6>\n","protected":false},"excerpt":{"rendered":"<p>Una importante cartelera ya fue confirmada. Artistas de renombre nacional y cantantes locales engalanar\u00e1n el esperado evento. ENTRADAS. Los tiques ya est\u00e1n a la venta, tambi\u00e9n se comercian los abonos familiares. La Fiesta Nacional del Bombo, uno de los espect\u00e1culos m\u00e1s referenciales de la historia de la provincia de Santiago del Estero, ya tiene fecha,<\/p>\n","protected":false},"author":2,"featured_media":21664,"comment_status":"closed","ping_status":"closed","sticky":false,"template":"","format":"standard","meta":{"footnotes":""},"categories":[47],"tags":[37],"class_list":["post-21663","post","type-post","status-publish","format-standard","has-post-thumbnail","hentry","category-fiestas","tag-santiago-del-estero"],"_links":{"self":[{"href":"http:\/\/argentinamunicipal.com.ar\/argentina\/wp-json\/wp\/v2\/posts\/21663","targetHints":{"allow":["GET"]}}],"collection":[{"href":"http:\/\/argentinamunicipal.com.ar\/argentina\/wp-json\/wp\/v2\/posts"}],"about":[{"href":"http:\/\/argentinamunicipal.com.ar\/argentina\/wp-json\/wp\/v2\/types\/post"}],"author":[{"embeddable":true,"href":"http:\/\/argentinamunicipal.com.ar\/argentina\/wp-json\/wp\/v2\/users\/2"}],"replies":[{"embeddable":true,"href":"http:\/\/argentinamunicipal.com.ar\/argentina\/wp-json\/wp\/v2\/comments?post=21663"}],"version-history":[{"count":0,"href":"http:\/\/argentinamunicipal.com.ar\/argentina\/wp-json\/wp\/v2\/posts\/21663\/revisions"}],"wp:featuredmedia":[{"embeddable":true,"href":"http:\/\/argentinamunicipal.com.ar\/argentina\/wp-json\/wp\/v2\/media\/21664"}],"wp:attachment":[{"href":"http:\/\/argentinamunicipal.com.ar\/argentina\/wp-json\/wp\/v2\/media?parent=21663"}],"wp:term":[{"taxonomy":"category","embeddable":true,"href":"http:\/\/argentinamunicipal.com.ar\/argentina\/wp-json\/wp\/v2\/categories?post=21663"},{"taxonomy":"post_tag","embeddable":true,"href":"http:\/\/argentinamunicipal.com.ar\/argentina\/wp-json\/wp\/v2\/tags?post=21663"}],"curies":[{"name":"wp","href":"https:\/\/api.w.org\/{rel}","templated":true}]}}