{"id":21704,"date":"2014-12-29T09:34:23","date_gmt":"2014-12-29T12:34:23","guid":{"rendered":"http:\/\/argentinamunicipal.com.ar\/argentina\/?p=21704"},"modified":"2014-12-29T09:34:23","modified_gmt":"2014-12-29T12:34:23","slug":"se-instalara-en-rafaela-un-centro-tecnologico-de-nivel-internacional","status":"publish","type":"post","link":"http:\/\/argentinamunicipal.com.ar\/argentina\/se-instalara-en-rafaela-un-centro-tecnologico-de-nivel-internacional\/","title":{"rendered":"Se instalar\u00e1 en Rafaela un Centro Tecnol\u00f3gico de nivel internacional"},"content":{"rendered":"<p><a href=\"http:\/\/argentinamunicipal.com.ar\/argentina\/wp-content\/uploads\/2014\/12\/17424-0000.jpg\"><img loading=\"lazy\" decoding=\"async\" class=\"aligncenter size-full wp-image-21705\" src=\"http:\/\/argentinamunicipal.com.ar\/argentina\/wp-content\/uploads\/2014\/12\/17424-0000.jpg\" alt=\"17424-0000\" width=\"700\" height=\"477\" srcset=\"http:\/\/argentinamunicipal.com.ar\/argentina\/wp-content\/uploads\/2014\/12\/17424-0000.jpg 700w, http:\/\/argentinamunicipal.com.ar\/argentina\/wp-content\/uploads\/2014\/12\/17424-0000-300x204.jpg 300w\" sizes=\"auto, (max-width: 700px) 100vw, 700px\" \/><\/a><br \/>\nEl Ministerio de Ciencia, Tecnolog\u00eda e Innovaci\u00f3n Productiva de la Naci\u00f3n financiar\u00e1 la construcci\u00f3n de un CEN-TEC en Rafaela, que hab\u00eda sido solicitado por el diputado nacional, Omar Perotti. Funcionar\u00e1 en el PAER y atender\u00e1 la demanda de servicios de fabricaci\u00f3n de prototipos y matrices para la industria metalmec\u00e1nica y alimenticia.<\/p>\n<p>Con una inversi\u00f3n de 22 millones de pesos, se construir\u00e1 en Rafaela un Centro Tecnol\u00f3gico y de Servicios de Mecatr\u00f3nica y Prototipado r\u00e1pido que funcionar\u00e1 bajo la denominaci\u00f3n CEN-TEC. As\u00ed lo anticip\u00f3 el diputado nacional, Omar Perotti, quien realiz\u00f3 las gestiones ante el Ministerio de Ciencia, Tecnolog\u00eda e Innovaci\u00f3n Productiva y el FONTAR, que aportar\u00e1 el dinero para financiar el proyecto en tanto que la Municipalidad rafaelina aportar\u00e1 un terreno en el coraz\u00f3n del Parque de Actividades Econ\u00f3micas (PAER), cercano al Instituto Tecnol\u00f3gico (ITEC).<\/p>\n<p>El rol del CEN-TEC Rafaela ser\u00e1 atender la demanda de servicios de fabricaci\u00f3n de prototipos, matrices y nuevas piezas vinculadas a la industria metalmec\u00e1nica, alimenticia, flu\u00eddica, matricer\u00eda y de procesos. Sus ejes de trabajo son el dise\u00f1o y desarrollo de productos, los ensayos para m\u00e1quinas y equipos el\u00e9ctricos y la mecatr\u00f3nica, la cual consiste en la interrelaci\u00f3n entre las \u00e1reas de ingenier\u00eda electr\u00f3nica, inform\u00e1tica, neum\u00e1tica y sistemas de control.<\/p>\n<p>La propuesta contempla la formaci\u00f3n y entrenamiento de recursos humanos de las empresas y la vinculaci\u00f3n del sistema cient\u00edfico tecnol\u00f3gico y el universitario. Asimismo, contar\u00e1 con equipamiento con tecnolog\u00eda de primer nivel internacional: impresoras 3D de origen alem\u00e1n, tanto para la creaci\u00f3n de productos pl\u00e1sticos como en distintos metales; scanner 3D, un centro de mecanizado, equipamiento inform\u00e1tico con software de simulaci\u00f3n, probador de seguridad el\u00e9ctrica y un banco de prueba de sistemas.<\/p>\n<p>Perotti expres\u00f3 que la Secretar\u00eda de Planeamiento y Pol\u00edticas en Ciencia Tecnolog\u00eda e Innovaci\u00f3n Productiva de la Naci\u00f3n finaliz\u00f3 entre el lunes y martes de la semana pasada el trabajo de evaluaci\u00f3n del proyecto, un proceso que termin\u00f3 con la aprobaci\u00f3n y por ende en la creaci\u00f3n del CEN-TEC Rafaela. \u00bfTiempos de ejecuci\u00f3n? \u00abDepende de la fecha de la firma de convenio, pero queremos avanzar lo m\u00e1s r\u00e1pido posible ya que el presupuesto est\u00e1 disponible\u00bb, puntualiz\u00f3 el legislador.<\/p>\n<p>\u00abEl Centro Tecnol\u00f3gico traer\u00e1 beneficios para los diversos sectores productivos de la regi\u00f3n. El dise\u00f1o y la creaci\u00f3n en menor tiempo de nuevos productos, la asistencia e investigaci\u00f3n para empresas, la formaci\u00f3n de profesionales en materia de rob\u00f3tica y realidad virtual son s\u00f3lo algunos ejemplos de ello\u00bb, sostuvo Perotti al poner en valor la importancia de esta radicaci\u00f3n.<\/p>\n<p>El Ministerio de Ciencia, Tecnolog\u00eda e Innovaci\u00f3n Productiva a trav\u00e9s de su Secretar\u00eda de Planeamiento y Pol\u00edticas y el Fondo Tecnol\u00f3gico Argentino -FONTAR- son los que financian estos centros estrat\u00e9gicos en el pa\u00eds. El CEN-TEC estar\u00e1 ubicado en el Parque Actividades Econ\u00f3micas Rafaela, donde se construir\u00e1 un edificio de 700m2 aproximadamente. En este sentido, los fondos nacionales permitir\u00e1n la construcci\u00f3n del inmueble y la adquisici\u00f3n de los equipos de alta tecnolog\u00eda.<\/p>\n<p>Perotti se\u00f1al\u00f3 que este \u00abnuevo logro para Rafaela\u00bb es el resultado de \u00abun largo y silencioso trabajo ante la Secretar\u00eda de Planeamiento y Pol\u00edticas en Ciencia, Tecnolog\u00eda e Innovaci\u00f3n Productiva de la Naci\u00f3n y el FONTAR\u00bb. El legislador indic\u00f3 que \u00abpara alcanzar el objetivo que nos hab\u00edamos propuesto conformamos un gran equipo de gesti\u00f3n junto a la Municipalidad de Rafaela, a partir de la decisi\u00f3n del intendente Luis Castellano y a trav\u00e9s de la Secretar\u00eda de Desarrollo, Innovaci\u00f3n y Relaciones Internacionales con Marcelo Ortenzi y sus colaboradores, el Instituto Nacional de Tecnolog\u00eda Industrial -INTI- de Rafaela, con el Ing. Omar Gasparotti y con la coordinaci\u00f3n del Ing. Alejandro Bento\u00bb.<br \/>\nLa Asociaci\u00f3n Civil para el Desarrollo y la Innovaci\u00f3n Competitiva Agencia Rafaela -ACDICAR-, considerada como una valiosa herramienta de la articulaci\u00f3n p\u00fablico privada, asumir\u00e1 la gesti\u00f3n del CEN-TEC.<\/p>\n<p>El objetivo de acceder a un centro tecnol\u00f3gico para la regi\u00f3n es un objetivo que se hab\u00edan fijado los sectores productivos, el Municipio local y del Centro Comercial e Industrial de Rafaela y la Regi\u00f3n (CCIRR). Un dato clave que facilit\u00f3 la aprobaci\u00f3n del proyecto por parte del Ministerio de Ciencia y Tecnolog\u00eda de la Naci\u00f3n fue la reciente sanci\u00f3n del Congreso de la ley que crea la Universidad Nacional de Rafaela, ya que ambas instituciones tendr\u00e1n fortalezas complementarias que permitir\u00e1n potenciar los servicios que ofrecer\u00e1 cada una.<\/p>\n<p>Por \u00faltimo, Perotti destac\u00f3 el rol de los \u00faltimos a\u00f1os de la cartera nacional dirigida por el ministro Lino Bara\u00f1ao: \u00abEsta nueva iniciativa es parte una pol\u00edtica basada en promover la ciencia y la tecnolog\u00eda bajo un sistema m\u00e1s federal, vinculando el conocimiento con la producci\u00f3n\u00bb. \u00abEl CEN-TEC Rafaela va a ser uno de los m\u00e1s importantes del pa\u00eds, un centro de referencia en rob\u00f3tica que fortalecer\u00e1 a\u00fan m\u00e1s el entramado industrial\u00bb se ilusiona el diputado nacional.<\/p>\n<h6>Fuente: La Opini\u00f3n Line<\/h6>\n","protected":false},"excerpt":{"rendered":"<p>El Ministerio de Ciencia, Tecnolog\u00eda e Innovaci\u00f3n Productiva de la Naci\u00f3n financiar\u00e1 la construcci\u00f3n de un CEN-TEC en Rafaela, que hab\u00eda sido solicitado por el diputado nacional, Omar Perotti. Funcionar\u00e1 en el PAER y atender\u00e1 la demanda de servicios de fabricaci\u00f3n de prototipos y matrices para la industria metalmec\u00e1nica y alimenticia. Con una inversi\u00f3n de<\/p>\n","protected":false},"author":2,"featured_media":21705,"comment_status":"closed","ping_status":"closed","sticky":false,"template":"","format":"standard","meta":{"footnotes":""},"categories":[2],"tags":[10],"class_list":["post-21704","post","type-post","status-publish","format-standard","has-post-thumbnail","hentry","category-informe-municipal","tag-santa-fe"],"_links":{"self":[{"href":"http:\/\/argentinamunicipal.com.ar\/argentina\/wp-json\/wp\/v2\/posts\/21704","targetHints":{"allow":["GET"]}}],"collection":[{"href":"http:\/\/argentinamunicipal.com.ar\/argentina\/wp-json\/wp\/v2\/posts"}],"about":[{"href":"http:\/\/argentinamunicipal.com.ar\/argentina\/wp-json\/wp\/v2\/types\/post"}],"author":[{"embeddable":true,"href":"http:\/\/argentinamunicipal.com.ar\/argentina\/wp-json\/wp\/v2\/users\/2"}],"replies":[{"embeddable":true,"href":"http:\/\/argentinamunicipal.com.ar\/argentina\/wp-json\/wp\/v2\/comments?post=21704"}],"version-history":[{"count":0,"href":"http:\/\/argentinamunicipal.com.ar\/argentina\/wp-json\/wp\/v2\/posts\/21704\/revisions"}],"wp:featuredmedia":[{"embeddable":true,"href":"http:\/\/argentinamunicipal.com.ar\/argentina\/wp-json\/wp\/v2\/media\/21705"}],"wp:attachment":[{"href":"http:\/\/argentinamunicipal.com.ar\/argentina\/wp-json\/wp\/v2\/media?parent=21704"}],"wp:term":[{"taxonomy":"category","embeddable":true,"href":"http:\/\/argentinamunicipal.com.ar\/argentina\/wp-json\/wp\/v2\/categories?post=21704"},{"taxonomy":"post_tag","embeddable":true,"href":"http:\/\/argentinamunicipal.com.ar\/argentina\/wp-json\/wp\/v2\/tags?post=21704"}],"curies":[{"name":"wp","href":"https:\/\/api.w.org\/{rel}","templated":true}]}}