{"id":21722,"date":"2014-12-29T10:03:16","date_gmt":"2014-12-29T13:03:16","guid":{"rendered":"http:\/\/argentinamunicipal.com.ar\/argentina\/?p=21722"},"modified":"2014-12-29T10:03:16","modified_gmt":"2014-12-29T13:03:16","slug":"despues-de-13-anos-eeuu-y-la-otan-dan-por-terminada-la-guerra-en-afganistan","status":"publish","type":"post","link":"http:\/\/argentinamunicipal.com.ar\/argentina\/despues-de-13-anos-eeuu-y-la-otan-dan-por-terminada-la-guerra-en-afganistan\/","title":{"rendered":"Despu\u00e9s de 13 a\u00f1os, EEUU y la Ot\u00e1n dan por terminada la guerra en Afganist\u00e1n"},"content":{"rendered":"<div id=\"attachment_21723\" style=\"width: 675px\" class=\"wp-caption aligncenter\"><a href=\"http:\/\/argentinamunicipal.com.ar\/argentina\/wp-content\/uploads\/2014\/12\/54a0223b59765_800x533.jpg\"><img loading=\"lazy\" decoding=\"async\" aria-describedby=\"caption-attachment-21723\" class=\" wp-image-21723\" src=\"http:\/\/argentinamunicipal.com.ar\/argentina\/wp-content\/uploads\/2014\/12\/54a0223b59765_800x533.jpg\" alt=\"Final. El general John Campbell, jefe de la Isaf, recibe la bandera apenas arriada en una base de Kabul.\" width=\"665\" height=\"443\" srcset=\"http:\/\/argentinamunicipal.com.ar\/argentina\/wp-content\/uploads\/2014\/12\/54a0223b59765_800x533.jpg 800w, http:\/\/argentinamunicipal.com.ar\/argentina\/wp-content\/uploads\/2014\/12\/54a0223b59765_800x533-300x199.jpg 300w\" sizes=\"auto, (max-width: 665px) 100vw, 665px\" \/><\/a><p id=\"caption-attachment-21723\" class=\"wp-caption-text\">Final. El general John Campbell, jefe de la Isaf, recibe la bandera apenas arriada en una base de Kabul.<\/p><\/div>\n<p>Quedar\u00e1n 13.500 soldados para apoyar al ej\u00e9rcito afgano. El movimiento talib\u00e1n caus\u00f3 8.000 muertos este a\u00f1o y est\u00e1 a la ofensiva.<\/p>\n<p>Estados Unidos y la Ot\u00e1n terminaron formalmente su guerra en Afganist\u00e1n luego de 13 a\u00f1os sangrientos, con una ceremonia tranquila de arriamiento de banderas en Kabul que marc\u00f3 la transici\u00f3n de la lucha, de las tropas de combate lideradas por Estados Unidos a las propias fuerzas de seguridad afganas. Pero la ofensiva de los talibanes es tan potente que oblig\u00f3 a los organizadores a no anticipar a la prensa el lugar de la ceremonia, ni la hora, por temor a que el lugar fuera bombardeado.<\/p>\n<p>La insurgencia afgana sigue siendo tan feroz y mortal como en cualquier otro momento desde la invasi\u00f3n de fines de 2001, que derroc\u00f3 al r\u00e9gimen talib\u00e1n luego de los atentados terroristas del 11 de septiembre contra Nueva York y Washington que dejaron casi 3.000 muertos. Al Qaeda, autora de esos atentados terroristas, se refugiaga en Afganist\u00e1n bajo la protecci\u00f3n de la dictadura isl\u00e1mica de los talibanes. Esto llev\u00f3 a la invasi\u00f3n poco despu\u00e9s, con la colaboraci\u00f3n de las milicias afganas que resist\u00edan al r\u00e9gimen talib\u00e1n. A partir del 1\u00ba de enero, Estados Unidos pasar\u00e1 a tener un papel secundario, aunque mantendr\u00e1 junto con sus aliados de la Ot\u00e1n a 13.500 soldados sobre el terreno.<\/p>\n<p>Frente a una audiencia peque\u00f1a en la sede de la misi\u00f3n de la Ot\u00e1n, la bandera verde y blanca de la Fuerza Internacional de Asistencia para la Seguridad (Isaf, por sus siglas en ingl\u00e9s) fue arriada y doblada ceremonialmente. Momentos despu\u00e9s, fue izada la bandera de la nueva misi\u00f3n internacional, denominada Apoyo Decidido. El general John Campbell, comandante de la Isaf, enfund\u00f3 la bandera y rindi\u00f3 homenaje a los 3.500 soldados de diversas naciones que murieron en los campos de batalla de Afganist\u00e1n en estos 13 a\u00f1os. Tambi\u00e9n elogi\u00f3 al ej\u00e9rcito afgano, diciendo que tiene confianza de que ser\u00e1 capaz de asumir la lucha por s\u00ed solo. \u00abApoyo Decidido servir\u00e1 como piedra angular de una sociedad duradera\u00bb entre la Ot\u00e1n y Afganist\u00e1n, afirm\u00f3 Campbell a una audiencia de oficiales afganos y militares y funcionarios internacionales, adem\u00e1s de diplom\u00e1ticos y periodistas. \u00abEl camino que tenemos ante nosotros sigue siendo un reto, pero vamos a triunfar\u00bb, agreg\u00f3.<\/p>\n<p>A partir del 1\u00ba de enero la nueva misi\u00f3n proporcionar\u00e1 formaci\u00f3n y apoyo al ej\u00e9rcito local, con Estados Unidos aportando casi 11.000 miembros a esta fuerza \u00abresidual\u00bb pero por cierto potente y muy armada. El presidente afgano, Ashraf Ghani, que asumi\u00f3 el poder en septiembre pasado, firm\u00f3 acuerdos bilaterales de seguridad con Washington y la Ot\u00e1n, los que permiten la presencia militar permanente. La medida ha provocado un aumento de la violencia terrorista, ya que los talibanes han empleado el acuerdo como excusa para intensificar las operaciones dirigidas a desestabilizar al gobierno. La misi\u00f3n de la Ot\u00e1n termina con 2.224 soldados estadounidenses muertos sobre un total de 3.500 efectivos extranjeros fallecidos. La fuerza alcanz\u00f3 su m\u00e1ximo en 2010 con 140.000 soldados. La retirada de la Isaf dejar\u00e1 a las fuerzas de seguridad afganas frente a frente con una insurgencia en aumento, mientras los talibanes se aprovechan de la marcha de las tropas extranjeras para marcar su huella por todo el pa\u00eds. Naciones Unidas dice que las bajas civiles alcanzar\u00e1n las 10.000 personas este a\u00f1o. Los talibanes han lanzado ataques cada vez m\u00e1s mort\u00edferos en el \u00faltimo a\u00f1o. Casi 3.200 civiles afganos murieron en el conflicto en 2014, y m\u00e1s de 4.600 militares y polic\u00edas afganos han muerto en ataques talibanes en el mismo lapso.<\/p>\n<h6>Fuente: La Capital, Rosario<\/h6>\n","protected":false},"excerpt":{"rendered":"<p>Quedar\u00e1n 13.500 soldados para apoyar al ej\u00e9rcito afgano. El movimiento talib\u00e1n caus\u00f3 8.000 muertos este a\u00f1o y est\u00e1 a la ofensiva. Estados Unidos y la Ot\u00e1n terminaron formalmente su guerra en Afganist\u00e1n luego de 13 a\u00f1os sangrientos, con una ceremonia tranquila de arriamiento de banderas en Kabul que marc\u00f3 la transici\u00f3n de la lucha, de<\/p>\n","protected":false},"author":2,"featured_media":21723,"comment_status":"closed","ping_status":"closed","sticky":false,"template":"","format":"standard","meta":{"footnotes":""},"categories":[22],"tags":[57],"class_list":["post-21722","post","type-post","status-publish","format-standard","has-post-thumbnail","hentry","category-el-mundo","tag-el-mundo"],"_links":{"self":[{"href":"http:\/\/argentinamunicipal.com.ar\/argentina\/wp-json\/wp\/v2\/posts\/21722","targetHints":{"allow":["GET"]}}],"collection":[{"href":"http:\/\/argentinamunicipal.com.ar\/argentina\/wp-json\/wp\/v2\/posts"}],"about":[{"href":"http:\/\/argentinamunicipal.com.ar\/argentina\/wp-json\/wp\/v2\/types\/post"}],"author":[{"embeddable":true,"href":"http:\/\/argentinamunicipal.com.ar\/argentina\/wp-json\/wp\/v2\/users\/2"}],"replies":[{"embeddable":true,"href":"http:\/\/argentinamunicipal.com.ar\/argentina\/wp-json\/wp\/v2\/comments?post=21722"}],"version-history":[{"count":0,"href":"http:\/\/argentinamunicipal.com.ar\/argentina\/wp-json\/wp\/v2\/posts\/21722\/revisions"}],"wp:featuredmedia":[{"embeddable":true,"href":"http:\/\/argentinamunicipal.com.ar\/argentina\/wp-json\/wp\/v2\/media\/21723"}],"wp:attachment":[{"href":"http:\/\/argentinamunicipal.com.ar\/argentina\/wp-json\/wp\/v2\/media?parent=21722"}],"wp:term":[{"taxonomy":"category","embeddable":true,"href":"http:\/\/argentinamunicipal.com.ar\/argentina\/wp-json\/wp\/v2\/categories?post=21722"},{"taxonomy":"post_tag","embeddable":true,"href":"http:\/\/argentinamunicipal.com.ar\/argentina\/wp-json\/wp\/v2\/tags?post=21722"}],"curies":[{"name":"wp","href":"https:\/\/api.w.org\/{rel}","templated":true}]}}