{"id":21784,"date":"2014-12-30T08:47:16","date_gmt":"2014-12-30T11:47:16","guid":{"rendered":"http:\/\/argentinamunicipal.com.ar\/argentina\/?p=21784"},"modified":"2014-12-30T08:47:16","modified_gmt":"2014-12-30T11:47:16","slug":"inauguran-en-parana-la-planta-para-tratamiento-de-residuos","status":"publish","type":"post","link":"http:\/\/argentinamunicipal.com.ar\/argentina\/inauguran-en-parana-la-planta-para-tratamiento-de-residuos\/","title":{"rendered":"Inauguran en Paran\u00e1 la planta para tratamiento de residuos"},"content":{"rendered":"<p><a href=\"http:\/\/argentinamunicipal.com.ar\/argentina\/wp-content\/uploads\/2014\/12\/plata_residuos.jpg_2069580699.jpg\"><img loading=\"lazy\" decoding=\"async\" class=\"aligncenter  wp-image-21785\" src=\"http:\/\/argentinamunicipal.com.ar\/argentina\/wp-content\/uploads\/2014\/12\/plata_residuos.jpg_2069580699.jpg\" alt=\"plata_residuos.jpg_2069580699\" width=\"668\" height=\"445\" srcset=\"http:\/\/argentinamunicipal.com.ar\/argentina\/wp-content\/uploads\/2014\/12\/plata_residuos.jpg_2069580699.jpg 761w, http:\/\/argentinamunicipal.com.ar\/argentina\/wp-content\/uploads\/2014\/12\/plata_residuos.jpg_2069580699-300x199.jpg 300w\" sizes=\"auto, (max-width: 668px) 100vw, 668px\" \/><\/a><br \/>\nLa intendenta pondr\u00e1 en marcha el mecanismo de disposici\u00f3n final de las 300 toneladas diarias de desechos urbanos que se generan en la capital provincial y se entierran en el Volcadero<\/p>\n<p>Se inaugurar\u00e1 esta ma\u00f1ana la Planta de Clasificaci\u00f3n y Tratamiento de Residuos de Paran\u00e1, que intenta solucionar el problema ambiental m\u00e1s grave de la capital provincial, como es la existencia del Volcadero municipal, que diariamente recibe 300 toneladas de basura que se depositan -desde hace 90 a\u00f1os- en una superficie de 25 hect\u00e1reas. La planta, denominada Manuel Belgrano, es parte de la pol\u00edtica de Gesti\u00f3n Integral de Residuos S\u00f3lidos Urbanos -Girsu- que el gobierno municipal lleva adelante desde sus inicios.<\/p>\n<p>\u201cEl Girsu es una pol\u00edtica que, a trav\u00e9s de una perspectiva integral, contempla acciones tanto para la inclusi\u00f3n social y laboral de las familias que viven de la recolecci\u00f3n de basura, a la vez que resuelve de modo progresivo la problem\u00e1tica de los residuos, abriendo una nueva etapa en la ciudad\u201d, se inform\u00f3.<\/p>\n<p>En este marco, la Municipalidad de Paran\u00e1 construy\u00f3 y equip\u00f3 un galp\u00f3n donde comenzar\u00e1 a funcionar la planta, ubicada en la zona de la Unidad Municipal 2, que linda con el Volcadero Municipal, entre las calles Rep\u00fablica de Siria, Base Primavera y Florencio Ameghino.<br \/>\nA trav\u00e9s de un sistema mec\u00e1nico se realizar\u00e1 la separaci\u00f3n del material que puede ser utilizado para el reciclaje, del resto no reciclable.<\/p>\n<p>Tambi\u00e9n se indic\u00f3 que el municipio \u201cen una apuesta a la inclusi\u00f3n social y econ\u00f3mica, en forma conjunta con diferentes empresas y organizaciones no gubernamentales de la ciudad acompa\u00f1\u00f3 la conformaci\u00f3n de la cooperativa de trabajo Nueva Vida, integrada por recolectores informales de residuos que trabajan principalmente en la zona del Volcadero de Paran\u00e1 y que han sido capacitados para conocer y operar con la nueva maquinaria\u201d.<\/p>\n<p>En cuanto a las caracter\u00edsticas t\u00e9cnicas de la planta, se se\u00f1al\u00f3 que se adquiri\u00f3 una tolva de alimentaci\u00f3n con volumen suficiente para manejar c\u00f3modamente los tiempos de carga, mediante palas cargadoras frontales. El transportador bajo tolva ser\u00e1 de cadena, contando con un mando de velocidad variable para ajustar el caudal de residuos alimentado a la l\u00ednea.<\/p>\n<p>La transferencia al sector de preclasificaci\u00f3n se realiza a trav\u00e9s de un transportador de banda inclinado. Este dispositivo tendr\u00e1 paletas de empuje cuya altura, combinada con el \u00e1ngulo de inclinaci\u00f3n de la cinta y su velocidad, ecualizar\u00e1n el caudal de materiales que alimentan a la l\u00ednea y eliminar\u00e1n las variaciones de caudal.<\/p>\n<p>La cinta de preselecci\u00f3n posee seis bocas de descarga de dimensiones amplias para separaci\u00f3n de elementos de gran tama\u00f1o (cartones, carcasas, etc.), en forma previa a la alimentaci\u00f3n al trommel clasificador, que realizar\u00e1 la apertura mecanizada de las bolsas y separar\u00e1 la fracci\u00f3n fina, mayoritariamente org\u00e1nicos, de la fracci\u00f3n gruesa, que implica los residuos inorg\u00e1nicos, con destino a clasificaci\u00f3n secundaria.<\/p>\n<p>El equipo cuenta con una cinta inferior que colecta los materiales pasantes y los descarga sobre la cinta de derivaci\u00f3n de finos. Un separador magn\u00e9tico separa los materiales ferrosos transportados por la cinta. Los de mayor tama\u00f1o se descargan sobre una cinta de clasificaci\u00f3n, donde se recuperan los reciclables.<\/p>\n<p>Los materiales separados por los clasificadores se depositan en los conductos de descarga, deriv\u00e1ndolos a carros volcadores manuales para traslado hacia las prensas enfardadoras. Los que no se recuperan se derivan a un volumen receptor, que puede consistir en una tolva o cami\u00f3n para ser luego destinado a disposici\u00f3n final.<\/p>\n<h6>Fuente: Uno, Entre R\u00edos<\/h6>\n","protected":false},"excerpt":{"rendered":"<p>La intendenta pondr\u00e1 en marcha el mecanismo de disposici\u00f3n final de las 300 toneladas diarias de desechos urbanos que se generan en la capital provincial y se entierran en el Volcadero Se inaugurar\u00e1 esta ma\u00f1ana la Planta de Clasificaci\u00f3n y Tratamiento de Residuos de Paran\u00e1, que intenta solucionar el problema ambiental m\u00e1s grave de la<\/p>\n","protected":false},"author":2,"featured_media":21785,"comment_status":"closed","ping_status":"closed","sticky":false,"template":"","format":"standard","meta":{"footnotes":""},"categories":[2],"tags":[17],"class_list":["post-21784","post","type-post","status-publish","format-standard","has-post-thumbnail","hentry","category-informe-municipal","tag-entre-rios"],"_links":{"self":[{"href":"http:\/\/argentinamunicipal.com.ar\/argentina\/wp-json\/wp\/v2\/posts\/21784","targetHints":{"allow":["GET"]}}],"collection":[{"href":"http:\/\/argentinamunicipal.com.ar\/argentina\/wp-json\/wp\/v2\/posts"}],"about":[{"href":"http:\/\/argentinamunicipal.com.ar\/argentina\/wp-json\/wp\/v2\/types\/post"}],"author":[{"embeddable":true,"href":"http:\/\/argentinamunicipal.com.ar\/argentina\/wp-json\/wp\/v2\/users\/2"}],"replies":[{"embeddable":true,"href":"http:\/\/argentinamunicipal.com.ar\/argentina\/wp-json\/wp\/v2\/comments?post=21784"}],"version-history":[{"count":0,"href":"http:\/\/argentinamunicipal.com.ar\/argentina\/wp-json\/wp\/v2\/posts\/21784\/revisions"}],"wp:featuredmedia":[{"embeddable":true,"href":"http:\/\/argentinamunicipal.com.ar\/argentina\/wp-json\/wp\/v2\/media\/21785"}],"wp:attachment":[{"href":"http:\/\/argentinamunicipal.com.ar\/argentina\/wp-json\/wp\/v2\/media?parent=21784"}],"wp:term":[{"taxonomy":"category","embeddable":true,"href":"http:\/\/argentinamunicipal.com.ar\/argentina\/wp-json\/wp\/v2\/categories?post=21784"},{"taxonomy":"post_tag","embeddable":true,"href":"http:\/\/argentinamunicipal.com.ar\/argentina\/wp-json\/wp\/v2\/tags?post=21784"}],"curies":[{"name":"wp","href":"https:\/\/api.w.org\/{rel}","templated":true}]}}