{"id":21805,"date":"2014-12-30T09:20:59","date_gmt":"2014-12-30T12:20:59","guid":{"rendered":"http:\/\/argentinamunicipal.com.ar\/argentina\/?p=21805"},"modified":"2014-12-30T09:20:59","modified_gmt":"2014-12-30T12:20:59","slug":"grecia-anticipa-elecciones-y-en-europa-se-encienden-alarmas","status":"publish","type":"post","link":"http:\/\/argentinamunicipal.com.ar\/argentina\/grecia-anticipa-elecciones-y-en-europa-se-encienden-alarmas\/","title":{"rendered":"Grecia anticipa elecciones y en Europa se encienden alarmas"},"content":{"rendered":"<p><a href=\"http:\/\/argentinamunicipal.com.ar\/argentina\/wp-content\/uploads\/2014\/12\/34794.jpg\"><img loading=\"lazy\" decoding=\"async\" class=\"aligncenter size-full wp-image-21806\" src=\"http:\/\/argentinamunicipal.com.ar\/argentina\/wp-content\/uploads\/2014\/12\/34794.jpg\" alt=\"34794\" width=\"450\" height=\"337\" srcset=\"http:\/\/argentinamunicipal.com.ar\/argentina\/wp-content\/uploads\/2014\/12\/34794.jpg 450w, http:\/\/argentinamunicipal.com.ar\/argentina\/wp-content\/uploads\/2014\/12\/34794-300x224.jpg 300w\" sizes=\"auto, (max-width: 450px) 100vw, 450px\" \/><\/a><br \/>\nEl gobierno del primer ministro Samaras fracas\u00f3 en su \u00faltimo intento por nominar presidente y convoc\u00f3 a comicios para el 25 de enero\/ La izquierdade Syriza es favorita.<\/p>\n<p>Lo que en teor\u00eda era s\u00f3lo un tr\u00e1mite parlamentario, la elecci\u00f3n de presidente de Grecia, se ha convertido en el mayor cataclismo pol\u00edtico vivido en el pa\u00eds desde el inicio de la crisis econ\u00f3mica. Tras dos intentos fallidos previos para \u00adelegir al jefe de Estado que han atizado la inestabilidad y los temores de Bruselas y la troika , la indefinici\u00f3n ayer ha conducido definitivamente al pa\u00eds a las urnas, en convocatoria anticipada, al concluir la designaci\u00f3n presidencial sin resultado.<\/p>\n<p>Las encuestas pronostican que la izquierdista Syriza ga\u00adnar\u00e1 esos comicios, que ser\u00e1n el 25 de enero.<\/p>\n<p>Mediante votaci\u00f3n nominal en voz alta, en un ag\u00f3nico goteo de nombres divididos por circunscripciones, los 300 diputados griegos se pronunciaron ayer a favor o en contra del \u00fanico candidato a la jefatura del Estado, el conservador Stavros Dimas, excomisario europeo y varias veces ministro de Nueva Democracia, el partido al que pertenece el primer ministro, Andonis Samaras.<\/p>\n<h3>En franca minor\u00eda<\/h3>\n<p>Dimas hab\u00eda sido propuesto por el gobierno (que re\u00fane s\u00f3lo 155 esca\u00f1os), y, a diferencia de las dos vueltas anteriores, necesitaba esta vez 180 votos. Pero logr\u00f3 s\u00f3lo 168, los mismos que en la segunda votaci\u00f3n, el pa\u00adsado d\u00eda 23. En sus primeras declaraciones a la salida del Parlamento, Dimas manifest\u00f3 a los periodistas que esperaba este resultado, y subray\u00f3 adem\u00e1s que \u201clo \u00fanico importante ahora y siempre son los intereses de Grecia, en favor de los cuales todos deben trabajar juntos con sangre fr\u00eda\u201d, la misma, ha asegurado, con que ha recibido el resultado.<\/p>\n<p>Al Ejecutivo de Samaras le re\u00adsult\u00f3 por tanto imposible gran\u00adjearse m\u00e1s apoyos pese a su llamamiento del s\u00e1bado, pasado, cuando apel\u00f3 a la responsabilidad de los legisladores para \u201cevitar la aventura\u201d de las urnas. Ahora el Parlamento ser\u00e1 disuelto en un plazo de 10 d\u00edas a partir de ayer, para a continuaci\u00f3n convocarse elecciones. El primer ministro ha anunciado que los comicios ser\u00e1n el 25 de enero, en la primera de las fechas barajadas.<\/p>\n<h3>Euroesc\u00e9pticos con ventaja<\/h3>\n<p>Las encuestas que ya han trascendido apuntan a un triunfo de la izquierdista Syriza, con el 28 por ciento de los votos, y a una debacle del bipartito Nueva Democracia \u2013la fuerza pol\u00edtica de Samaras\u2013 y los socialistas del Pasok, que han ostentado el poder durante cuatro d\u00e9cadas de c\u00f3moda alternancia.<\/p>\n<p>Syriza cuestiona los acuerdos firmados por el Ejecutivo a cambio de fuertes ajustes.<\/p>\n<p>La retransmisi\u00f3n en directo de la televisi\u00f3n p\u00fablica Nerit, con un cintillo en el que pod\u00eda leerse \u201celecci\u00f3n de presidencia o urnas\u201d, fue una sucesi\u00f3n de barridos sobre el hemiciclo con un marcador inscripto en la pantalla, a modo de partido de f\u00fatbol, en el que figuraban las dos \u00fanicas opciones posibles, Stavros Dimas o \u201cpar\u00f3n\u201d (presente, a modo de voto blanco, la opci\u00f3n de 132 parlamentarios); desde los primeros votos hab\u00eda quedado claro que la de ayer era una elecci\u00f3n a deg\u00fcello y que Dimas no ser\u00eda proclamado por los parlamentarios.<\/p>\n<h6>Fuente: La Voz del Interior<\/h6>\n","protected":false},"excerpt":{"rendered":"<p>El gobierno del primer ministro Samaras fracas\u00f3 en su \u00faltimo intento por nominar presidente y convoc\u00f3 a comicios para el 25 de enero\/ La izquierdade Syriza es favorita. Lo que en teor\u00eda era s\u00f3lo un tr\u00e1mite parlamentario, la elecci\u00f3n de presidente de Grecia, se ha convertido en el mayor cataclismo pol\u00edtico vivido en el pa\u00eds<\/p>\n","protected":false},"author":2,"featured_media":21806,"comment_status":"closed","ping_status":"closed","sticky":false,"template":"","format":"standard","meta":{"footnotes":""},"categories":[22],"tags":[57],"class_list":["post-21805","post","type-post","status-publish","format-standard","has-post-thumbnail","hentry","category-el-mundo","tag-el-mundo"],"_links":{"self":[{"href":"http:\/\/argentinamunicipal.com.ar\/argentina\/wp-json\/wp\/v2\/posts\/21805","targetHints":{"allow":["GET"]}}],"collection":[{"href":"http:\/\/argentinamunicipal.com.ar\/argentina\/wp-json\/wp\/v2\/posts"}],"about":[{"href":"http:\/\/argentinamunicipal.com.ar\/argentina\/wp-json\/wp\/v2\/types\/post"}],"author":[{"embeddable":true,"href":"http:\/\/argentinamunicipal.com.ar\/argentina\/wp-json\/wp\/v2\/users\/2"}],"replies":[{"embeddable":true,"href":"http:\/\/argentinamunicipal.com.ar\/argentina\/wp-json\/wp\/v2\/comments?post=21805"}],"version-history":[{"count":0,"href":"http:\/\/argentinamunicipal.com.ar\/argentina\/wp-json\/wp\/v2\/posts\/21805\/revisions"}],"wp:featuredmedia":[{"embeddable":true,"href":"http:\/\/argentinamunicipal.com.ar\/argentina\/wp-json\/wp\/v2\/media\/21806"}],"wp:attachment":[{"href":"http:\/\/argentinamunicipal.com.ar\/argentina\/wp-json\/wp\/v2\/media?parent=21805"}],"wp:term":[{"taxonomy":"category","embeddable":true,"href":"http:\/\/argentinamunicipal.com.ar\/argentina\/wp-json\/wp\/v2\/categories?post=21805"},{"taxonomy":"post_tag","embeddable":true,"href":"http:\/\/argentinamunicipal.com.ar\/argentina\/wp-json\/wp\/v2\/tags?post=21805"}],"curies":[{"name":"wp","href":"https:\/\/api.w.org\/{rel}","templated":true}]}}