{"id":21832,"date":"2014-12-30T09:54:49","date_gmt":"2014-12-30T12:54:49","guid":{"rendered":"http:\/\/argentinamunicipal.com.ar\/argentina\/?p=21832"},"modified":"2014-12-30T09:54:49","modified_gmt":"2014-12-30T12:54:49","slug":"reconquista-punto-del-colapso","status":"publish","type":"post","link":"http:\/\/argentinamunicipal.com.ar\/argentina\/reconquista-punto-del-colapso\/","title":{"rendered":"Reconquista a punto del colapso"},"content":{"rendered":"<p><a href=\"http:\/\/argentinamunicipal.com.ar\/argentina\/wp-content\/uploads\/2014\/12\/111484_reconq.jpg\"><img loading=\"lazy\" decoding=\"async\" class=\"aligncenter size-full wp-image-21833\" src=\"http:\/\/argentinamunicipal.com.ar\/argentina\/wp-content\/uploads\/2014\/12\/111484_reconq.jpg\" alt=\"111484_reconq\" width=\"650\" height=\"360\" srcset=\"http:\/\/argentinamunicipal.com.ar\/argentina\/wp-content\/uploads\/2014\/12\/111484_reconq.jpg 650w, http:\/\/argentinamunicipal.com.ar\/argentina\/wp-content\/uploads\/2014\/12\/111484_reconq-300x166.jpg 300w\" sizes=\"auto, (max-width: 650px) 100vw, 650px\" \/><\/a><\/p>\n<p>M\u00e1s de 155 mil\u00edmetros de agua ca\u00edda en 48 horas convirtieron a la \u201cperla del norte\u201d en poco menos que una cenicienta. Con ese nivel de precipitaci\u00f3n pluvial, Reconquista vio colapsar todos y cada uno de sus barrios, y hasta el arroyo El Rey, recostado en la margen norte de la escena urbana, desbord\u00f3 para aportar a\u00fan m\u00e1s dramatismo a una situaci\u00f3n que de por s\u00ed ya era traum\u00e1tica.<\/p>\n<p>Desde el viernes y hasta el domingo a la ma\u00f1ana hab\u00edan ca\u00eddo 155 mil\u00edmetros que dejaron varios sectores de la ciudad bajo agua. La madrugada del s\u00e1bado fue la peor: en una hora llovi\u00f3 60 mil\u00edmetros, una intensidad inusual que dio por tierra con la capacidad de escurrimiento de los desag\u00fces pluviales.<\/p>\n<p>Hubo decenas de viviendas donde el agua ingres\u00f3 sin m\u00e1s, calles inundadas de bote a bote e innumerables inconvenientes para los habitantes, sobre todo para las barriadas del sur y del este; aunque en las zonas c\u00e9ntricas tambi\u00e9n hubo anegamientos.<\/p>\n<p>Hasta la ma\u00f1ana de este lunes, donde brillaba el sol, no se hab\u00eda informado sobre evacuados. No obstante el municipio dispuso un plan de contingencia para atender eventuales emergencias en viviendas de barrios considerados bajos.<\/p>\n<h3>Quejas<\/h3>\n<p>Como ocurre siempre en estos casos, las redes sociales explotaron con quejas y fotos de vecinos. \u201c\u00bfPor qu\u00e9 ciudadanos de Reconquista debemos resignarnos a esta forma de vida? Hay que reclamar nuestros derechos, unirnos y reclamar&#8230; organicemos una protesta pac\u00edfica reclamando nuestros derechos como ciudadanos, no puedo quedar aislada de todo en cada lluvia, no puedo salir a cunetear, a m\u00ed no me corresponde, entonces basta de resignaci\u00f3n, salgamos y hagamos valer nuestros derechos\u201d, estamp\u00f3 en Facebook una contribuyente.<\/p>\n<p>En ese mismo tono de queja, frentistas de los barrios Chapero, Zorz\u00f3n, Am\u00e9rica y Ombusal se quejaron: \u201cRecansados porque llueve 20 o 30 mm y nos inundamos. Nadie se ocupa de buscar una soluci\u00f3n. Vecinos con el mismo problema hace 20 a\u00f1os. Una verdadera verg\u00fcenza\u201d.<\/p>\n<p>\u201cEl asfalto es una gran cosa, pero desde que asfaltaron la calle 44, el barrio San Jer\u00f3nimo del Rey es un desastre! Cuatro gotas locas y agua hasta el cogote! Calle 44, una perfecta muralla de contenci\u00f3n, un desastre\u201d, fue otra de los mensajes de protesta contra el municipio local.<\/p>\n<h3>El Rey, al l\u00edmite<\/h3>\n<p>Al mismo tiempo, el arroyo El Rey lleg\u00f3 a su tope de cota y motiv\u00f3, adem\u00e1s de la gran preocupaci\u00f3n de todos los vecinos de la zona norte de la ciudad, que el gobierno municipal instale y ponga a funcionar las bombas de agua sobre el terrapl\u00e9n de defensa. El secretario de Servicios P\u00fablicos de Reconquista asegur\u00f3 que est\u00e1n monitoreando \u201cminuto a minuto\u201d la situaci\u00f3n del arroyo El Rey y que en el caso de ser necesario colocar\u00e1n m\u00e1s bombas sobre el terrapl\u00e9n.<\/p>\n<p>\u201cPor suerte el r\u00edo est\u00e1 bajo y eso hace que El Rey escurra r\u00e1pido, pero de todos modos estamos monitoreando minuto a minuto porque llovi\u00f3 mucho tambi\u00e9n en el oeste y es agua que va a escurrir hacia ac\u00e1\u201d, dijo Walter Kreni, en declaraciones radiales.<\/p>\n<h3>Corte de luz<\/h3>\n<p>Los vecinos de la ciudad de Reconquista enfurecieron el s\u00e1bado por un prolongado corte de energ\u00eda no programado, originado en la planta de la firma Transener, en Romang. La luz se cort\u00f3 alrededor de las 11 de la ma\u00f1ana y hasta casi las 16, afectando a toda la l\u00ednea desde Romang hasta la zona de Villa Ocampo.<br \/>\nEn la regi\u00f3n<\/p>\n<p>La ciudad de Malabrigo qued\u00f3 tambi\u00e9n bajo agua por las lluvias del fin de semana que seg\u00fan datos de particulares alcanzaron los 200 mil\u00edmetros. El camping municipal se inund\u00f3 por completo al igual que se multiplicaron los contratiempos en barrios perif\u00e9ricos. Vera no fue la excepci\u00f3n, se registraron 175 mil\u00edmetros, con las consecuentes complicaciones en el casco urbano.<\/p>\n<h6>Fuente: El Litoral, Santa Fe<\/h6>\n","protected":false},"excerpt":{"rendered":"<p>M\u00e1s de 155 mil\u00edmetros de agua ca\u00edda en 48 horas convirtieron a la \u201cperla del norte\u201d en poco menos que una cenicienta. Con ese nivel de precipitaci\u00f3n pluvial, Reconquista vio colapsar todos y cada uno de sus barrios, y hasta el arroyo El Rey, recostado en la margen norte de la escena urbana, desbord\u00f3 para<\/p>\n","protected":false},"author":2,"featured_media":21833,"comment_status":"closed","ping_status":"closed","sticky":false,"template":"","format":"standard","meta":{"footnotes":""},"categories":[48],"tags":[10],"class_list":["post-21832","post","type-post","status-publish","format-standard","has-post-thumbnail","hentry","category-contingencias","tag-santa-fe"],"_links":{"self":[{"href":"http:\/\/argentinamunicipal.com.ar\/argentina\/wp-json\/wp\/v2\/posts\/21832","targetHints":{"allow":["GET"]}}],"collection":[{"href":"http:\/\/argentinamunicipal.com.ar\/argentina\/wp-json\/wp\/v2\/posts"}],"about":[{"href":"http:\/\/argentinamunicipal.com.ar\/argentina\/wp-json\/wp\/v2\/types\/post"}],"author":[{"embeddable":true,"href":"http:\/\/argentinamunicipal.com.ar\/argentina\/wp-json\/wp\/v2\/users\/2"}],"replies":[{"embeddable":true,"href":"http:\/\/argentinamunicipal.com.ar\/argentina\/wp-json\/wp\/v2\/comments?post=21832"}],"version-history":[{"count":0,"href":"http:\/\/argentinamunicipal.com.ar\/argentina\/wp-json\/wp\/v2\/posts\/21832\/revisions"}],"wp:featuredmedia":[{"embeddable":true,"href":"http:\/\/argentinamunicipal.com.ar\/argentina\/wp-json\/wp\/v2\/media\/21833"}],"wp:attachment":[{"href":"http:\/\/argentinamunicipal.com.ar\/argentina\/wp-json\/wp\/v2\/media?parent=21832"}],"wp:term":[{"taxonomy":"category","embeddable":true,"href":"http:\/\/argentinamunicipal.com.ar\/argentina\/wp-json\/wp\/v2\/categories?post=21832"},{"taxonomy":"post_tag","embeddable":true,"href":"http:\/\/argentinamunicipal.com.ar\/argentina\/wp-json\/wp\/v2\/tags?post=21832"}],"curies":[{"name":"wp","href":"https:\/\/api.w.org\/{rel}","templated":true}]}}