{"id":21835,"date":"2014-12-30T09:59:16","date_gmt":"2014-12-30T12:59:16","guid":{"rendered":"http:\/\/argentinamunicipal.com.ar\/argentina\/?p=21835"},"modified":"2014-12-30T09:59:16","modified_gmt":"2014-12-30T12:59:16","slug":"medio-ambiente-reunio-intendentes-en-coronda","status":"publish","type":"post","link":"http:\/\/argentinamunicipal.com.ar\/argentina\/medio-ambiente-reunio-intendentes-en-coronda\/","title":{"rendered":"Medio Ambiente reuni\u00f3 a intendentes en Coronda"},"content":{"rendered":"<p><a href=\"http:\/\/argentinamunicipal.com.ar\/argentina\/wp-content\/uploads\/2014\/12\/xe3v77v4c0.jpg\"><img loading=\"lazy\" decoding=\"async\" class=\"aligncenter  wp-image-21836\" src=\"http:\/\/argentinamunicipal.com.ar\/argentina\/wp-content\/uploads\/2014\/12\/xe3v77v4c0.jpg\" alt=\"xe3v77v4c0\" width=\"604\" height=\"453\" srcset=\"http:\/\/argentinamunicipal.com.ar\/argentina\/wp-content\/uploads\/2014\/12\/xe3v77v4c0.jpg 1600w, http:\/\/argentinamunicipal.com.ar\/argentina\/wp-content\/uploads\/2014\/12\/xe3v77v4c0-300x225.jpg 300w, http:\/\/argentinamunicipal.com.ar\/argentina\/wp-content\/uploads\/2014\/12\/xe3v77v4c0-1024x768.jpg 1024w\" sizes=\"auto, (max-width: 604px) 100vw, 604px\" \/><\/a><\/p>\n<p>El encuentro llevado a cabo en el municipio local tuvo como objetivo central tratar la grave situaci\u00f3n por la que atraviesan actualmente los municipios y comunas en relaci\u00f3n a la disposici\u00f3n final de sus residuos s\u00f3lidos urbanos.<\/p>\n<p>D\u00edas pasados la Secretar\u00eda de Medio Ambiente de la provincia reuni\u00f3 en Coronda a intendentes y presidentes comunales del departamento San Jer\u00f3nimo. El encuentro se realiz\u00f3 en la Municipalidad corondina y cont\u00f3 con la participaci\u00f3n del intendente local -Dr. Cristian Bortolotto- y de las ciudades de San Genaro, G\u00e1lvez y las comunas de Desv\u00edo Arij\u00f3n y Maciel. La finalidad de la convocatoria fue tratar la grave situaci\u00f3n por la que atraviesan actualmente los municipios y comunas en relaci\u00f3n con la disposici\u00f3n final de sus residuos s\u00f3lidos urbanos.<\/p>\n<p>En este sentido, el subsecretario de Gesti\u00f3n Ambiental, Ing. Edgardo Seguro, sostuvo que el encuentro tiene m\u00e1xima importancia debido a la cr\u00edtica situaci\u00f3n por la que atraviesan estas localidades a causa de los incendios provocados en diferentes basurales a cielo abierto, hecho que trae aparejados cortes y accidentes automovil\u00edsticos en rutas y autopistas.<\/p>\n<p>\u201cNos encontramos ante el desaf\u00edo de analizar y discutir un proceso para encuadrar las acciones a seguir dentro del marco de la Ley N\u00ba 13.055, por medio de la cual se eliminar\u00e1n todos los basurales a cielo abierto en nuestra provincia, a trav\u00e9s de un esfuerzo conjunto entre el gobierno provincial, las municipalidades y comunas de la regi\u00f3n, ya que se trata de una decisi\u00f3n estrat\u00e9gica del Estado\u201d, expres\u00f3 Seguro.<\/p>\n<p>Trabajo conjunto<\/p>\n<p>Por otra parte, desde la Secretar\u00eda de Medio Ambiente, y a fin de lograr un trabajo mancomunado entre la provincia y los gobiernos locales para la elaboraci\u00f3n de un proyecto que contemple definir mejoras inmediatas e inversiones a mediano plazo, se plante\u00f3 la necesidad de reflotar el consorcio formado antes de la Ley N\u00ba 13.055 -sancionado en 2009-. \u201cLa idea es reconocerlo, otorg\u00e1ndole institucionalidad con el objetivo de que pueda ser asistido t\u00e9cnica y econ\u00f3micamente desde la coordinaci\u00f3n del Programa Provincial Girsu\u201d, anunciaron.<\/p>\n<p>En tanto, el subsecretario de Gesti\u00f3n Ambiental en di\u00e1logo con El Litoral hizo referencia a la falta de recursos y a la necesidad de concientizar a las poblaciones. \u201cA veces los intendentes y presidentes comunales no encuentran en su ciudadan\u00eda el respaldo para trabajar estos temas, porque quiz\u00e1s est\u00e9n lejos o no se ve, pero estos problemas a veces terminan con vidas humanas. La idea de la provincia es trabajar fuertemente en los rellenos sanitarios y en la formaci\u00f3n de conciencia en las poblaciones de la regi\u00f3n\u201d, anunci\u00f3 el funcionario.<\/p>\n<p>Tem\u00e1ticas<\/p>\n<p>Entre los ejes abordados en el encuentro se destac\u00f3 la preocupaci\u00f3n de municipios y comunas por la cantidad de residuos que diariamente se acumula en los basurales, dejando como consecuencia la imposibilidad de realizar el correcto dep\u00f3sito de los mismos. \u201cHay una necesidad de trabajar de manera espec\u00edfica sobre la disposici\u00f3n de residuos que producen los grandes generadores como comercios, cerealeras, hospitales\u201d, manifestaron.<\/p>\n<p>Por \u00faltimo, desde la Secretar\u00eda de Medio Ambiente indicaron que se necesita fortalecer las cuatro plantas de tratamiento de residuos que actualmente se encuentran funcionando y que est\u00e1n ubicadas en las localidades de Coronda, Barrancas, G\u00e1lvez y San Genaro.<\/p>\n<p>\u201cEs necesario solicitar la obtenci\u00f3n de la personer\u00eda jur\u00eddica de consorcio que re\u00fane a todas las localidades del departamento San Jer\u00f3nimo que llevan adelante la implementaci\u00f3n del Programa Girsu, con el prop\u00f3sito de lograr tanto la asistencia t\u00e9cnica como econ\u00f3mica y as\u00ed lograr mejorar basurales a cielo abierto\u201d, destacaron fuentes de la cartera.<\/p>\n<p>Adem\u00e1s manifestaron la necesidad de redefinir la estructura interna del consorcio, coincidiendo en la conveniencia de que est\u00e9 integrado por una parte t\u00e9cnica y otra pol\u00edtica. \u201cCada localidad se comprometi\u00f3 a acercar las ordenanzas que actualmente se hallan en vigencia para la disposici\u00f3n final de residuos y lograr la unificaci\u00f3n de los mismos. Tambi\u00e9n hay que revisar la titularidad de los terrenos en los que se encuentran los basurales, en particular el de la ciudad de G\u00e1lvez\u201d, puntualizaron<\/p>\n<h6>Fuente: El Litoral, Santa Fe<\/h6>\n","protected":false},"excerpt":{"rendered":"<p>El encuentro llevado a cabo en el municipio local tuvo como objetivo central tratar la grave situaci\u00f3n por la que atraviesan actualmente los municipios y comunas en relaci\u00f3n a la disposici\u00f3n final de sus residuos s\u00f3lidos urbanos. D\u00edas pasados la Secretar\u00eda de Medio Ambiente de la provincia reuni\u00f3 en Coronda a intendentes y presidentes comunales<\/p>\n","protected":false},"author":2,"featured_media":21836,"comment_status":"closed","ping_status":"closed","sticky":false,"template":"","format":"standard","meta":{"footnotes":""},"categories":[2],"tags":[10],"class_list":["post-21835","post","type-post","status-publish","format-standard","has-post-thumbnail","hentry","category-informe-municipal","tag-santa-fe"],"_links":{"self":[{"href":"http:\/\/argentinamunicipal.com.ar\/argentina\/wp-json\/wp\/v2\/posts\/21835","targetHints":{"allow":["GET"]}}],"collection":[{"href":"http:\/\/argentinamunicipal.com.ar\/argentina\/wp-json\/wp\/v2\/posts"}],"about":[{"href":"http:\/\/argentinamunicipal.com.ar\/argentina\/wp-json\/wp\/v2\/types\/post"}],"author":[{"embeddable":true,"href":"http:\/\/argentinamunicipal.com.ar\/argentina\/wp-json\/wp\/v2\/users\/2"}],"replies":[{"embeddable":true,"href":"http:\/\/argentinamunicipal.com.ar\/argentina\/wp-json\/wp\/v2\/comments?post=21835"}],"version-history":[{"count":0,"href":"http:\/\/argentinamunicipal.com.ar\/argentina\/wp-json\/wp\/v2\/posts\/21835\/revisions"}],"wp:featuredmedia":[{"embeddable":true,"href":"http:\/\/argentinamunicipal.com.ar\/argentina\/wp-json\/wp\/v2\/media\/21836"}],"wp:attachment":[{"href":"http:\/\/argentinamunicipal.com.ar\/argentina\/wp-json\/wp\/v2\/media?parent=21835"}],"wp:term":[{"taxonomy":"category","embeddable":true,"href":"http:\/\/argentinamunicipal.com.ar\/argentina\/wp-json\/wp\/v2\/categories?post=21835"},{"taxonomy":"post_tag","embeddable":true,"href":"http:\/\/argentinamunicipal.com.ar\/argentina\/wp-json\/wp\/v2\/tags?post=21835"}],"curies":[{"name":"wp","href":"https:\/\/api.w.org\/{rel}","templated":true}]}}