{"id":21860,"date":"2014-12-31T09:58:15","date_gmt":"2014-12-31T12:58:15","guid":{"rendered":"http:\/\/argentinamunicipal.com.ar\/argentina\/?p=21860"},"modified":"2014-12-31T09:58:15","modified_gmt":"2014-12-31T12:58:15","slug":"dilma-reasume-el-poder-en-brasil-con-desafios-eticos-y-economicos","status":"publish","type":"post","link":"http:\/\/argentinamunicipal.com.ar\/argentina\/dilma-reasume-el-poder-en-brasil-con-desafios-eticos-y-economicos\/","title":{"rendered":"Dilma reasume el poder en Brasil con desaf\u00edos \u00e9ticos y econ\u00f3micos"},"content":{"rendered":"<div id=\"attachment_21861\" style=\"width: 599px\" class=\"wp-caption aligncenter\"><a href=\"http:\/\/argentinamunicipal.com.ar\/argentina\/wp-content\/uploads\/2014\/12\/dilma-rousseff-antonio-cruz-abr1.jpg\"><img loading=\"lazy\" decoding=\"async\" aria-describedby=\"caption-attachment-21861\" class=\" wp-image-21861\" src=\"http:\/\/argentinamunicipal.com.ar\/argentina\/wp-content\/uploads\/2014\/12\/dilma-rousseff-antonio-cruz-abr1.jpg\" alt=\"LA MANDATARIA DILMA ROUSSEFF, QUIEN REASUME MA\u00d1ANA LA PRESIDENCIA DE BRASIL \" width=\"589\" height=\"392\" srcset=\"http:\/\/argentinamunicipal.com.ar\/argentina\/wp-content\/uploads\/2014\/12\/dilma-rousseff-antonio-cruz-abr1.jpg 1600w, http:\/\/argentinamunicipal.com.ar\/argentina\/wp-content\/uploads\/2014\/12\/dilma-rousseff-antonio-cruz-abr1-300x199.jpg 300w, http:\/\/argentinamunicipal.com.ar\/argentina\/wp-content\/uploads\/2014\/12\/dilma-rousseff-antonio-cruz-abr1-1024x681.jpg 1024w\" sizes=\"auto, (max-width: 589px) 100vw, 589px\" \/><\/a><p id=\"caption-attachment-21861\" class=\"wp-caption-text\">LA MANDATARIA DILMA ROUSSEFF, QUIEN REASUME MA\u00d1ANA LA PRESIDENCIA DE BRASIL<\/p><\/div>\n<p>La gesti\u00f3n se inicia golpeada por el caso de corrupci\u00f3n de Petrobr\u00e1s y con un ajuste fiscal en puerta ante la recesi\u00f3n<\/p>\n<p>La presidenta brasile\u00f1a, Dilma Rousseff, iniciar\u00e1 ma\u00f1ana 1 de enero su segundo mandato con un Gobierno virado a la derecha, en medio del colosal esc\u00e1ndalo de corrupci\u00f3n en la petrolera estatal Petrobr\u00e1s y con una renovada oposici\u00f3n, que sali\u00f3 robustecida de las urnas. Rousseff fue reelecta en octubre pasado para un nuevo mandato que asumir\u00e1 con el reto de hacer frente tambi\u00e9n a una econom\u00eda al borde de la recesi\u00f3n, que la obligar\u00e1 a adoptar \u201cmedidas dr\u00e1sticas\u201d, seg\u00fan ella misma anunci\u00f3. Esas medidas incluir\u00e1n un fuerte ajuste (recorte) fiscal y una revisi\u00f3n del papel de la banca p\u00fablica, que en los \u00faltimos cuatro a\u00f1os financi\u00f3 a sectores industriales en problemas y tambi\u00e9n los subsidios oficiales a los m\u00e1s pobres, pero que ahora ver\u00e1 reducida su injerencia.<\/p>\n<p>Aunque Rousseff aclar\u00f3 que el ajuste no tocar\u00e1 a las clases m\u00e1s bajas, estas pueden ser castigadas por una situaci\u00f3n econ\u00f3mica que, seg\u00fan el propio Gobierno pronostica, seguir\u00e1 siendo precaria en 2015, con una previsi\u00f3n oficial de crecimiento de un escaso 0,8% y una inflaci\u00f3n que seguir\u00e1 cercana al 6%. Seg\u00fan expertos, la econom\u00eda brasile\u00f1a a\u00fan puede sufrir m\u00e1s en funci\u00f3n del resultado de las investigaciones sobre el caso de corrupci\u00f3n en Petrobr\u00e1s, una estatal que por s\u00ed sola es responsable de casi el 13% del PBI.<\/p>\n<p>La polic\u00eda calcula que una red de corrupci\u00f3n que se enquist\u00f3 en la compa\u00f1\u00eda hace una d\u00e9cada se apropi\u00f3 de unos 10.000 millones de reales (cerca de 3.850 millones de d\u00f3lares), que fueron a parar a los bolsillos de empresarios y pol\u00edticos, en su mayor\u00eda de la base oficialista y del gobernante Partido de los Trabajadores (PT). La sospecha de que muchos pol\u00edticos de la coalici\u00f3n que respalda a Rousseff figuran entre los investigados dificult\u00f3 a la mandataria la conformaci\u00f3n de su nuevo equipo ministerial, ya que el proceso se desarrolla bajo secreto judicial y los nombres de los implicados se conocer\u00e1n s\u00f3lo cuando concluya la investigaci\u00f3n policial, ya en 2015.<\/p>\n<p>En medio de la incertidumbre jur\u00eddica, Dilma tuvo que girar su Gabinete hacia la derecha y nombr\u00f3 a algunos ministros que dejan a su nuevo Gobierno en un claro rumbo de colisionar con los movimientos sociales que apoyaron su reelecci\u00f3n. El caso m\u00e1s representativo es el de la senadora Katia Abreu, quien ser\u00e1 la nueva ministra de Agricultura, pese al fuerte rechazo del combativo Movimiento de los campesinos Sin Tierra (MST) y de todos los grupos ind\u00edgenas del pa\u00eds. El MST promovi\u00f3 en los \u00faltimos d\u00edas diversas marchas en protesta por la presencia de Abreu en la cartera de Agricultura, las cuales contaron con el apoyo de indios que llegaron a usar fotos de Abreu y de Rousseff como blanco para sus flechas.<\/p>\n<p>Abreu, del Partido del Movimiento Democr\u00e1tico Brasile\u00f1o (PMDB, centroderecha), al que pertenece el vicepresidente de Brasil, Michel Temer, es ganadera y presidenta de la Confederaci\u00f3n Nacional de Agricultura (CNA), patronal que representa a los grandes productores rurales del pa\u00eds. Pero adem\u00e1s, como senadora y miembro de un grupo \u201csuprapartidario\u201d que defiende en el Parlamento los intereses de los terratenientes, fue una de las voces m\u00e1s duras contra los planes de reforma agraria y la creaci\u00f3n de nuevas reservas ind\u00edgenas.<\/p>\n<p>Al riesgo asumido por la mandataria frente a sus bases con el paso a la derecha dado en la formaci\u00f3n de su Gabinete, se sumar\u00e1 una oposici\u00f3n envalentonada y liderada por el senador A\u00e9cio Neves, derrotado en las urnas por Rousseff por una diferencia de s\u00f3lo 3%. Estas \u00faltimas elecciones fueron las m\u00e1s re\u00f1idas de la historia brasile\u00f1a y el 48% de votos logrado por Neves le dio nuevos br\u00edos a una oposici\u00f3n que hab\u00eda sido casi testimonial desde 2002, cuando fue electo presidente Luiz In\u00e1cio Lula da Silva, padrino pol\u00edtico y antecesor de Rousseff.<\/p>\n<h6>Fuente: El D\u00eda<\/h6>\n","protected":false},"excerpt":{"rendered":"<p>La gesti\u00f3n se inicia golpeada por el caso de corrupci\u00f3n de Petrobr\u00e1s y con un ajuste fiscal en puerta ante la recesi\u00f3n La presidenta brasile\u00f1a, Dilma Rousseff, iniciar\u00e1 ma\u00f1ana 1 de enero su segundo mandato con un Gobierno virado a la derecha, en medio del colosal esc\u00e1ndalo de corrupci\u00f3n en la petrolera estatal Petrobr\u00e1s y<\/p>\n","protected":false},"author":2,"featured_media":21861,"comment_status":"closed","ping_status":"closed","sticky":false,"template":"","format":"standard","meta":{"footnotes":""},"categories":[22],"tags":[57],"class_list":["post-21860","post","type-post","status-publish","format-standard","has-post-thumbnail","hentry","category-el-mundo","tag-el-mundo"],"_links":{"self":[{"href":"http:\/\/argentinamunicipal.com.ar\/argentina\/wp-json\/wp\/v2\/posts\/21860","targetHints":{"allow":["GET"]}}],"collection":[{"href":"http:\/\/argentinamunicipal.com.ar\/argentina\/wp-json\/wp\/v2\/posts"}],"about":[{"href":"http:\/\/argentinamunicipal.com.ar\/argentina\/wp-json\/wp\/v2\/types\/post"}],"author":[{"embeddable":true,"href":"http:\/\/argentinamunicipal.com.ar\/argentina\/wp-json\/wp\/v2\/users\/2"}],"replies":[{"embeddable":true,"href":"http:\/\/argentinamunicipal.com.ar\/argentina\/wp-json\/wp\/v2\/comments?post=21860"}],"version-history":[{"count":0,"href":"http:\/\/argentinamunicipal.com.ar\/argentina\/wp-json\/wp\/v2\/posts\/21860\/revisions"}],"wp:featuredmedia":[{"embeddable":true,"href":"http:\/\/argentinamunicipal.com.ar\/argentina\/wp-json\/wp\/v2\/media\/21861"}],"wp:attachment":[{"href":"http:\/\/argentinamunicipal.com.ar\/argentina\/wp-json\/wp\/v2\/media?parent=21860"}],"wp:term":[{"taxonomy":"category","embeddable":true,"href":"http:\/\/argentinamunicipal.com.ar\/argentina\/wp-json\/wp\/v2\/categories?post=21860"},{"taxonomy":"post_tag","embeddable":true,"href":"http:\/\/argentinamunicipal.com.ar\/argentina\/wp-json\/wp\/v2\/tags?post=21860"}],"curies":[{"name":"wp","href":"https:\/\/api.w.org\/{rel}","templated":true}]}}