{"id":21893,"date":"2014-12-31T10:39:27","date_gmt":"2014-12-31T13:39:27","guid":{"rendered":"http:\/\/argentinamunicipal.com.ar\/argentina\/?p=21893"},"modified":"2015-04-24T10:36:54","modified_gmt":"2015-04-24T13:36:54","slug":"san-salvador-de-jujuy-declarada-ciudad-de-paz","status":"publish","type":"post","link":"http:\/\/argentinamunicipal.com.ar\/argentina\/san-salvador-de-jujuy-declarada-ciudad-de-paz\/","title":{"rendered":"San Salvador de Jujuy declarada \u201cCiudad de Paz\u201d"},"content":{"rendered":"<p><a href=\"http:\/\/argentinamunicipal.com.ar\/argentina\/wp-content\/uploads\/2014\/12\/catedral-juju.jpg\"><img loading=\"lazy\" decoding=\"async\" class=\"aligncenter size-full wp-image-21896\" src=\"http:\/\/argentinamunicipal.com.ar\/argentina\/wp-content\/uploads\/2014\/12\/catedral-juju.jpg\" alt=\"catedral-juju\" width=\"500\" height=\"335\" srcset=\"http:\/\/argentinamunicipal.com.ar\/argentina\/wp-content\/uploads\/2014\/12\/catedral-juju.jpg 500w, http:\/\/argentinamunicipal.com.ar\/argentina\/wp-content\/uploads\/2014\/12\/catedral-juju-300x201.jpg 300w\" sizes=\"auto, (max-width: 500px) 100vw, 500px\" \/><\/a><br \/>\nDurante un acto realizado en el atrio de la Iglesia Catedral se llev\u00f3 a cabo la ceremonia de declaraci\u00f3n de San Salvador de Jujuy como \u2018Ciudad de Paz\u2019 \u2018que trabaja incansablemente y cooperativamente para promover una cultura de paz para lograr el bien com\u00fan y el respeto por los ciudadanos\u2019, destacaron desde el municipio capitalino.<\/p>\n<p>Autoridades comunales consideraron que \u2018la ciudad se viste de fiesta al recibir la condecoraci\u00f3n de \u201cCiudad Internacional de Paz\u2019 y pusieron en relieve que esta designaci\u00f3n reconoce \u2018el trabajo incansable de j\u00f3venes y adultos de la Embajada de Paz de la escuela Municipal N\u00ba 1 \u2018Maestra Marina Vilte\u2019 y de la sociedad en su conjunto, que con esfuerzo y dedicaci\u00f3n construyen una Cultura de Paz mediante diversos proyectos y talleres preponderando los valores cooperativos en el actuar cotidiano\u2019.<\/p>\n<p>Afirmaron que \u2018Una ciudad de Paz es una comunidad que procura avanzar contra la violencia promoviendo la hermandad y el bien com\u00fan en la ciudad\u2019.<\/p>\n<p>La ceremonia comenz\u00f3 con el ingreso de las banderas de ceremonia, continu\u00f3 con la entonaci\u00f3n de las estrofas del Himno Nacional Argentino. Luego se procedi\u00f3 a la lectura del decreto municipal aceptando los postulados para cumplir con esta tarea y se hizo entrega de una placa honor\u00edfica a la ciudad. La misma fue recibida por la Secretaria de Desarrollo Humano del municipio y \u2018deja plasmada el s\u00edmbolo que representa a las ciudades de Paz y a la Municipalidad de San Salvador de Jujuy\u2019, precis\u00f3.<\/p>\n<p>La titular de la Secretar\u00eda de Desarrollo Humano del municipio capitalino, Mar\u00eda Ferr\u00edn de Ramos, resalt\u00f3 este importante paso para la capital juje\u00f1a y explic\u00f3 que \u2018la Unesco, por una propuesta que hizo la escuela Marina Vilte que ya es Embajadora de la Paz, ha declarado a la Cuidad de San Salvador de Jujuy Ciudad de Paz para que trabajemos en que ya no tengamos hechos de violencia\u2019.<\/p>\n<p>\u2018Es una gran responsabilidad por que conlleva el trabajo mancomunado de padres, alumnos, docentes, personal directivo y l\u00f3gicamente la Municipalidad de San Salvador de Jujuy atreves de la Direcci\u00f3n de Educaci\u00f3n y la Secretaria de Desarrollo Humano para trabajar por la paz, construir la uni\u00f3n es una actividad que debe de ser trabajo de todos los d\u00edas, por eso para nosotros es un gran honor este homenaje y designaci\u00f3n a San Salvador de Jujuy\u2019, expres\u00f3 la funcionaria.<\/p>\n<p>El acto protocolar fue encabezado por Mar\u00eda Teresa Ferr\u00edn, acompa\u00f1ada por la Directora de Educaci\u00f3n del municipio capitalino, Gladis Sivila; el Director de Cultura Jos\u00e9 Rodr\u00edguez B\u00e1rcena, el Director de Pol\u00edticas P\u00fablicas de Adolescencia y Juventud Mat\u00edas Rivera, la Directora de Nivel Medio de la Escuela Municipal N\u00ba 1 Marina Vilte, Ana Rosa Barros, docentes, alumnos, padres e invitados especiales.<\/p>\n<h6>Fuente: Preg\u00f3n<\/h6>\n","protected":false},"excerpt":{"rendered":"<p>Durante un acto realizado en el atrio de la Iglesia Catedral se llev\u00f3 a cabo la ceremonia de declaraci\u00f3n de San Salvador de Jujuy como \u2018Ciudad de Paz\u2019 \u2018que trabaja incansablemente y cooperativamente para promover una cultura de paz para lograr el bien com\u00fan y el respeto por los ciudadanos\u2019, destacaron desde el municipio capitalino.<\/p>\n","protected":false},"author":2,"featured_media":21896,"comment_status":"closed","ping_status":"closed","sticky":false,"template":"","format":"standard","meta":{"footnotes":""},"categories":[2],"tags":[25],"class_list":["post-21893","post","type-post","status-publish","format-standard","has-post-thumbnail","hentry","category-informe-municipal","tag-jujuy"],"_links":{"self":[{"href":"http:\/\/argentinamunicipal.com.ar\/argentina\/wp-json\/wp\/v2\/posts\/21893","targetHints":{"allow":["GET"]}}],"collection":[{"href":"http:\/\/argentinamunicipal.com.ar\/argentina\/wp-json\/wp\/v2\/posts"}],"about":[{"href":"http:\/\/argentinamunicipal.com.ar\/argentina\/wp-json\/wp\/v2\/types\/post"}],"author":[{"embeddable":true,"href":"http:\/\/argentinamunicipal.com.ar\/argentina\/wp-json\/wp\/v2\/users\/2"}],"replies":[{"embeddable":true,"href":"http:\/\/argentinamunicipal.com.ar\/argentina\/wp-json\/wp\/v2\/comments?post=21893"}],"version-history":[{"count":0,"href":"http:\/\/argentinamunicipal.com.ar\/argentina\/wp-json\/wp\/v2\/posts\/21893\/revisions"}],"wp:featuredmedia":[{"embeddable":true,"href":"http:\/\/argentinamunicipal.com.ar\/argentina\/wp-json\/wp\/v2\/media\/21896"}],"wp:attachment":[{"href":"http:\/\/argentinamunicipal.com.ar\/argentina\/wp-json\/wp\/v2\/media?parent=21893"}],"wp:term":[{"taxonomy":"category","embeddable":true,"href":"http:\/\/argentinamunicipal.com.ar\/argentina\/wp-json\/wp\/v2\/categories?post=21893"},{"taxonomy":"post_tag","embeddable":true,"href":"http:\/\/argentinamunicipal.com.ar\/argentina\/wp-json\/wp\/v2\/tags?post=21893"}],"curies":[{"name":"wp","href":"https:\/\/api.w.org\/{rel}","templated":true}]}}