{"id":21941,"date":"2015-01-02T09:34:19","date_gmt":"2015-01-02T12:34:19","guid":{"rendered":"http:\/\/argentinamunicipal.com.ar\/argentina\/?p=21941"},"modified":"2015-01-02T09:34:19","modified_gmt":"2015-01-02T12:34:19","slug":"dilma-rousseff-asumio-su-segundo-mandato-y-enfatizo-que-brasil-necesita-volver-crecer","status":"publish","type":"post","link":"http:\/\/argentinamunicipal.com.ar\/argentina\/dilma-rousseff-asumio-su-segundo-mandato-y-enfatizo-que-brasil-necesita-volver-crecer\/","title":{"rendered":"Dilma Rousseff asumi\u00f3 su segundo mandato y enfatiz\u00f3 que Brasil necesita volver a crecer."},"content":{"rendered":"<p><a href=\"http:\/\/argentinamunicipal.com.ar\/argentina\/wp-content\/uploads\/2015\/01\/Dilma-1.jpg\"><img loading=\"lazy\" decoding=\"async\" class=\"aligncenter  wp-image-21942\" src=\"http:\/\/argentinamunicipal.com.ar\/argentina\/wp-content\/uploads\/2015\/01\/Dilma-1.jpg\" alt=\"Dilma-1\" width=\"636\" height=\"358\" srcset=\"http:\/\/argentinamunicipal.com.ar\/argentina\/wp-content\/uploads\/2015\/01\/Dilma-1.jpg 894w, http:\/\/argentinamunicipal.com.ar\/argentina\/wp-content\/uploads\/2015\/01\/Dilma-1-300x168.jpg 300w\" sizes=\"auto, (max-width: 636px) 100vw, 636px\" \/><\/a><\/p>\n<p>\u201cHaremos un ajuste con el menor sacrificio posible\u201d<br \/>\nDilma Rousseff asumi\u00f3 su segundo mandato y enfatiz\u00f3 que Brasil necesita volver a crecer. Reclam\u00f3 un pacto contra la corrupci\u00f3n y defendi\u00f3 a Petrobras.<\/p>\n<p>La presidenta de Brasil, Dilma Rousseff, asumi\u00f3 ayer su segundo mandato con la promesa de exceptuar a los pobres del ajuste fiscal que se prepara y la propuesta de un \u201cpacto nacional\u201d contra la corrupci\u00f3n, agitada por el \u00faltimo esc\u00e1ndalo en la compa\u00f1\u00eda Petrobras.<\/p>\n<p>Ajuste y corrupci\u00f3n fueron los puntos centrales del discurso que pronunci\u00f3 al jurar el cargo ante el pleno del Congreso y delegaciones de 70 pa\u00edses, entre los que estaban los presidentes de Bolivia, Chile, Costa Rica, Paraguay, Uruguay y Venezuela, y los vicepresidentes de Argentina, Estados Unidos y China, los principales socios comerciales de Brasil.<\/p>\n<p>\u201cM\u00e1s que nadie s\u00e9 que Brasil necesita volver a crecer y los primeros pasos para ello pasan por un ajuste fiscal y un aumento del ahorro p\u00fablico, pero haremos eso con el menor sacrificio posible para la poblaci\u00f3n, en especial para los m\u00e1s necesitados\u201d, resalt\u00f3 la mandataria.<\/p>\n<p>El gobierno a\u00fan no especific\u00f3 alcances del ajuste, pero ha adelantado que ser\u00e1 \u201csevero\u201d, algo frente a lo cual Rousseff aclar\u00f3 que se har\u00e1 sin tocar las leyes laborales brasile\u00f1as. \u201cReafirmo mi compromiso con la manutenci\u00f3n de todos los derechos laborales y de los derechos de la seguridad social\u201d, asegur\u00f3 ayer.<\/p>\n<p>Sobre la corrupci\u00f3n, que amenaza con ser una piedra en el zapato en su segundo mandato, propuso en forma vaga combatirla con \u201cun gran pacto nacional\u201d que implique a \u201ctodas las esferas del Ejecutivo y todos los segmentos de poder\u201d.<\/p>\n<p>En otro pasaje, Dilma se refiri\u00f3 directamente a Petrobras, empresa en la que durante la \u00faltima d\u00e9cada se enquist\u00f3 una mafia de directores que operaba en combinaci\u00f3n con pol\u00edticos y empresarios y que la polic\u00eda calcula que se apropi\u00f3 de unos 10 mil millones de reales (unos 3.760 millones de d\u00f3lares).<\/p>\n<p>Rousseff garantiz\u00f3 que se investigar\u00e1n las irregularidades en la empresa \u201ccon rigor\u201d y que se crear\u00e1n \u201cmecanismos\u201d para evitar que se repitan, pero tambi\u00e9n inst\u00f3 al pa\u00eds a \u201cdefender\u201d a la compa\u00f1\u00eda de \u201cpredadores internos y de enemigos externos\u201d, que no identific\u00f3.<\/p>\n<p>En materia de pol\u00edtica exterior, afirm\u00f3 que en su nuevo mandato mantendr\u00e1 como \u201cprioridad\u201d la integraci\u00f3n de Sudam\u00e9rica, Am\u00e9rica latina y el Caribe, sin \u201cdiscriminaciones de orden ideol\u00f3gico\u201d.<\/p>\n<p>Tambi\u00e9n asegur\u00f3 que pondr\u00e1 m\u00e1s \u201c\u00e9nfasis\u201d en las relaciones con \u00c1frica, Asia y el mundo \u00e1rabe y dijo que se propone \u201cmejorar\u201d los nexos con Estados Unidos, la Uni\u00f3n Europea (UE) y Jap\u00f3n.<\/p>\n<p>Aunque no lo cit\u00f3 entre sus objetivos principales, Rousseff dio indicios de que pretende recomponer las relaciones con Estados Unidos, golpeadas desde mediados de 2013, cuando el exanalista de la Agencia Nacional de Seguridad (NSA) Edward Snowden denunci\u00f3 que la mandataria brasile\u00f1a era espiada por ese organismo y por la Central de Inteligencia estadounidense (CIA).<\/p>\n<h3>Gui\u00f1os a Washington<\/h3>\n<p>\u201cEs de gran importancia mejorar nuestra relaci\u00f3n con Estados Unidos, por su importancia econ\u00f3mica, pol\u00edtica, cient\u00edfica y tecnol\u00f3gica, adem\u00e1s del volumen de nuestro comercio bilateral\u201d, dijo Rousseff.<\/p>\n<p>El vicepresidente estadounidense, Joe Biden, fue objeto ayer de una deferencia especial por parte de Rousseff, ya que fue la \u00fanica autoridad extranjera que tuvo una audiencia particular con ella.<\/p>\n<p>Ni Brasil ni Estados Unidos informaron sobre lo tratado y Biden tampoco quiso esclarecer en unas breves declaraciones a periodistas.<\/p>\n<p>\u201cEs un nuevo a\u00f1o, un nuevo comienzo\u201d, dijo Biden tras su reuni\u00f3n con Rousseff, que, seg\u00fan la agenda de la mandataria, durar\u00eda unos 10 minutos pero, seg\u00fan fuentes oficiales, se extendi\u00f3 durante casi una hora.<\/p>\n<p>Consultado sobre si existe la posibilidad de que la mandataria brasile\u00f1a haga una visita a Estados Unidos este mismo a\u00f1o, Biden tampoco fue claro. \u201cEspero que s\u00ed\u201d, respondi\u00f3 en forma escueta.<\/p>\n<p>Biden fue uno de los \u00faltimos dignatarios extranjeros en retirarse de un c\u00f3ctel ofrecido por Rousseff en el Palacio de Itamaraty, sede de la Canciller\u00eda en Brasilia, que marc\u00f3 el fin de los actos de su investidura, que tuvieron menos fervor popular que lo esperado.<\/p>\n<h3>Banderas y ausencias<\/h3>\n<p>Pese a que el gobernante Partido de los Trabajadores (PT) hab\u00eda anunciado que movilizar\u00eda a 30 mil militantes hacia Brasilia para los actos, la asistencia en realidad no lleg\u00f3 ni a la mitad. Las entre 10 mil y 15 mil personas presentes portaban casi en su totalidad banderas rojas del PT o emblemas ligados a esa fuerza de izquierda.<\/p>\n<p>Por el contrario, no se vieron carteles ni banderas de ninguno de los movimientos sociales que siempre han apoyado a ese partido pero que en los \u00faltimos d\u00edas se empezaron a distanciar tras los indicios de que Rousseff dar\u00e1 un giro ortodoxo y liberal a su pol\u00edtica econ\u00f3mica.<\/p>\n<p>Hoy, en su primer d\u00eda de trabajo efectivo tras su investidura, la primera actividad de Rousseff ser\u00e1 una audiencia privada con el presidente de Venezuela, Nicol\u00e1s Maduro.<\/p>\n<p>Letra. Tras la toma de posesi\u00f3n de Rousseff, Bachelet confes\u00f3 que estudi\u00f3 portugu\u00e9s de adolescente. En 2006 Bachelet tambi\u00e9n cant\u00f3 en Per\u00fa el himno de ese pa\u00eds en un desfile con Alan Garc\u00eda.<\/p>\n<h3>39 ministerios, un equipo que se complet\u00f3 al final<\/h3>\n<p><strong>Sobre la hora<\/strong>. La presidenta brasile\u00f1a, Dilma Rousseff, inici\u00f3 ayer su segundo mandato con un nuevo gabinete, que termin\u00f3 de formar el 31 de diciembre, en medio de dificultades pol\u00edticas y otras vinculadas a las denuncias y esc\u00e1ndalos en Petrobras.<\/p>\n<p><strong>Reparto<\/strong>. Los 39 ministerios fueron distribuidos entre las 10 fuerzas de la coalici\u00f3n oficialista que integran el Partido los Trabajadores (PT), el Movimiento Democr\u00e1tico Brasile\u00f1o (PMDB), Republicano Brasile\u00f1o (PRB), de la Rep\u00fablica (PR), Progresista (PP), Comunista de Brasil (PCdoB), Republicano del Orden Social (Pros), Social Democr\u00e1tico, Democr\u00e1tico de los Trabajadores (PDT) y Laborista Brasile\u00f1o.<\/p>\n<p><strong>En puestos clave<\/strong>. Joaquim Levy es desde ayer el ministro de Hacienda. Ingeniero de 53 a\u00f1os, sin filiaci\u00f3n partidaria y apodado \u201cmanos de tijeras\u201d por su apego a la austeridad, proviene de la banca privada.<\/p>\n<p><strong>En Relaciones Exteriores<\/strong>. Mauro Vieira, diplom\u00e1tico de carrera de 62 a\u00f1os, cambia la Embajada en Estados Unidos por la Canciller\u00eda, en un aparente movimiento de acercamiento de Brasilia a Washington.<\/p>\n<h6>Fuente: La Voz del Interior<\/h6>\n","protected":false},"excerpt":{"rendered":"<p>\u201cHaremos un ajuste con el menor sacrificio posible\u201d Dilma Rousseff asumi\u00f3 su segundo mandato y enfatiz\u00f3 que Brasil necesita volver a crecer. Reclam\u00f3 un pacto contra la corrupci\u00f3n y defendi\u00f3 a Petrobras. La presidenta de Brasil, Dilma Rousseff, asumi\u00f3 ayer su segundo mandato con la promesa de exceptuar a los pobres del ajuste fiscal que<\/p>\n","protected":false},"author":2,"featured_media":21942,"comment_status":"closed","ping_status":"closed","sticky":false,"template":"","format":"standard","meta":{"footnotes":""},"categories":[22],"tags":[57],"class_list":["post-21941","post","type-post","status-publish","format-standard","has-post-thumbnail","hentry","category-el-mundo","tag-el-mundo"],"_links":{"self":[{"href":"http:\/\/argentinamunicipal.com.ar\/argentina\/wp-json\/wp\/v2\/posts\/21941","targetHints":{"allow":["GET"]}}],"collection":[{"href":"http:\/\/argentinamunicipal.com.ar\/argentina\/wp-json\/wp\/v2\/posts"}],"about":[{"href":"http:\/\/argentinamunicipal.com.ar\/argentina\/wp-json\/wp\/v2\/types\/post"}],"author":[{"embeddable":true,"href":"http:\/\/argentinamunicipal.com.ar\/argentina\/wp-json\/wp\/v2\/users\/2"}],"replies":[{"embeddable":true,"href":"http:\/\/argentinamunicipal.com.ar\/argentina\/wp-json\/wp\/v2\/comments?post=21941"}],"version-history":[{"count":0,"href":"http:\/\/argentinamunicipal.com.ar\/argentina\/wp-json\/wp\/v2\/posts\/21941\/revisions"}],"wp:featuredmedia":[{"embeddable":true,"href":"http:\/\/argentinamunicipal.com.ar\/argentina\/wp-json\/wp\/v2\/media\/21942"}],"wp:attachment":[{"href":"http:\/\/argentinamunicipal.com.ar\/argentina\/wp-json\/wp\/v2\/media?parent=21941"}],"wp:term":[{"taxonomy":"category","embeddable":true,"href":"http:\/\/argentinamunicipal.com.ar\/argentina\/wp-json\/wp\/v2\/categories?post=21941"},{"taxonomy":"post_tag","embeddable":true,"href":"http:\/\/argentinamunicipal.com.ar\/argentina\/wp-json\/wp\/v2\/tags?post=21941"}],"curies":[{"name":"wp","href":"https:\/\/api.w.org\/{rel}","templated":true}]}}