{"id":2205,"date":"2014-02-26T12:36:09","date_gmt":"2014-02-26T15:36:09","guid":{"rendered":"http:\/\/argentinamunicipal.com.ar\/argentina\/?p=2205"},"modified":"2014-02-26T12:36:09","modified_gmt":"2014-02-26T15:36:09","slug":"capacitan-a-empleados-municipales-de-viedma-por-transporte-urbano","status":"publish","type":"post","link":"http:\/\/argentinamunicipal.com.ar\/argentina\/capacitan-a-empleados-municipales-de-viedma-por-transporte-urbano\/","title":{"rendered":"Capacitan a empleados municipales de Viedma por transporte urbano"},"content":{"rendered":"<p><a href=\"http:\/\/argentinamunicipal.com.ar\/argentina\/wp-content\/uploads\/2014\/02\/3.jpg\"><img loading=\"lazy\" decoding=\"async\" class=\"alignright size-full wp-image-2206\" alt=\"3\" src=\"http:\/\/argentinamunicipal.com.ar\/argentina\/wp-content\/uploads\/2014\/02\/3.jpg\" width=\"220\" height=\"165\" \/><\/a>\u00a0Inform\u00f3 la Municipalidad local que est\u00e1 en ejecuci\u00f3n la segunda etapa del estudio del transporte urbano y vehicular de la ciudad.<\/p>\n<p>El especialista Guillermo Yampolsky realiz\u00f3 hoy una capacitaci\u00f3n a empleados municipales que participar\u00e1n de un trabajo de campo en los recorridos de colectivos.<\/p>\n<p>El personal municipal estar\u00e1 a cargo de llevar adelante las encuestas, que se realizar\u00e1n el pr\u00f3ximo mes.<\/p>\n<p>Este mi\u00e9rcoles se continuar\u00e1 con la capacitaci\u00f3n, pero a su vez mantendr\u00e1 reuniones con Obras Publicas y otras dependencias para informarse de los trabajos que se vienen realizando en la ciudad inherentes al ordenamiento de recorridos y paradas.<\/p>\n<p>Yampolsky fue contratado por el BID, sin costo para el municipio, para realizar un diagn\u00f3stico y proponer mejoras al sistema de colectivos.<\/p>\n<p>En una primera etapa estudi\u00f3 los recorridos, paradas y ahora se centrar\u00e1 en el servicio y los flujos de pasajeros.<\/p>\n<h6>Fuente: ADN<\/h6>\n","protected":false},"excerpt":{"rendered":"<p>\u00a0Inform\u00f3 la Municipalidad local que est\u00e1 en ejecuci\u00f3n la segunda etapa del estudio del transporte urbano y vehicular de la ciudad. El especialista Guillermo Yampolsky realiz\u00f3 hoy una capacitaci\u00f3n a empleados municipales que participar\u00e1n de un trabajo de campo en los recorridos de colectivos. El personal municipal estar\u00e1 a cargo de llevar adelante las encuestas,<\/p>\n","protected":false},"author":2,"featured_media":2206,"comment_status":"closed","ping_status":"closed","sticky":false,"template":"","format":"standard","meta":{"footnotes":""},"categories":[2],"tags":[11],"class_list":["post-2205","post","type-post","status-publish","format-standard","has-post-thumbnail","hentry","category-informe-municipal","tag-rio-negro"],"_links":{"self":[{"href":"http:\/\/argentinamunicipal.com.ar\/argentina\/wp-json\/wp\/v2\/posts\/2205","targetHints":{"allow":["GET"]}}],"collection":[{"href":"http:\/\/argentinamunicipal.com.ar\/argentina\/wp-json\/wp\/v2\/posts"}],"about":[{"href":"http:\/\/argentinamunicipal.com.ar\/argentina\/wp-json\/wp\/v2\/types\/post"}],"author":[{"embeddable":true,"href":"http:\/\/argentinamunicipal.com.ar\/argentina\/wp-json\/wp\/v2\/users\/2"}],"replies":[{"embeddable":true,"href":"http:\/\/argentinamunicipal.com.ar\/argentina\/wp-json\/wp\/v2\/comments?post=2205"}],"version-history":[{"count":0,"href":"http:\/\/argentinamunicipal.com.ar\/argentina\/wp-json\/wp\/v2\/posts\/2205\/revisions"}],"wp:featuredmedia":[{"embeddable":true,"href":"http:\/\/argentinamunicipal.com.ar\/argentina\/wp-json\/wp\/v2\/media\/2206"}],"wp:attachment":[{"href":"http:\/\/argentinamunicipal.com.ar\/argentina\/wp-json\/wp\/v2\/media?parent=2205"}],"wp:term":[{"taxonomy":"category","embeddable":true,"href":"http:\/\/argentinamunicipal.com.ar\/argentina\/wp-json\/wp\/v2\/categories?post=2205"},{"taxonomy":"post_tag","embeddable":true,"href":"http:\/\/argentinamunicipal.com.ar\/argentina\/wp-json\/wp\/v2\/tags?post=2205"}],"curies":[{"name":"wp","href":"https:\/\/api.w.org\/{rel}","templated":true}]}}