{"id":22059,"date":"2015-01-05T09:04:50","date_gmt":"2015-01-05T12:04:50","guid":{"rendered":"http:\/\/argentinamunicipal.com.ar\/argentina\/?p=22059"},"modified":"2015-01-05T09:04:50","modified_gmt":"2015-01-05T12:04:50","slug":"el-papa-se-interiorizo-por-la-salida-al-mar-de-bolivia","status":"publish","type":"post","link":"http:\/\/argentinamunicipal.com.ar\/argentina\/el-papa-se-interiorizo-por-la-salida-al-mar-de-bolivia\/","title":{"rendered":"El Papa se interioriz\u00f3 por la salida al mar de Bolivia"},"content":{"rendered":"<p><a href=\"http:\/\/argentinamunicipal.com.ar\/argentina\/wp-content\/uploads\/2015\/01\/0011739928.jpg\"><img loading=\"lazy\" decoding=\"async\" class=\"aligncenter size-full wp-image-22060\" src=\"http:\/\/argentinamunicipal.com.ar\/argentina\/wp-content\/uploads\/2015\/01\/0011739928.jpg\" alt=\"0011739928\" width=\"770\" height=\"433\" srcset=\"http:\/\/argentinamunicipal.com.ar\/argentina\/wp-content\/uploads\/2015\/01\/0011739928.jpg 770w, http:\/\/argentinamunicipal.com.ar\/argentina\/wp-content\/uploads\/2015\/01\/0011739928-300x168.jpg 300w\" sizes=\"auto, (max-width: 770px) 100vw, 770px\" \/><\/a><\/p>\n<p>Morales habl\u00f3 del tema tras ser consultado en una entrevista con el canal estatal sobre si algunos presidentes o el pont\u00edfice pueden mediar en el reclamo boliviano a Chile de una salida al mar.<\/p>\n<p>\u00abMe pidi\u00f3 documentaci\u00f3n, yo pas\u00e9 documentaci\u00f3n y se entreg\u00f3 el libro que se hizo gracias a Diremar y Carlos Mesa, no quiero comentar en detalle sobre ese tema\u00bb, dijo en entrevista con el programa &#8216;El Pueblo es Noticia&#8217;, que se difunde por medios estatales, seg\u00fan reprodujo la agencia ABI.<\/p>\n<p>El gobierno anticip\u00f3 que \u00abes casi seguro\u00bb que este a\u00f1o el papa Francisco visite Bolivia en el marco de un periplo que cumplir\u00e1 por pa\u00edses sudamericanos, aunque no se precis\u00f3 a\u00fan la fecha.<\/p>\n<p>Ese anuncio despert\u00f3 preocupaci\u00f3n en Chile ante una eventual intervenci\u00f3n del Pont\u00edfice en el conflicto con Bolivia por el mar, tras la guerra de 1879.<\/p>\n<p>Desde entonces, Bolivia reivindica en diferentes foros internacionales el derecho de recuperar su cualidad mar\u00edtima y en 2013 llev\u00f3 el diferendo ante la Corte de La Haya.<\/p>\n<p>Morales manifest\u00f3 que sin duda ning\u00fan organismo internacional desconoce la demanda boliviana y sus argumentos para exigir un retorno al mar con soberan\u00eda, aunque expresan una postura de neutralidad. \u00abNo estamos solos en el mundo en el tema del mar\u00bb, mencion\u00f3.<\/p>\n<p>El presidente refiri\u00f3 que la representaci\u00f3n de los ex presidentes Eduardo Rodr\u00edguez y de Carlos Mesa, en la demanda mar\u00edtima, recibe elogios de parte de mandatarios de pa\u00edses del mundo, quienes destacan que el proceso \u00abest\u00e1 bien planteado\u00bb.<\/p>\n<p>\u00abEscuch\u00e9 la voz de presidente de Paraguay que dec\u00eda, el Presidente Evo tiene excelente vocer\u00eda, Mesa nos ha explicado y la demanda est\u00e1 muy bien planteada, comentario de presidentes\u00bb, asever\u00f3.<\/p>\n<p>Destac\u00f3 tambi\u00e9n la suma de pronunciamientos de organizaciones sociales del mundo a favor de la demanda mar\u00edtima, que expresan pleno respaldo a lo que es un derecho de los bolivianos.<\/p>\n<p>Mesa (2003-2005), que es vocero de la causa mar\u00edtima, ayud\u00f3 a la Diremar a elaborar el llamado \u00abLibro del Mar\u00bb, con la historia y la argumentaci\u00f3n del reclamo a Chile por una restituci\u00f3n del acceso soberano al Pac\u00edfico, perdido en una guerra de fines del siglo XIX.<\/p>\n<p>El argumento de la demanda boliviana es que hist\u00f3ricamente varias autoridades chilenas hicieron ofertas para resolver el hist\u00f3rico conflicto, pero no se concretaron.<\/p>\n<p>Chile ha rechazado este reclamo con el argumento de que los l\u00edmites quedaron zanjados en un tratado firmado en 1904, 25 a\u00f1os despu\u00e9s de la guerra, y que la CIJ no tiene competencia para tramitar la demanda pues se cre\u00f3 despu\u00e9s de la firma de ese acuerdo.<\/p>\n<h6>Fuente: La Opini\u00f3n Line<\/h6>\n","protected":false},"excerpt":{"rendered":"<p>Morales habl\u00f3 del tema tras ser consultado en una entrevista con el canal estatal sobre si algunos presidentes o el pont\u00edfice pueden mediar en el reclamo boliviano a Chile de una salida al mar. \u00abMe pidi\u00f3 documentaci\u00f3n, yo pas\u00e9 documentaci\u00f3n y se entreg\u00f3 el libro que se hizo gracias a Diremar y Carlos Mesa, no<\/p>\n","protected":false},"author":2,"featured_media":22060,"comment_status":"closed","ping_status":"closed","sticky":false,"template":"","format":"standard","meta":{"footnotes":""},"categories":[22],"tags":[57],"class_list":["post-22059","post","type-post","status-publish","format-standard","has-post-thumbnail","hentry","category-el-mundo","tag-el-mundo"],"_links":{"self":[{"href":"http:\/\/argentinamunicipal.com.ar\/argentina\/wp-json\/wp\/v2\/posts\/22059","targetHints":{"allow":["GET"]}}],"collection":[{"href":"http:\/\/argentinamunicipal.com.ar\/argentina\/wp-json\/wp\/v2\/posts"}],"about":[{"href":"http:\/\/argentinamunicipal.com.ar\/argentina\/wp-json\/wp\/v2\/types\/post"}],"author":[{"embeddable":true,"href":"http:\/\/argentinamunicipal.com.ar\/argentina\/wp-json\/wp\/v2\/users\/2"}],"replies":[{"embeddable":true,"href":"http:\/\/argentinamunicipal.com.ar\/argentina\/wp-json\/wp\/v2\/comments?post=22059"}],"version-history":[{"count":0,"href":"http:\/\/argentinamunicipal.com.ar\/argentina\/wp-json\/wp\/v2\/posts\/22059\/revisions"}],"wp:featuredmedia":[{"embeddable":true,"href":"http:\/\/argentinamunicipal.com.ar\/argentina\/wp-json\/wp\/v2\/media\/22060"}],"wp:attachment":[{"href":"http:\/\/argentinamunicipal.com.ar\/argentina\/wp-json\/wp\/v2\/media?parent=22059"}],"wp:term":[{"taxonomy":"category","embeddable":true,"href":"http:\/\/argentinamunicipal.com.ar\/argentina\/wp-json\/wp\/v2\/categories?post=22059"},{"taxonomy":"post_tag","embeddable":true,"href":"http:\/\/argentinamunicipal.com.ar\/argentina\/wp-json\/wp\/v2\/tags?post=22059"}],"curies":[{"name":"wp","href":"https:\/\/api.w.org\/{rel}","templated":true}]}}