{"id":22121,"date":"2015-01-09T12:02:51","date_gmt":"2015-01-09T15:02:51","guid":{"rendered":"http:\/\/argentinamunicipal.com.ar\/argentina\/?p=22121"},"modified":"2015-01-05T11:09:47","modified_gmt":"2015-01-05T14:09:47","slug":"fiesta-provincial-del-chorizo-10-de-enero-en-ataliva","status":"publish","type":"post","link":"http:\/\/argentinamunicipal.com.ar\/argentina\/fiesta-provincial-del-chorizo-10-de-enero-en-ataliva\/","title":{"rendered":"Fiesta Provincial del Chorizo, 10 de enero en Ataliva"},"content":{"rendered":"<p><a href=\"http:\/\/argentinamunicipal.com.ar\/argentina\/wp-content\/uploads\/2015\/01\/10858346_681892125261898_5847843130596527468_n.jpg\"><img loading=\"lazy\" decoding=\"async\" class=\"alignleft wp-image-22122\" src=\"http:\/\/argentinamunicipal.com.ar\/argentina\/wp-content\/uploads\/2015\/01\/10858346_681892125261898_5847843130596527468_n.jpg\" alt=\"10858346_681892125261898_5847843130596527468_n\" width=\"249\" height=\"354\" srcset=\"http:\/\/argentinamunicipal.com.ar\/argentina\/wp-content\/uploads\/2015\/01\/10858346_681892125261898_5847843130596527468_n.jpg 677w, http:\/\/argentinamunicipal.com.ar\/argentina\/wp-content\/uploads\/2015\/01\/10858346_681892125261898_5847843130596527468_n-211x300.jpg 211w\" sizes=\"auto, (max-width: 249px) 100vw, 249px\" \/><\/a><\/p>\n<p>En reciente informe de prensa se hizo saber que en la semana anterior en las instalaciones de la Sede Social del Club Deportivo Independiente, se llev\u00f3 a cabo la presentaci\u00f3n oficial de la Vig\u00e9simo novena Fiesta Provincial del chorizo artesanal, encuentro que tendr\u00e1 vigencia el s\u00e1bado 10 de enero de 2015.<\/p>\n<p>A la convocatoria, asistieron autoridades del Club Deportivo Independiente, del orden pol\u00edtico local y provincial, medios de prensa e invitados especiales.<\/p>\n<p>Edgardo Canavese, en su car\u00e1cter de presidente del Club organizador, fue el primer orador e hizo especial menci\u00f3n en la importancia de la Fiesta, a trav\u00e9s de la cual se mantienen vivos aquellos sue\u00f1os y anhelos de los abuelos gringos que hace m\u00e1s de 100 a\u00f1os llegaron a esta rica zona de la provincia de Santa Fe.<\/p>\n<p>A continuaci\u00f3n, H\u00e9ctor Boggino (directivo de la Instituci\u00f3n), hizo referencia a los distintos concursos de degustaciones que se desarrollar\u00e1n a lo largo de la noche. Tambi\u00e9n, hizo referencia a la participaci\u00f3n que tuvo el Club Independiente en Uruguay, durante la preparaci\u00f3n de una \u201ccomida\u201d a solicitud del presidente del vecino pa\u00eds, Jos\u00e9 Mujica.<\/p>\n<p>Seguidamente, el presidente comunal, Fabio S\u00e1nchez destac\u00f3 la loable tarea que el Club Independiente de Ataliva realiza a trav\u00e9s de su Fiesta, dejando en claro el firme compromiso de la Comuna local para colaborar en cuanto sea posible y resulte necesario, para garantizar el \u00e9xito del evento.<\/p>\n<p>Posteriormente, Omar Mart\u00ednez, responsable del Nodo Rafaela destac\u00f3 la importancia de la Fiesta Provincial del Chorizo, que se suma a la vasta grilla de Fiestas Provinciales organizadas por los pueblos de la Regi\u00f3n.<\/p>\n<p>Esta fiesta celebra en la pr\u00f3xima edici\u00f3n 29 a\u00f1os, recordando entonces su comienzo en el a\u00f1o 1986, y realizada en el Sal\u00f3n Gimnasio. A lo largo de \u201csu historia\u201d, consagrados artistas del \u00e1mbito nacional y popular pasaron por el escenario de la \u201cFiesta del Chorizo\u201d.<\/p>\n<p>Y seguramente, esta nueva edici\u00f3n contar\u00e1 \u2013una vez m\u00e1s- con la aceptaci\u00f3n del p\u00fablico, de acuerdo a los siguientes espect\u00e1culos confirmados:<\/p>\n<p><a href=\"http:\/\/argentinamunicipal.com.ar\/argentina\/wp-content\/uploads\/2015\/01\/ataliva.jpg\"><img loading=\"lazy\" decoding=\"async\" class=\"aligncenter size-full wp-image-22123\" src=\"http:\/\/argentinamunicipal.com.ar\/argentina\/wp-content\/uploads\/2015\/01\/ataliva.jpg\" alt=\"ataliva\" width=\"450\" height=\"250\" srcset=\"http:\/\/argentinamunicipal.com.ar\/argentina\/wp-content\/uploads\/2015\/01\/ataliva.jpg 450w, http:\/\/argentinamunicipal.com.ar\/argentina\/wp-content\/uploads\/2015\/01\/ataliva-300x166.jpg 300w\" sizes=\"auto, (max-width: 450px) 100vw, 450px\" \/><\/a><\/p>\n<p><strong>ANIMADORES<\/strong><br \/>\nLa pr\u00f3xima realizaci\u00f3n contar\u00e1 con la presencia de consagrados int\u00e9rpretes que seguramente ser\u00e1n un importante atractivo a la hora de decidir la asistencia a la fiesta, la lista est\u00e1 integrada por Chebere y el turco Julio; Los Palmeras;<br \/>\nLos Llamadores; S\u00faper Fant\u00e1stico; Los Cristales del Chamam\u00e9; Los Cejitas.<br \/>\nTambi\u00e9n, se producir\u00e1 la elecci\u00f3n de la Reina del Club Deportivo Independiente.<br \/>\nLas entradas anticipadas, ya pueden adquirirse (en la Sede Social del Club) al valor de $ 60.<\/p>\n<h6>Fuente: La Opini\u00f3n Line<\/h6>\n","protected":false},"excerpt":{"rendered":"<p>En reciente informe de prensa se hizo saber que en la semana anterior en las instalaciones de la Sede Social del Club Deportivo Independiente, se llev\u00f3 a cabo la presentaci\u00f3n oficial de la Vig\u00e9simo novena Fiesta Provincial del chorizo artesanal, encuentro que tendr\u00e1 vigencia el s\u00e1bado 10 de enero de 2015. A la convocatoria, asistieron<\/p>\n","protected":false},"author":2,"featured_media":22123,"comment_status":"closed","ping_status":"closed","sticky":false,"template":"","format":"standard","meta":{"footnotes":""},"categories":[47],"tags":[10],"class_list":["post-22121","post","type-post","status-publish","format-standard","has-post-thumbnail","hentry","category-fiestas","tag-santa-fe"],"_links":{"self":[{"href":"http:\/\/argentinamunicipal.com.ar\/argentina\/wp-json\/wp\/v2\/posts\/22121","targetHints":{"allow":["GET"]}}],"collection":[{"href":"http:\/\/argentinamunicipal.com.ar\/argentina\/wp-json\/wp\/v2\/posts"}],"about":[{"href":"http:\/\/argentinamunicipal.com.ar\/argentina\/wp-json\/wp\/v2\/types\/post"}],"author":[{"embeddable":true,"href":"http:\/\/argentinamunicipal.com.ar\/argentina\/wp-json\/wp\/v2\/users\/2"}],"replies":[{"embeddable":true,"href":"http:\/\/argentinamunicipal.com.ar\/argentina\/wp-json\/wp\/v2\/comments?post=22121"}],"version-history":[{"count":0,"href":"http:\/\/argentinamunicipal.com.ar\/argentina\/wp-json\/wp\/v2\/posts\/22121\/revisions"}],"wp:featuredmedia":[{"embeddable":true,"href":"http:\/\/argentinamunicipal.com.ar\/argentina\/wp-json\/wp\/v2\/media\/22123"}],"wp:attachment":[{"href":"http:\/\/argentinamunicipal.com.ar\/argentina\/wp-json\/wp\/v2\/media?parent=22121"}],"wp:term":[{"taxonomy":"category","embeddable":true,"href":"http:\/\/argentinamunicipal.com.ar\/argentina\/wp-json\/wp\/v2\/categories?post=22121"},{"taxonomy":"post_tag","embeddable":true,"href":"http:\/\/argentinamunicipal.com.ar\/argentina\/wp-json\/wp\/v2\/tags?post=22121"}],"curies":[{"name":"wp","href":"https:\/\/api.w.org\/{rel}","templated":true}]}}