{"id":22157,"date":"2015-01-06T08:52:55","date_gmt":"2015-01-06T11:52:55","guid":{"rendered":"http:\/\/argentinamunicipal.com.ar\/argentina\/?p=22157"},"modified":"2015-01-06T08:52:55","modified_gmt":"2015-01-06T11:52:55","slug":"centros-de-internamiento-de-extranjeros-el-agujero-espanol-poblado-de-latinoamericanos","status":"publish","type":"post","link":"http:\/\/argentinamunicipal.com.ar\/argentina\/centros-de-internamiento-de-extranjeros-el-agujero-espanol-poblado-de-latinoamericanos\/","title":{"rendered":"Centros de Internamiento de Extranjeros, el agujero espa\u00f1ol poblado de latinoamericanos"},"content":{"rendered":"<p><a href=\"http:\/\/argentinamunicipal.com.ar\/argentina\/wp-content\/uploads\/2015\/01\/Internac4.jpg\"><img loading=\"lazy\" decoding=\"async\" class=\"aligncenter size-full wp-image-22158\" src=\"http:\/\/argentinamunicipal.com.ar\/argentina\/wp-content\/uploads\/2015\/01\/Internac4.jpg\" alt=\"Internac4\" width=\"642\" height=\"366\" srcset=\"http:\/\/argentinamunicipal.com.ar\/argentina\/wp-content\/uploads\/2015\/01\/Internac4.jpg 642w, http:\/\/argentinamunicipal.com.ar\/argentina\/wp-content\/uploads\/2015\/01\/Internac4-300x171.jpg 300w\" sizes=\"auto, (max-width: 642px) 100vw, 642px\" \/><\/a><br \/>\nSon lo m\u00e1s parecido a una prisi\u00f3n, a la que llegan quienes como \u00fanico delito arrastran la falta de papeles en regla o una residencia que caduc\u00f3 con el tiempo.<\/p>\n<p>Madrid. Un Centro de Internamiento de Extranjeros (CIE) es algo parecido a una prisi\u00f3n, pero se llega sin haber cometido ning\u00fan delito. La mayor\u00eda de los internos carecen de antecedentes penales y han acabado all\u00ed por haber incurrido en una falta administrativa: no tener papeles.<\/p>\n<p>Contra lo que pudiera pensarse, los CIE tampoco son destino s\u00f3lo de los reci\u00e9n llegados por la frontera sur, sino que en ellos se encuentran, sobre todo, extranjeros que llevan varios a\u00f1os residiendo en el pa\u00eds. Esta condici\u00f3n ata\u00f1e de modo especial al grupo proveniente de Am\u00e9rica latina, la segunda zona geogr\u00e1fica con mayor presencia en los CIE (un 36 por ciento), que sigue muy de cerca al \u00c1frica Subsahariana (un 38 por ciento).<\/p>\n<p>\u201cLa mayor\u00eda de los latinoamericanos que est\u00e1n all\u00ed son gente con mucho arraigo en Espa\u00f1a\u201d, dice \u00c1ngel Campos, de la ONG Pueblos Unidos. En 2013, dos tercios de los internos del CIE de Madrid llevaban m\u00e1s de cuatro a\u00f1os en Espa\u00f1a, y el 43 por ciento, m\u00e1s de siete, seg\u00fan un informe de esa organizaci\u00f3n. Muchos de ellos viv\u00edan antes legalmente en Espa\u00f1a y no consiguieron renovar sus permisos por haber perdido su empleo.<\/p>\n<p>Si la mayor\u00eda de los latinoamericanos internados en los CIE son ecuatorianos, colombianos, dominicanos y bolivianos, entre las mujeres hay m\u00e1s ciudadanas de Paraguay y de Brasil, seg\u00fan Pueblos Unidos. La organizaci\u00f3n teme que la diferencia del pa\u00eds de origen de acuerdo con el sexo del inmigrante se explique por situaciones de explotaci\u00f3n sexual.<\/p>\n<p>Sandra (nombre ficticio), de origen latinoamericano, lleg\u00f3 a Europa a trav\u00e9s de una red de trata de personas. Hace tres a\u00f1os, la polic\u00eda la detect\u00f3 como inmigrante en situaci\u00f3n irregular y la mand\u00f3 al CIE de Madrid, donde se le hizo una entrevista para concederle la protecci\u00f3n prevista en la ley de extranjer\u00eda para v\u00edctimas de trata sin papeles, cuenta su abogada, Gema Fern\u00e1ndez. \u201cPero pas\u00f3 como le pasa a muchas mujeres en los CIE: cuando dicen que son v\u00edctimas de trata se cuestiona su credibilidad\u201d, explica.<\/p>\n<p>Sandra logr\u00f3 paralizar su expulsi\u00f3n, aunque no por ser v\u00edctima de trata. Cuando los polic\u00edas encargados de trasladarla hasta el aeropuerto de Barajas fueron a buscarla a su celda, Sandra, que asegura estar amenazada de muerte por la red en su pa\u00eds, se hizo cortes en el brazo para tratar de detenerlos. Seg\u00fan su abogada, esto gener\u00f3 una respuesta de los polic\u00edas: \u201cUno de ellos la llam\u00f3 \u2018sudaca de mierda\u2019 y la tir\u00f3 de las trenzas de lana que llevaba cosidas en el pelo\u201d. Para defenderse, le ara\u00f1\u00f3 el brazo al polic\u00eda, quien alega que Sandra le peg\u00f3 una patada. \u201cEs importante decir que esta mujer mide 1,49 y pesa 43 kilos\u201d, dijo la letrada. Esta semana, un juzgado la conden\u00f3 a seis meses de c\u00e1rcel por resistencia a la autoridad y a una multa por lesiones. Sandra relat\u00f3 en el juicio c\u00f3mo el agente la agred\u00eda mientras permanec\u00eda engrilletada de pies y manos.<\/p>\n<p>El dominicano Gregory Arturo Tabares fue internado en el CIE de Madrid pocos d\u00edas antes de contraer matrimonio con una espa\u00f1ola, y la polic\u00eda le neg\u00f3 la autorizaci\u00f3n para ser conducido al Registro Civil. \u201cMe dec\u00edan que yo ten\u00eda a mi esposa embobada con la idea de que la quer\u00eda pero estaba con ella s\u00f3lo por los papeles\u201d, dice Tabares. Recurri\u00f3 a Pueblos Unidos y la organizaci\u00f3n se encarg\u00f3 de mandar un comunicado al director del CIE, quien le hizo la vida imposible en el centro. La polic\u00eda niega que en los CIE haya violencia f\u00edsica o trato racista de agentes hacia los inmigrantes. Ana Forn\u00e9s, de la Campa\u00f1a por el Cierre de los CIE, cuenta que en el CIE de Valencia hay una plaga de chinches.<\/p>\n<p>El Ministerio del Interior documenta que en 2012 se produjo el retorno forzado de 26.457 inmigrantes irregulares, pero no facilita datos recientes desglosados por nacionalidad. En 2009, seg\u00fan la Red Europea de Migraci\u00f3n, 28.865 extranjeros fueron expulsados de Espa\u00f1a.<\/p>\n<h3>Reclamo de internos<\/h3>\n<p>Precario. Una de las quejas es que las celdas est\u00e1n cerradas por la noche, que no se puede ir al ba\u00f1o y que pasan fr\u00edo. Seg\u00fan un interno, en el CIE de Madrid hay un trato inhumano: s\u00f3lo pueden salir al patio cada 36 horas; no hay suficiente material de higiene personal ni servicio m\u00e9dico nocturno; la comida est\u00e1 en mal estado y los ba\u00f1os, sucios.<\/p>\n<h6>Fuente: La Voz del Interior<\/h6>\n","protected":false},"excerpt":{"rendered":"<p>Son lo m\u00e1s parecido a una prisi\u00f3n, a la que llegan quienes como \u00fanico delito arrastran la falta de papeles en regla o una residencia que caduc\u00f3 con el tiempo. Madrid. Un Centro de Internamiento de Extranjeros (CIE) es algo parecido a una prisi\u00f3n, pero se llega sin haber cometido ning\u00fan delito. La mayor\u00eda de<\/p>\n","protected":false},"author":2,"featured_media":22158,"comment_status":"closed","ping_status":"closed","sticky":false,"template":"","format":"standard","meta":{"footnotes":""},"categories":[22],"tags":[57],"class_list":["post-22157","post","type-post","status-publish","format-standard","has-post-thumbnail","hentry","category-el-mundo","tag-el-mundo"],"_links":{"self":[{"href":"http:\/\/argentinamunicipal.com.ar\/argentina\/wp-json\/wp\/v2\/posts\/22157","targetHints":{"allow":["GET"]}}],"collection":[{"href":"http:\/\/argentinamunicipal.com.ar\/argentina\/wp-json\/wp\/v2\/posts"}],"about":[{"href":"http:\/\/argentinamunicipal.com.ar\/argentina\/wp-json\/wp\/v2\/types\/post"}],"author":[{"embeddable":true,"href":"http:\/\/argentinamunicipal.com.ar\/argentina\/wp-json\/wp\/v2\/users\/2"}],"replies":[{"embeddable":true,"href":"http:\/\/argentinamunicipal.com.ar\/argentina\/wp-json\/wp\/v2\/comments?post=22157"}],"version-history":[{"count":0,"href":"http:\/\/argentinamunicipal.com.ar\/argentina\/wp-json\/wp\/v2\/posts\/22157\/revisions"}],"wp:featuredmedia":[{"embeddable":true,"href":"http:\/\/argentinamunicipal.com.ar\/argentina\/wp-json\/wp\/v2\/media\/22158"}],"wp:attachment":[{"href":"http:\/\/argentinamunicipal.com.ar\/argentina\/wp-json\/wp\/v2\/media?parent=22157"}],"wp:term":[{"taxonomy":"category","embeddable":true,"href":"http:\/\/argentinamunicipal.com.ar\/argentina\/wp-json\/wp\/v2\/categories?post=22157"},{"taxonomy":"post_tag","embeddable":true,"href":"http:\/\/argentinamunicipal.com.ar\/argentina\/wp-json\/wp\/v2\/tags?post=22157"}],"curies":[{"name":"wp","href":"https:\/\/api.w.org\/{rel}","templated":true}]}}