{"id":22172,"date":"2015-01-06T09:09:44","date_gmt":"2015-01-06T12:09:44","guid":{"rendered":"http:\/\/argentinamunicipal.com.ar\/argentina\/?p=22172"},"modified":"2015-01-06T09:09:44","modified_gmt":"2015-01-06T12:09:44","slug":"en-parana-piden-que-se-erradique-la-traccion-sangre","status":"publish","type":"post","link":"http:\/\/argentinamunicipal.com.ar\/argentina\/en-parana-piden-que-se-erradique-la-traccion-sangre\/","title":{"rendered":"En Paran\u00e1 piden que se erradique la tracci\u00f3n a sangre"},"content":{"rendered":"<div id=\"attachment_22173\" style=\"width: 771px\" class=\"wp-caption aligncenter\"><a href=\"http:\/\/argentinamunicipal.com.ar\/argentina\/wp-content\/uploads\/2015\/01\/proteccionistas_x3x.jpg_2069580699.jpg\"><img loading=\"lazy\" decoding=\"async\" aria-describedby=\"caption-attachment-22173\" class=\"size-full wp-image-22173\" src=\"http:\/\/argentinamunicipal.com.ar\/argentina\/wp-content\/uploads\/2015\/01\/proteccionistas_x3x.jpg_2069580699.jpg\" alt=\"Postura. Quienes juntan firmas solicitan una soluci\u00f3n definitiva\" width=\"761\" height=\"507\" srcset=\"http:\/\/argentinamunicipal.com.ar\/argentina\/wp-content\/uploads\/2015\/01\/proteccionistas_x3x.jpg_2069580699.jpg 761w, http:\/\/argentinamunicipal.com.ar\/argentina\/wp-content\/uploads\/2015\/01\/proteccionistas_x3x.jpg_2069580699-300x199.jpg 300w\" sizes=\"auto, (max-width: 761px) 100vw, 761px\" \/><\/a><p id=\"caption-attachment-22173\" class=\"wp-caption-text\">Postura. Quienes juntan firmas solicitan una soluci\u00f3n definitiva<\/p><\/div>\n<p>J\u00f3venes procuran crear conciencia y abogan porque se contemple la inclusi\u00f3n social como parte del proceso<\/p>\n<p>Se los ve peri\u00f3dicamente apostados en la esquina de la Municipalidad de Paran\u00e1, en Urquiza y Corrientes. Son pocos, pero con sus coloridos carteles logran llamar la atenci\u00f3n de quienes transitan por el lugar. Su objetivo es juntar firmas para entregar a la intendenta Blanca Osuna para que definitivamente se erradique en la capital provincial la tracci\u00f3n a sangre.<\/p>\n<p>En los letreros se pueden leer inscripciones que abogan para que esta problem\u00e1tica, que no se reduce solamente al maltrato animal, contemple tambi\u00e9n otras aristas, como la inclusi\u00f3n social. \u201cNi humanos excluidos ni caballos esclavizados\u201d, reza una de las pancartas que el grupo de j\u00f3venes exhibe en este v\u00e9rtice urbano.<\/p>\n<p>La tracci\u00f3n a sangre es un tema que a\u00fan est\u00e1 pendiente en Paran\u00e1, aunque desde la comuna se est\u00e1n llevando adelante una serie de iniciativas que procuran revertir la situaci\u00f3n. Se trata de un problema social complejo que demanda un cambio cultural profundo.<br \/>\nSu ejecuci\u00f3n reviste una pol\u00edtica integral que aborda diversos aspectos, como las cuestiones referidas al tratamiento de la basura, los recuperadores de residuos y la protecci\u00f3n de los equinos.<\/p>\n<p>En este marco, en octubre de 2013, la Municipalidad hizo entrega de los primeros ocho motocarros a los recuperadores de residuos incluidos en el programa Recuperadores de Derechos.<\/p>\n<p>En 2014 se llev\u00f3 adelante la segunda etapa de sustituci\u00f3n por motocarros, donde 10 familias m\u00e1s se capacitaron y se espera que en 2015, se complete un total de 38 familias de recuperadores de residuos.<\/p>\n<h3>Derechos de los animales<\/h3>\n<p>En su edici\u00f3n del 29 de diciembre, Diario UNO comparti\u00f3 el testimonio de Ram\u00f3n Cavigioli, integrante de la Asamblea Permanente por los Derechos de los Animales-Paran\u00e1, quien se\u00f1al\u00f3: \u201cNos convocamos los s\u00e1bados en la esquina que denominamos \u2018de la liberaci\u00f3n equina\u2019 \u2013Corrientes y Urquiza\u2013 donde pedimos por la prohibici\u00f3n de la tracci\u00f3n a sangre\u201d.<\/p>\n<p>En este marco, afirm\u00f3 que \u201csi la Municipalidad tomara la cuesti\u00f3n de la tracci\u00f3n a sangre como una pol\u00edtica de Estado \u2013como se hizo con las motos\u2013 podr\u00edan solucionar la situaci\u00f3n de los humanos excluidos e insertarlos en la sociedad, porque en pol\u00edtica todo es solucionable. As\u00ed resolver\u00eda lo de entre 500 y 800 carros \u2013seg\u00fan la informaci\u00f3n de las distintas protectoras que entran a los barrios donde la Municipalidad no entra. Ellos hicieron un relevamiento de carros que no es completo. Los tiempos y los medios los maneja la pol\u00edtica y el Estado, y se puede hacer. Lucharemos para que no sea una gota en el oc\u00e9ano. En los medios nacionales se vendi\u00f3 como que Paran\u00e1 solucion\u00f3 el problema de los carros y no es as\u00ed\u201d<\/p>\n<h6>Fuente: Uno, Entre R\u00edos<\/h6>\n","protected":false},"excerpt":{"rendered":"<p>J\u00f3venes procuran crear conciencia y abogan porque se contemple la inclusi\u00f3n social como parte del proceso Se los ve peri\u00f3dicamente apostados en la esquina de la Municipalidad de Paran\u00e1, en Urquiza y Corrientes. Son pocos, pero con sus coloridos carteles logran llamar la atenci\u00f3n de quienes transitan por el lugar. Su objetivo es juntar firmas<\/p>\n","protected":false},"author":2,"featured_media":22173,"comment_status":"closed","ping_status":"closed","sticky":false,"template":"","format":"standard","meta":{"footnotes":""},"categories":[2],"tags":[17],"class_list":["post-22172","post","type-post","status-publish","format-standard","has-post-thumbnail","hentry","category-informe-municipal","tag-entre-rios"],"_links":{"self":[{"href":"http:\/\/argentinamunicipal.com.ar\/argentina\/wp-json\/wp\/v2\/posts\/22172","targetHints":{"allow":["GET"]}}],"collection":[{"href":"http:\/\/argentinamunicipal.com.ar\/argentina\/wp-json\/wp\/v2\/posts"}],"about":[{"href":"http:\/\/argentinamunicipal.com.ar\/argentina\/wp-json\/wp\/v2\/types\/post"}],"author":[{"embeddable":true,"href":"http:\/\/argentinamunicipal.com.ar\/argentina\/wp-json\/wp\/v2\/users\/2"}],"replies":[{"embeddable":true,"href":"http:\/\/argentinamunicipal.com.ar\/argentina\/wp-json\/wp\/v2\/comments?post=22172"}],"version-history":[{"count":0,"href":"http:\/\/argentinamunicipal.com.ar\/argentina\/wp-json\/wp\/v2\/posts\/22172\/revisions"}],"wp:featuredmedia":[{"embeddable":true,"href":"http:\/\/argentinamunicipal.com.ar\/argentina\/wp-json\/wp\/v2\/media\/22173"}],"wp:attachment":[{"href":"http:\/\/argentinamunicipal.com.ar\/argentina\/wp-json\/wp\/v2\/media?parent=22172"}],"wp:term":[{"taxonomy":"category","embeddable":true,"href":"http:\/\/argentinamunicipal.com.ar\/argentina\/wp-json\/wp\/v2\/categories?post=22172"},{"taxonomy":"post_tag","embeddable":true,"href":"http:\/\/argentinamunicipal.com.ar\/argentina\/wp-json\/wp\/v2\/tags?post=22172"}],"curies":[{"name":"wp","href":"https:\/\/api.w.org\/{rel}","templated":true}]}}