{"id":22190,"date":"2015-01-06T09:37:14","date_gmt":"2015-01-06T12:37:14","guid":{"rendered":"http:\/\/argentinamunicipal.com.ar\/argentina\/?p=22190"},"modified":"2015-01-06T09:37:14","modified_gmt":"2015-01-06T12:37:14","slug":"brasil-ayudara-venezuela-recuperar-su-economia","status":"publish","type":"post","link":"http:\/\/argentinamunicipal.com.ar\/argentina\/brasil-ayudara-venezuela-recuperar-su-economia\/","title":{"rendered":"Brasil ayudar\u00e1 a Venezuela a recuperar su econom\u00eda"},"content":{"rendered":"<p><a href=\"http:\/\/argentinamunicipal.com.ar\/argentina\/wp-content\/uploads\/2015\/01\/Maduro-y-Dilma-.jpg\"><img loading=\"lazy\" decoding=\"async\" class=\"aligncenter size-full wp-image-22191\" src=\"http:\/\/argentinamunicipal.com.ar\/argentina\/wp-content\/uploads\/2015\/01\/Maduro-y-Dilma-.jpg\" alt=\"Maduro-y-Dilma-\" width=\"642\" height=\"366\" srcset=\"http:\/\/argentinamunicipal.com.ar\/argentina\/wp-content\/uploads\/2015\/01\/Maduro-y-Dilma-.jpg 642w, http:\/\/argentinamunicipal.com.ar\/argentina\/wp-content\/uploads\/2015\/01\/Maduro-y-Dilma--300x171.jpg 300w\" sizes=\"auto, (max-width: 642px) 100vw, 642px\" \/><\/a><br \/>\nRousseff y Maduro acordaron reimpulsar las relaciones bilaterales. Adem\u00e1s, concertaron que Brasilia asistir\u00e1 a Caracas en sus planes de industrializaci\u00f3n.<\/p>\n<p>Brasil ayudar\u00e1 a Venezuela en sus planes de industrializaci\u00f3n, afirm\u00f3 ayer el presidente venezolano, Nicol\u00e1s Maduro, despu\u00e9s de una reuni\u00f3n bilateral con su hom\u00f3loga Dilma Rousseff, un d\u00eda despu\u00e9s de la ceremonia de investidura de la mandataria brasile\u00f1a.<\/p>\n<p>En declaraciones a periodistas, Maduro dijo que Venezuela y Brasil pretenden dinamizar sus relaciones a todos los niveles y principalmente en el \u00e1mbito de las inversiones y de la cooperaci\u00f3n industrial, tecnol\u00f3gica, agr\u00edcola, agroalimentaria y farmac\u00e9utica.<\/p>\n<p>\u201cYa estamos articulados en bastante profundidad para plantearnos un proceso de industrializaci\u00f3n de mayor nivel tecnol\u00f3gico, de mayor nivel de inversi\u00f3n, en el marco del Mercosur y de la relaci\u00f3n bilateral con Brasil\u201d, manifest\u00f3 Maduro.<\/p>\n<p>El l\u00edder venezolano asegur\u00f3 que trat\u00f3 con Rousseff de la baja del precio del petr\u00f3leo, lo que crea problemas a Venezuela, pues la econom\u00eda del pa\u00eds caribe\u00f1o est\u00e1 centrada en la extracci\u00f3n y exportaci\u00f3n de crudo.<\/p>\n<p>En ese sentido, cit\u00f3 el programa econ\u00f3mico de cara a 2015 que anunci\u00f3 el martes y con el que pretende sacar a Venezuela de la recesi\u00f3n.<\/p>\n<p>Maduro sostuvo que quiere aprovechar la baja del petr\u00f3leo para \u201cmotivar a todo un pa\u00eds\u201d para asumir su plan de recuperaci\u00f3n, diversificar la econom\u00eda venezolana y vencer la \u201cguerra econ\u00f3mica\u201d que su pa\u00eds est\u00e1 enfrentando.<\/p>\n<p>El Banco Central de Venezuela (BCV) ofreci\u00f3 ayer los \u00faltimos datos de inflaci\u00f3n y del producto interno bruto (PIB), \u00edndices de los que no informaba desde agosto.<\/p>\n<p>El \u00cdndice de Precios al Consumo (IPC) se situ\u00f3 en el 63,6 por ciento en los \u00faltimos 12 meses, mientras que el PIB report\u00f3 una contracci\u00f3n por tres trimestres consecutivos.<\/p>\n<p>En la reuni\u00f3n con Rousseff, que dur\u00f3 cerca de media hora, los mandatarios tambi\u00e9n acordaron retomar las reuniones bilaterales de periodicidad trimestral que manten\u00edan sus respectivos predecesores, el brasile\u00f1o Luiz In\u00e1cio Lula da Silva y el venezolano Hugo Ch\u00e1vez, pero que fueron interrumpidas en los \u00faltimos a\u00f1os.<\/p>\n<p>En el plano pol\u00edtico, Maduro agradeci\u00f3 a Rousseff la \u201csolidaridad que mostr\u00f3 Brasil\u201d al condenar las sanciones que Estados Unidos impuso a altos funcionarios venezolanos, seg\u00fan una nota de rechazo a esa medida que fue emitida el jueves por la Uni\u00f3n de Naciones Suramericanas (Unasur).<\/p>\n<h3>Otros encuentros<\/h3>\n<p>Rousseff dedic\u00f3 el segundo d\u00eda de su nuevo mandato a reuniones bilaterales con varios presidentes que asistieron al acto de investidura que se celebr\u00f3 el jueves.<\/p>\n<p>Las reuniones con el vicepresidente chino, el primer ministro sueco y el presidente guineano fueron de car\u00e1cter m\u00e1s protocolario que la cita que mantuvo con Maduro. Aun as\u00ed, abordaron algunos aspectos de las relaciones bilaterales, sobre todo en el \u00e1mbito comercial.<\/p>\n<p>China es el primer socio comercial de Brasil en el mundo y Rousseff y el vice Li Yuanchao discutieron alternativas para darle un mayor impulso al intercambio.<\/p>\n<h3>Cruce imprevisto<\/h3>\n<p><strong>Encuentro breve.<\/strong> El presidente venezolano, Nicol\u00e1s Maduro, y el vicepresidente estadounidense, Joseph Biden, mantuvieron el jueves un breve encuentro en Brasilia durante la asunci\u00f3n de Rousseff. Reci\u00e9n ayer se supo de qu\u00e9 hablaron.<\/p>\n<p><strong>Respeto<\/strong>. El mandatario venezolano asegur\u00f3 que el encuentro con Biden fue cordial y tuvo lugar en \u201cun ambiente de respeto\u201d. \u201cLe dije a Biden y le hemos dicho a Estados Unidos mil veces, en p\u00fablico y en privado, que queremos relaciones de respeto, nada m\u00e1s\u201d, manifest\u00f3 Maduro.<\/p>\n<p><strong>Liberaciones<\/strong>. Una fuente oficial estadounidense dijo que el encuentro dur\u00f3 \u201cdos o tres minutos\u201d, durante los cuales Biden inst\u00f3 a Maduro a liberar a los presos pol\u00edticos de su pa\u00eds.<\/p>\n<h6>Fuente: Radio Salta.com<\/h6>\n","protected":false},"excerpt":{"rendered":"<p>Rousseff y Maduro acordaron reimpulsar las relaciones bilaterales. Adem\u00e1s, concertaron que Brasilia asistir\u00e1 a Caracas en sus planes de industrializaci\u00f3n. Brasil ayudar\u00e1 a Venezuela en sus planes de industrializaci\u00f3n, afirm\u00f3 ayer el presidente venezolano, Nicol\u00e1s Maduro, despu\u00e9s de una reuni\u00f3n bilateral con su hom\u00f3loga Dilma Rousseff, un d\u00eda despu\u00e9s de la ceremonia de investidura de<\/p>\n","protected":false},"author":2,"featured_media":22191,"comment_status":"closed","ping_status":"closed","sticky":false,"template":"","format":"standard","meta":{"footnotes":""},"categories":[22],"tags":[57],"class_list":["post-22190","post","type-post","status-publish","format-standard","has-post-thumbnail","hentry","category-el-mundo","tag-el-mundo"],"_links":{"self":[{"href":"http:\/\/argentinamunicipal.com.ar\/argentina\/wp-json\/wp\/v2\/posts\/22190","targetHints":{"allow":["GET"]}}],"collection":[{"href":"http:\/\/argentinamunicipal.com.ar\/argentina\/wp-json\/wp\/v2\/posts"}],"about":[{"href":"http:\/\/argentinamunicipal.com.ar\/argentina\/wp-json\/wp\/v2\/types\/post"}],"author":[{"embeddable":true,"href":"http:\/\/argentinamunicipal.com.ar\/argentina\/wp-json\/wp\/v2\/users\/2"}],"replies":[{"embeddable":true,"href":"http:\/\/argentinamunicipal.com.ar\/argentina\/wp-json\/wp\/v2\/comments?post=22190"}],"version-history":[{"count":0,"href":"http:\/\/argentinamunicipal.com.ar\/argentina\/wp-json\/wp\/v2\/posts\/22190\/revisions"}],"wp:featuredmedia":[{"embeddable":true,"href":"http:\/\/argentinamunicipal.com.ar\/argentina\/wp-json\/wp\/v2\/media\/22191"}],"wp:attachment":[{"href":"http:\/\/argentinamunicipal.com.ar\/argentina\/wp-json\/wp\/v2\/media?parent=22190"}],"wp:term":[{"taxonomy":"category","embeddable":true,"href":"http:\/\/argentinamunicipal.com.ar\/argentina\/wp-json\/wp\/v2\/categories?post=22190"},{"taxonomy":"post_tag","embeddable":true,"href":"http:\/\/argentinamunicipal.com.ar\/argentina\/wp-json\/wp\/v2\/tags?post=22190"}],"curies":[{"name":"wp","href":"https:\/\/api.w.org\/{rel}","templated":true}]}}