{"id":22274,"date":"2015-01-07T10:25:17","date_gmt":"2015-01-07T13:25:17","guid":{"rendered":"http:\/\/argentinamunicipal.com.ar\/argentina\/?p=22274"},"modified":"2015-01-07T10:25:17","modified_gmt":"2015-01-07T13:25:17","slug":"iniciativa-para-preservar-el-medio-ambiente-en-rosario","status":"publish","type":"post","link":"http:\/\/argentinamunicipal.com.ar\/argentina\/iniciativa-para-preservar-el-medio-ambiente-en-rosario\/","title":{"rendered":"Iniciativa para preservar el medio ambiente en Rosario"},"content":{"rendered":"<p><a href=\"http:\/\/argentinamunicipal.com.ar\/argentina\/wp-content\/uploads\/2015\/01\/82429_rosario.jpg\"><img loading=\"lazy\" decoding=\"async\" class=\"alignleft size-full wp-image-22275\" src=\"http:\/\/argentinamunicipal.com.ar\/argentina\/wp-content\/uploads\/2015\/01\/82429_rosario.jpg\" alt=\"82429_rosario\" width=\"544\" height=\"293\" srcset=\"http:\/\/argentinamunicipal.com.ar\/argentina\/wp-content\/uploads\/2015\/01\/82429_rosario.jpg 544w, http:\/\/argentinamunicipal.com.ar\/argentina\/wp-content\/uploads\/2015\/01\/82429_rosario-300x161.jpg 300w\" sizes=\"auto, (max-width: 544px) 100vw, 544px\" \/><\/a>En el inicio de este a\u00f1o 2015, desde el Concejo Municipal promueven la \u00a0necesidad de promover entre la ciudadan\u00eda pr\u00e1cticas para el cuidado y promoci\u00f3n del medio ambiente.<\/p>\n<p>En ese sentido, el edil Aldo Pedro Poy (Partido Dem\u00f3crata Progresista) elev\u00f3 la propuesta de incentivo fiscal para quienes se comprometan con dicho cuidado.<\/p>\n<p>La iniciativa es muy concreta y pretende que se cree en el \u00e1mbito de la Municipalidad de Rosario un sistema de incentivo fiscal, para los propietarios de edificaciones, que destinen la utilizaci\u00f3n de la superficie de las terrazas, para emplazar especies vegetales diversas, seg\u00fan el programa \u00abTerrazas Verdes\u00bb -previsto en la ordenanza 8208\/07-<\/p>\n<p>La idea tiende a buscar alternativas que tiendan a reducir los llamados \u00abGases de Efecto Invernadero\u00bb, y resolver la impermeabilizaci\u00f3n del suelo, para evitar inundaciones<\/p>\n<p>En ese sentido, los propietarios de edificaciones que implementen y mantengan terrazas verdes, gozar\u00e1n de una reducci\u00f3n en el importe de la Tasa General de Inmuebles. Ahora bien Poy deja en el Ejecutivo Municipal establecer los criterios de ponderaci\u00f3n, para determinar el descuento aplicable a las referidas tasas, el cual no podr\u00e1 ser mayor a un 30 por ciento.<\/p>\n<p>Cabe destacar que, el beneficio afectar\u00e1 a todos los bienes inmuebles que implementen el modelo de \u00abTerrazas Verdes\u00bb, sean nuevas construcciones, vigentes, o que sufran un proceso de remodelaci\u00f3n con fines de uso diverso y m\u00faltiple.<\/p>\n<p>Y para un control riguroso, la propuesta del edil -para mantener el beneficio anual- deja en la autoridad de aplicaci\u00f3n -establecida por el Municipio- para que implemente las medidas de fiscalizaci\u00f3n y control sobre la existencia y mantenimiento de las terrazas verdes. En todos los casos, si la autoridad de aplicaci\u00f3n verificase que la terraza verde, dejase de existir, \u00ablos beneficiarios perder\u00e1n el beneficio otorgado sin m\u00e1s tr\u00e1mite\u00bb, explic\u00f3 el concejal<\/p>\n<p>Asimismo, la norma explicita que los beneficios explicitados alcanzar\u00e1n a los propietarios de los inmuebles que mantengan el modelo de \u00abTerrazas Verdes\u00bb. En los casos de los inmuebles afectados por la Ley de Propiedad Horizontal, los beneficios establecidos anteriormente alcanzar\u00e1n a todos los copropietarios de los mismos.<\/p>\n<p><strong>Beneficios Importantes de las Terrazas Verdes para el MedioAmbiente<\/strong><\/p>\n<p>El edil argument\u00f3 su propuestaen que el proceso biol\u00f3gico que se produce en las plantas, conocido como fotos\u00edntesis, mitiga los efectos de los \u00abGases de Efecto Invernadero\u00bb, ya que mediante la luz solar las plantas absorben el CO2 y liberan ox\u00edgeno. En ese orden los denominados \u00abTecho o Terraza Verde\u00bb son una superficie cubierta de vegetaci\u00f3n, cuyo principal objetivo es contribuir con el medio ambiente urbano mediante el sostenimiento ecol\u00f3gico en grandes ciudades.<\/p>\n<p>Asimismo, la implementaci\u00f3n de terrazas verdes resuelve la impermeabilizaci\u00f3n de superficies y mejora t\u00e9rmica y ac\u00fasticamente el interior de edificios al habilitar espacios con jardines en cubiertas de edificios y viviendas, balcones y terrazas, losas sobre estacionamientos y subsuelos, y espacios desaprovechados al aire libre.<\/p>\n<p>Adem\u00e1s, indic\u00f3 Poy que las terrazas verdes \u00abcontribuyen a disminuir el calentamiento global y el efecto de aislar el calor, reduciendo el riesgo de inundaciones por la retenci\u00f3n de los caudales de lluvia\u00bb<\/p>\n<p>\u00abAl aumentar la proporci\u00f3n de metros cuadrados -continu\u00f3 el edil- de espacio verde por habitante con la vegetaci\u00f3n de dichas terrazas, aumenta la diversidad, aten\u00faa los \u00edndices de poluci\u00f3n del aire y provee ox\u00edgeno a la ciudad\u00bb<\/p>\n<p>\u00abPreservando el medio ambiente, se puede mejorar la calidad de vida de todos los ciudadanos\u00bb, concluy\u00f3 el concejal del PDP<\/p>\n<h6>Fuente: Sin Mordaza<\/h6>\n","protected":false},"excerpt":{"rendered":"<p>En el inicio de este a\u00f1o 2015, desde el Concejo Municipal promueven la \u00a0necesidad de promover entre la ciudadan\u00eda pr\u00e1cticas para el cuidado y promoci\u00f3n del medio ambiente. En ese sentido, el edil Aldo Pedro Poy (Partido Dem\u00f3crata Progresista) elev\u00f3 la propuesta de incentivo fiscal para quienes se comprometan con dicho cuidado. La iniciativa es<\/p>\n","protected":false},"author":2,"featured_media":22275,"comment_status":"closed","ping_status":"closed","sticky":false,"template":"","format":"standard","meta":{"footnotes":""},"categories":[2],"tags":[10],"class_list":["post-22274","post","type-post","status-publish","format-standard","has-post-thumbnail","hentry","category-informe-municipal","tag-santa-fe"],"_links":{"self":[{"href":"http:\/\/argentinamunicipal.com.ar\/argentina\/wp-json\/wp\/v2\/posts\/22274","targetHints":{"allow":["GET"]}}],"collection":[{"href":"http:\/\/argentinamunicipal.com.ar\/argentina\/wp-json\/wp\/v2\/posts"}],"about":[{"href":"http:\/\/argentinamunicipal.com.ar\/argentina\/wp-json\/wp\/v2\/types\/post"}],"author":[{"embeddable":true,"href":"http:\/\/argentinamunicipal.com.ar\/argentina\/wp-json\/wp\/v2\/users\/2"}],"replies":[{"embeddable":true,"href":"http:\/\/argentinamunicipal.com.ar\/argentina\/wp-json\/wp\/v2\/comments?post=22274"}],"version-history":[{"count":0,"href":"http:\/\/argentinamunicipal.com.ar\/argentina\/wp-json\/wp\/v2\/posts\/22274\/revisions"}],"wp:featuredmedia":[{"embeddable":true,"href":"http:\/\/argentinamunicipal.com.ar\/argentina\/wp-json\/wp\/v2\/media\/22275"}],"wp:attachment":[{"href":"http:\/\/argentinamunicipal.com.ar\/argentina\/wp-json\/wp\/v2\/media?parent=22274"}],"wp:term":[{"taxonomy":"category","embeddable":true,"href":"http:\/\/argentinamunicipal.com.ar\/argentina\/wp-json\/wp\/v2\/categories?post=22274"},{"taxonomy":"post_tag","embeddable":true,"href":"http:\/\/argentinamunicipal.com.ar\/argentina\/wp-json\/wp\/v2\/tags?post=22274"}],"curies":[{"name":"wp","href":"https:\/\/api.w.org\/{rel}","templated":true}]}}