{"id":22284,"date":"2015-01-08T08:33:13","date_gmt":"2015-01-08T11:33:13","guid":{"rendered":"http:\/\/argentinamunicipal.com.ar\/argentina\/?p=22284"},"modified":"2015-01-08T08:33:13","modified_gmt":"2015-01-08T11:33:13","slug":"el-1o-de-marzo-volvera-funcionar-el-tren-entre-rosario-y-retiro","status":"publish","type":"post","link":"http:\/\/argentinamunicipal.com.ar\/argentina\/el-1o-de-marzo-volvera-funcionar-el-tren-entre-rosario-y-retiro\/","title":{"rendered":"El 1\u00ba de marzo volver\u00e1 a funcionar el tren entre Rosario y Retiro"},"content":{"rendered":"<p><a href=\"http:\/\/argentinamunicipal.com.ar\/argentina\/wp-content\/uploads\/2015\/01\/timthumb.jpg\"><img loading=\"lazy\" decoding=\"async\" class=\"aligncenter size-full wp-image-22285\" src=\"http:\/\/argentinamunicipal.com.ar\/argentina\/wp-content\/uploads\/2015\/01\/timthumb.jpg\" alt=\"timthumb\" width=\"730\" height=\"517\" srcset=\"http:\/\/argentinamunicipal.com.ar\/argentina\/wp-content\/uploads\/2015\/01\/timthumb.jpg 730w, http:\/\/argentinamunicipal.com.ar\/argentina\/wp-content\/uploads\/2015\/01\/timthumb-300x212.jpg 300w\" sizes=\"auto, (max-width: 730px) 100vw, 730px\" \/><\/a><\/p>\n<p>Florencio Randazzo anunci\u00f3 que el proyecto entr\u00f3 en la cuenta regresiva.\u00a0Dijo que los pasajeros contar\u00e1n con \u00abun servicio con la \u00faltima tecnolog\u00eda en seguridad y confort\u00bb.<\/p>\n<p>&nbsp;<\/p>\n<p>El ministro del Interior y Transporte nacional, Florencio Randazzo, anunci\u00f3 ayer que el 1\u00ba de marzo pr\u00f3ximo volver\u00e1 a funcionar el tren que unir\u00e1 Rosario con Buenos Aires \u00abcon formaciones cero kil\u00f3metro\u00bb. Al respecto, el funcionario prometi\u00f3 que los usuarios contar\u00e1n con \u00abun servicio de calidad, con la \u00faltima tecnolog\u00eda en seguridad y confort\u00bb.<\/p>\n<p>Durante una visita a la estaci\u00f3n de ferrocarril de Ingeniero Maschwitz, donde firm\u00f3 la adjudicaci\u00f3n de la reconstrucci\u00f3n de cuatro terminales del ramal diesel de la l\u00ednea Mitre, Randazzo anunci\u00f3 que \u00abel 1\u00ba de marzo volver\u00e1 a funcionar el tren Buenos Aires-Rosario con formaciones cero kil\u00f3metro\u00bb.<\/p>\n<p>\u00abEs algo que hace apenas dos a\u00f1os parec\u00eda un imposible, pero estamos muy cerca de concretar el proyecto de unir estas dos ciudades con un servicio de calidad, con la \u00faltima tecnolog\u00eda en seguridad y confort\u00bb, a\u00f1adi\u00f3 el ministro.<\/p>\n<p>Randazzo record\u00f3 que \u00abla puesta en funcionamiento de esta moderna formaci\u00f3n es posible gracias a la decisi\u00f3n de la presidenta Cristina Fern\u00e1ndez de Kirchner de que donde hubo un tren, vuelva a haber un tren\u00bb.<\/p>\n<p>Asimismo, destac\u00f3 \u00abel fuerte trabajo que se viene realizando para renovar integralmente la v\u00eda, adquirir material rodante cero kil\u00f3metro, reconstruir estaciones y mejorar la infraestructura ferroviaria\u00bb.<\/p>\n<p>\u00abCon las nuevas formaciones, la renovaci\u00f3n de los m\u00e1s de 300 kil\u00f3metros de doble v\u00eda, la construcci\u00f3n de estaciones y la nueva terminal (ex Apeadero Sur) en Rosario, el tren ser\u00e1 un servicio de calidad\u00bb, agreg\u00f3 Randazzo.<\/p>\n<p>Precisamente, la intendenta M\u00f3nica Fein hab\u00eda recorrido el martes pasado, junto al titular de la Administraci\u00f3n de Infraestructuras Ferroviarias Sociedad del Estado (Adif), Ariel Franetovich, el sector del ex Apeadero Sur donde avanzan los trabajos correspondientes a la nueva estaci\u00f3n que servir\u00e1 al flamante ramal Rosario-Buenos Aires.<\/p>\n<p>En octubre de 2014, el municipio suscribi\u00f3 un acuerdo a trav\u00e9s del cual cedi\u00f3 en posesi\u00f3n del organismo nacional una fracci\u00f3n de terreno que servir\u00e1 a la v\u00eda tercera para estacionamiento y alistamiento de la formaci\u00f3n que llegar\u00e1 a la nueva estaci\u00f3n de San Mart\u00edn al 6200.<\/p>\n<p>El viaje en tren promete ser una oferta tentadora para los rosarinos, porque viajar a Buenos Aires costar\u00e1 la mitad de lo que sale el pasaje en \u00f3mnibus.<\/p>\n<p>El convoy viajar\u00e1 a 160 kil\u00f3metros por hora y promete llegar a Retiro en tres horas y media. Son coches chinos \u00faltimo modelo con capacidad para 470 personas.<\/p>\n<p>En tanto, las autoridades municipales estiman que la obra de la nueva estaci\u00f3n revitalizar\u00e1 la zona sur de la ciudad, ya que el proyecto contempla la remodelaci\u00f3n integral de la avenida San Mart\u00edn, desde Batlle y Ord\u00f3\u00f1ez hasta Circunvalaci\u00f3n, una iniciativa impulsada por la Intendencia que se ejecutar\u00e1 con fondos aportados por el gobierno provincial.<\/p>\n<p>Durante la recorrida del martes, Fein y Franetovich repasaron el avance de las obras de la estaci\u00f3n. En ese sentido, la intendenta resalt\u00f3 el sostenido ritmo de los trabajos, que qued\u00f3 de manifiesto tambi\u00e9n el 18 de diciembre, en oportunidad de la \u00faltima recorrida que realizara por el lugar junto a Randazzo y el secretario de Transporte nacional, Alejandro Ramos.<\/p>\n<p>Los trabajos para la construcci\u00f3n de la nueva terminal que ser\u00e1 la cabecera del servicio de pasajeros a Buenos Aires comenzaron el 27 de agosto con la demolici\u00f3n de antiguas estructuras y tareas de nivelaci\u00f3n del suelo.<\/p>\n<p>La empresa a cargo de los trabajos es la uni\u00f3n transitoria (UTE) conformada por De Paoli, Trosce Constructora SRL y Prat SRL, adjudicataria de la licitaci\u00f3n con una cotizaci\u00f3n de m\u00e1s de 43.600.000 pesos.<\/p>\n<p>La misma UTE est\u00e1 a cargo de los trabajos en torno al ex Apeadero Sur, correspondientes a la construcci\u00f3n del and\u00e9n y su cubierta, fase pr\u00e1cticamente culminada.<\/p>\n<p>El proyecto incluye explanada y hall de acceso, boleter\u00edas, oficinas de guardia y sanitarios para el personal y el p\u00fablico. Tambi\u00e9n contempla la ejecuci\u00f3n de escaleras mec\u00e1nicas, ascensor, sala de espera, cafeter\u00eda, dep\u00f3sitos, espacio de m\u00e1quinas y escaleras de emergencias.<\/p>\n<h6>Fuente: La Capital, Rosario<\/h6>\n","protected":false},"excerpt":{"rendered":"<p>Florencio Randazzo anunci\u00f3 que el proyecto entr\u00f3 en la cuenta regresiva.\u00a0Dijo que los pasajeros contar\u00e1n con \u00abun servicio con la \u00faltima tecnolog\u00eda en seguridad y confort\u00bb. &nbsp; El ministro del Interior y Transporte nacional, Florencio Randazzo, anunci\u00f3 ayer que el 1\u00ba de marzo pr\u00f3ximo volver\u00e1 a funcionar el tren que unir\u00e1 Rosario con Buenos Aires<\/p>\n","protected":false},"author":2,"featured_media":22285,"comment_status":"closed","ping_status":"closed","sticky":false,"template":"","format":"standard","meta":{"footnotes":""},"categories":[2],"tags":[10],"class_list":["post-22284","post","type-post","status-publish","format-standard","has-post-thumbnail","hentry","category-informe-municipal","tag-santa-fe"],"_links":{"self":[{"href":"http:\/\/argentinamunicipal.com.ar\/argentina\/wp-json\/wp\/v2\/posts\/22284","targetHints":{"allow":["GET"]}}],"collection":[{"href":"http:\/\/argentinamunicipal.com.ar\/argentina\/wp-json\/wp\/v2\/posts"}],"about":[{"href":"http:\/\/argentinamunicipal.com.ar\/argentina\/wp-json\/wp\/v2\/types\/post"}],"author":[{"embeddable":true,"href":"http:\/\/argentinamunicipal.com.ar\/argentina\/wp-json\/wp\/v2\/users\/2"}],"replies":[{"embeddable":true,"href":"http:\/\/argentinamunicipal.com.ar\/argentina\/wp-json\/wp\/v2\/comments?post=22284"}],"version-history":[{"count":0,"href":"http:\/\/argentinamunicipal.com.ar\/argentina\/wp-json\/wp\/v2\/posts\/22284\/revisions"}],"wp:featuredmedia":[{"embeddable":true,"href":"http:\/\/argentinamunicipal.com.ar\/argentina\/wp-json\/wp\/v2\/media\/22285"}],"wp:attachment":[{"href":"http:\/\/argentinamunicipal.com.ar\/argentina\/wp-json\/wp\/v2\/media?parent=22284"}],"wp:term":[{"taxonomy":"category","embeddable":true,"href":"http:\/\/argentinamunicipal.com.ar\/argentina\/wp-json\/wp\/v2\/categories?post=22284"},{"taxonomy":"post_tag","embeddable":true,"href":"http:\/\/argentinamunicipal.com.ar\/argentina\/wp-json\/wp\/v2\/tags?post=22284"}],"curies":[{"name":"wp","href":"https:\/\/api.w.org\/{rel}","templated":true}]}}