{"id":22385,"date":"2015-01-09T08:46:16","date_gmt":"2015-01-09T11:46:16","guid":{"rendered":"http:\/\/argentinamunicipal.com.ar\/argentina\/?p=22385"},"modified":"2015-01-09T09:48:17","modified_gmt":"2015-01-09T12:48:17","slug":"piden-que-destituyan-al-intendente-de-tostado","status":"publish","type":"post","link":"http:\/\/argentinamunicipal.com.ar\/argentina\/piden-que-destituyan-al-intendente-de-tostado\/","title":{"rendered":"Piden que destituyan al intendente de Tostado \u00a0"},"content":{"rendered":"<div id=\"attachment_22386\" style=\"width: 554px\" class=\"wp-caption alignleft\"><a href=\"http:\/\/argentinamunicipal.com.ar\/argentina\/wp-content\/uploads\/2015\/01\/77135_judiciales.jpg\"><img loading=\"lazy\" decoding=\"async\" aria-describedby=\"caption-attachment-22386\" class=\"size-full wp-image-22386\" src=\"http:\/\/argentinamunicipal.com.ar\/argentina\/wp-content\/uploads\/2015\/01\/77135_judiciales.jpg\" alt=\"El intendente de Tostado, Enrique Fedele\" width=\"544\" height=\"293\" srcset=\"http:\/\/argentinamunicipal.com.ar\/argentina\/wp-content\/uploads\/2015\/01\/77135_judiciales.jpg 544w, http:\/\/argentinamunicipal.com.ar\/argentina\/wp-content\/uploads\/2015\/01\/77135_judiciales-300x161.jpg 300w\" sizes=\"auto, (max-width: 544px) 100vw, 544px\" \/><\/a><p id=\"caption-attachment-22386\" class=\"wp-caption-text\">El intendente de Tostado, Enrique Fedele<\/p><\/div>\n<p>El pedido est\u00e1 basado en el fallo de la Corte Suprema de Justicia que inhabilit\u00f3 por dos a\u00f1os a Enrique Fedele, para ejercer cargos p\u00fablicos.<\/p>\n<p>Miguel Rosales, concejal del PRO en Tostado, expres\u00f3 que \u201cayer, en una sesi\u00f3n extraordinaria del Concejo Municipal, planteamos el an\u00e1lisis de la sentencia de la Corte Suprema de Justicia (en la que se establece que Fedele no puede desempe\u00f1ar cargos p\u00fablicos por dos a\u00f1os). Nosotros entendemos que la sentencia es muy clara y que Fedele est\u00e1 inhabilitado para ejercer como intendente. Ayer se resolvi\u00f3 el pedido al gobierno de la provincia para que se ponga en marcha el proceso de destituci\u00f3n\u201d.<\/p>\n<p>Adem\u00e1s, Miguel Rosales record\u00f3 que \u201cen el 2007, Fedele cobr\u00f3 un aumento de tasa, durante 5 meses, sin la ordenanza respectiva\u201d.<\/p>\n<p>\u00abEn la Extraordinaria celebrada a partir de las 20,30 hs de este\u00a0mi\u00e9rcoles 7 y luego del an\u00e1lisis y el debate respectivo, mi bloque<br \/>\nunipersonal UNI\u00d3N PRO SANTA FE FEDERAL present\u00f3 un Proyecto de\u00a0Resoluci\u00f3n que fue aprobado por Mayoria, donde solicitamos al Gobierno\u00a0Provincial que proceda a la destituci\u00f3n del intendente de Tostado. La votaci\u00f3n fue la siguiente: Carlos Lezcano y Gisela Dagatti, del\u00a0Frente Progresista C\u00edvico y Social aprobaron; Alfredo Giromini, de\u00a0Santa Fe Federal aprob\u00f3 y Miguel Angel Rosales; de Uni\u00f3n Pro Santa Fe\u00a0Federal aprob\u00f3 tambi\u00e9n. Por su parte los concejales que responde a Fedele\u00a0mocionaron que se agoten las instancias recursivas que existir\u00edan y\u00a0solicitar asesoramiento jur\u00eddico. Son ellos Gerardo Bertolino y Claudia\u00a0Rabellino que votaron su remoci\u00f3n. Lo finalmente aprobado en la Resoluci\u00f3n que present\u00e9 solicita al\u00a0Gobierno Provincial que proceda a la destituci\u00f3n del intendente Enrique\u00a0Fedele, entre otras cuestiones\u00bb, dijo Rosales.<\/p>\n<h6>Fuente: Sin Mordaza<\/h6>\n","protected":false},"excerpt":{"rendered":"<p>El pedido est\u00e1 basado en el fallo de la Corte Suprema de Justicia que inhabilit\u00f3 por dos a\u00f1os a Enrique Fedele, para ejercer cargos p\u00fablicos. Miguel Rosales, concejal del PRO en Tostado, expres\u00f3 que \u201cayer, en una sesi\u00f3n extraordinaria del Concejo Municipal, planteamos el an\u00e1lisis de la sentencia de la Corte Suprema de Justicia (en<\/p>\n","protected":false},"author":2,"featured_media":22386,"comment_status":"closed","ping_status":"closed","sticky":false,"template":"","format":"standard","meta":{"footnotes":""},"categories":[4],"tags":[10],"class_list":["post-22385","post","type-post","status-publish","format-standard","has-post-thumbnail","hentry","category-informe-politico","tag-santa-fe"],"_links":{"self":[{"href":"http:\/\/argentinamunicipal.com.ar\/argentina\/wp-json\/wp\/v2\/posts\/22385","targetHints":{"allow":["GET"]}}],"collection":[{"href":"http:\/\/argentinamunicipal.com.ar\/argentina\/wp-json\/wp\/v2\/posts"}],"about":[{"href":"http:\/\/argentinamunicipal.com.ar\/argentina\/wp-json\/wp\/v2\/types\/post"}],"author":[{"embeddable":true,"href":"http:\/\/argentinamunicipal.com.ar\/argentina\/wp-json\/wp\/v2\/users\/2"}],"replies":[{"embeddable":true,"href":"http:\/\/argentinamunicipal.com.ar\/argentina\/wp-json\/wp\/v2\/comments?post=22385"}],"version-history":[{"count":0,"href":"http:\/\/argentinamunicipal.com.ar\/argentina\/wp-json\/wp\/v2\/posts\/22385\/revisions"}],"wp:featuredmedia":[{"embeddable":true,"href":"http:\/\/argentinamunicipal.com.ar\/argentina\/wp-json\/wp\/v2\/media\/22386"}],"wp:attachment":[{"href":"http:\/\/argentinamunicipal.com.ar\/argentina\/wp-json\/wp\/v2\/media?parent=22385"}],"wp:term":[{"taxonomy":"category","embeddable":true,"href":"http:\/\/argentinamunicipal.com.ar\/argentina\/wp-json\/wp\/v2\/categories?post=22385"},{"taxonomy":"post_tag","embeddable":true,"href":"http:\/\/argentinamunicipal.com.ar\/argentina\/wp-json\/wp\/v2\/tags?post=22385"}],"curies":[{"name":"wp","href":"https:\/\/api.w.org\/{rel}","templated":true}]}}