{"id":22430,"date":"2015-01-10T08:59:38","date_gmt":"2015-01-10T11:59:38","guid":{"rendered":"http:\/\/argentinamunicipal.com.ar\/argentina\/?p=22430"},"modified":"2015-01-10T08:59:38","modified_gmt":"2015-01-10T11:59:38","slug":"pusieron-oficialmente-en-marcha-en-jujuy-la-campana-nacional-de-vacunacion-contra-el-rotavirus","status":"publish","type":"post","link":"http:\/\/argentinamunicipal.com.ar\/argentina\/pusieron-oficialmente-en-marcha-en-jujuy-la-campana-nacional-de-vacunacion-contra-el-rotavirus\/","title":{"rendered":"Pusieron oficialmente en marcha en Jujuy la Campa\u00f1a Nacional de Vacunaci\u00f3n contra el rotavirus"},"content":{"rendered":"<p><a href=\"http:\/\/argentinamunicipal.com.ar\/argentina\/wp-content\/uploads\/2015\/01\/image54ab463fc7bcf3.57471748.jpg\"><img loading=\"lazy\" decoding=\"async\" class=\"aligncenter size-full wp-image-22431\" src=\"http:\/\/argentinamunicipal.com.ar\/argentina\/wp-content\/uploads\/2015\/01\/image54ab463fc7bcf3.57471748.jpg\" alt=\"image54ab463fc7bcf3.57471748\" width=\"684\" height=\"440\" srcset=\"http:\/\/argentinamunicipal.com.ar\/argentina\/wp-content\/uploads\/2015\/01\/image54ab463fc7bcf3.57471748.jpg 684w, http:\/\/argentinamunicipal.com.ar\/argentina\/wp-content\/uploads\/2015\/01\/image54ab463fc7bcf3.57471748-300x192.jpg 300w\" sizes=\"auto, (max-width: 684px) 100vw, 684px\" \/><\/a><br \/>\nAutoridades sanitarias de la provincia de Jujuy y la jefa del Programa Nacional de Control de Enfermedades Inmunoprevenibles del Ministerio de Salud la Naci\u00f3n, Carla Vizzotti, pusieron en marcha de manera oficial la vacunaci\u00f3n en todo el pa\u00eds contra el rotavirus, en el marco de una serie de actividades realizadas en el centro de salud de La Vi\u00f1a, en la capital provincial.<\/p>\n<p>La jornada incluy\u00f3 tambi\u00e9n una capacitaci\u00f3n a trabajadores del primer nivel de atenci\u00f3n de la salud y a los equipos de vacunaci\u00f3n locales, indic\u00f3 un comunicado oficial.<\/p>\n<p>\u201cA partir del 5 de enero se empez\u00f3 a vacunar a trav\u00e9s de todos los efectores de sistema de salud de Jujuy y hoy tenemos el agrado de anunciar que, debido al alto \u00edndice de cobertura por vacunaci\u00f3n y por el arduo trabajo que se realiza en nuestra provincia, se eligi\u00f3 a Jujuy como lugar simb\u00f3lico para el lanzamiento nacional de la vacunaci\u00f3n contra el rotavirus\u201d, sostuvo el ministro de Salud de esa provincia Sa\u00fal Flores.<\/p>\n<p>Por su parte, Carla Vizzotti record\u00f3 que \u201ces una vacuna gratuita y obligatoria que ya est\u00e1 distribuida en m\u00e1s de 8.600 centros de atenci\u00f3n primaria de todo el pa\u00eds\u201d, y expres\u00f3 que \u201ca pedido del ministro de Salud de la Naci\u00f3n, Juan Manzur, estamos en Jujuy reconociendo todo el trabajo que se hace en materia de vacunaci\u00f3n en la provincia con embarazadas, ni\u00f1os y adultos, ya sea contra la gripe, el sarampi\u00f3n, la rubeola y la poliomielitis durante 2014\u201d.<\/p>\n<p>El centro de salud de La Vi\u00f1a fue el elegido para realizar el lanzamiento nacional de la vacunaci\u00f3n contra el rotavirus, y en horas de la tarde las autoridades sanitarias nacionales y provinciales se trasladaron a la localidad de Sumaj Pacha donde realizaron el mismo operativo de vacunaci\u00f3n.<\/p>\n<p>Vizzotti explic\u00f3 que desde el punto de vista sanitario \u201cla incorporaci\u00f3n de esta vacuna al calendario es un avance importante, porque se trata de una enfermedad muy complicada; son casi 500 mil consultas por a\u00f1o, 20.000 internaciones en todo el pa\u00eds y entre 30 y 60 fallecidos al a\u00f1o\u201d.<\/p>\n<p>Hasta el momento se distribuy\u00f3 un total de 800.000 dosis en todo el territorio nacional \u2013cantidad suficiente para cubrir la demanda en el primer semestre del a\u00f1o\u2013 de las 1.500.000 dosis oportunamente adquiridas.<\/p>\n<h6>Fuente: T\u00e9lam<\/h6>\n","protected":false},"excerpt":{"rendered":"<p>Autoridades sanitarias de la provincia de Jujuy y la jefa del Programa Nacional de Control de Enfermedades Inmunoprevenibles del Ministerio de Salud la Naci\u00f3n, Carla Vizzotti, pusieron en marcha de manera oficial la vacunaci\u00f3n en todo el pa\u00eds contra el rotavirus, en el marco de una serie de actividades realizadas en el centro de salud<\/p>\n","protected":false},"author":2,"featured_media":22431,"comment_status":"closed","ping_status":"closed","sticky":false,"template":"","format":"standard","meta":{"footnotes":""},"categories":[8],"tags":[21],"class_list":["post-22430","post","type-post","status-publish","format-standard","has-post-thumbnail","hentry","category-informe-nacional","tag-argentina"],"_links":{"self":[{"href":"http:\/\/argentinamunicipal.com.ar\/argentina\/wp-json\/wp\/v2\/posts\/22430","targetHints":{"allow":["GET"]}}],"collection":[{"href":"http:\/\/argentinamunicipal.com.ar\/argentina\/wp-json\/wp\/v2\/posts"}],"about":[{"href":"http:\/\/argentinamunicipal.com.ar\/argentina\/wp-json\/wp\/v2\/types\/post"}],"author":[{"embeddable":true,"href":"http:\/\/argentinamunicipal.com.ar\/argentina\/wp-json\/wp\/v2\/users\/2"}],"replies":[{"embeddable":true,"href":"http:\/\/argentinamunicipal.com.ar\/argentina\/wp-json\/wp\/v2\/comments?post=22430"}],"version-history":[{"count":0,"href":"http:\/\/argentinamunicipal.com.ar\/argentina\/wp-json\/wp\/v2\/posts\/22430\/revisions"}],"wp:featuredmedia":[{"embeddable":true,"href":"http:\/\/argentinamunicipal.com.ar\/argentina\/wp-json\/wp\/v2\/media\/22431"}],"wp:attachment":[{"href":"http:\/\/argentinamunicipal.com.ar\/argentina\/wp-json\/wp\/v2\/media?parent=22430"}],"wp:term":[{"taxonomy":"category","embeddable":true,"href":"http:\/\/argentinamunicipal.com.ar\/argentina\/wp-json\/wp\/v2\/categories?post=22430"},{"taxonomy":"post_tag","embeddable":true,"href":"http:\/\/argentinamunicipal.com.ar\/argentina\/wp-json\/wp\/v2\/tags?post=22430"}],"curies":[{"name":"wp","href":"https:\/\/api.w.org\/{rel}","templated":true}]}}