{"id":22433,"date":"2015-01-10T09:02:30","date_gmt":"2015-01-10T12:02:30","guid":{"rendered":"http:\/\/argentinamunicipal.com.ar\/argentina\/?p=22433"},"modified":"2015-01-10T09:02:30","modified_gmt":"2015-01-10T12:02:30","slug":"lideres-europeos-acudiran-la-manifestacion-de-paris-contra-del-terrorismo","status":"publish","type":"post","link":"http:\/\/argentinamunicipal.com.ar\/argentina\/lideres-europeos-acudiran-la-manifestacion-de-paris-contra-del-terrorismo\/","title":{"rendered":"L\u00edderes europeos acudir\u00e1n a la manifestaci\u00f3n de Par\u00eds\u00a0contra del terrorismo."},"content":{"rendered":"<p><a href=\"http:\/\/argentinamunicipal.com.ar\/argentina\/wp-content\/uploads\/2015\/01\/205275-943-633.jpg\"><img loading=\"lazy\" decoding=\"async\" class=\"aligncenter  wp-image-22434\" src=\"http:\/\/argentinamunicipal.com.ar\/argentina\/wp-content\/uploads\/2015\/01\/205275-943-633.jpg\" alt=\"205275-943-633\" width=\"617\" height=\"414\" srcset=\"http:\/\/argentinamunicipal.com.ar\/argentina\/wp-content\/uploads\/2015\/01\/205275-943-633.jpg 943w, http:\/\/argentinamunicipal.com.ar\/argentina\/wp-content\/uploads\/2015\/01\/205275-943-633-300x201.jpg 300w\" sizes=\"auto, (max-width: 617px) 100vw, 617px\" \/><\/a><br \/>\nLos principales gobernantes europeos se sumar\u00e1n a la manifestaci\u00f3n de ma\u00f1ana en Par\u00eds en contra del terrorismo.<\/p>\n<p>En una marcha que se prev\u00e9 multitudinaria y que recorrer\u00e1 el centro de Par\u00eds, acompa\u00f1ar\u00e1n al presidente franc\u00e9s, Fran\u00e7ois Hollande, l\u00edderes de pa\u00edses e instituciones de Europa como el presidente espa\u00f1ol, Mariano Rajoy, y la canciller alemana, Angela Merkel, quien asegur\u00f3 que Europa entera est\u00e1 \u201cal lado de Francia\u201d.<\/p>\n<p>Tambi\u00e9n expresar\u00e1n su rechazo al terrorismo los primeros ministros del Reino Unido, David Cameron; de Italia, Ma\u00adtteo Renzi, y de Portugal, Pedro Passos Coelho. Junto a ellos estar\u00e1n los jefes de Gobierno de B\u00e9lgica, Charles Michel, y de Holanda, Mark Rutte.<\/p>\n<p>Adem\u00e1s, ma\u00f1ana en Par\u00eds habr\u00e1 una reuni\u00f3n para consensuar medidas de seguridad contra la amenaza terrorista, con la presencia del fiscal general de Estados Unidos, Eric Holder.<\/p>\n<p>\u201cFrancia es nuestro aliado m\u00e1s antiguo, y Estados Unidos se encuentra a su lado hoy y se encontrar\u00e1 a su lado ma\u00f1ana\u201d, manifest\u00f3 el presidente estadounidense, Barack Obama, desde Washington.<\/p>\n<p>Las instituciones europeas tambi\u00e9n enviar\u00e1n a la capital francesa a sus principales dirigentes para dejar patente su rechazo al terrorismo. Por parte de la Comisi\u00f3n Europea acudir\u00e1n su presidente, Jean-Claude Juncker, y la alta representante de la Pol\u00edtica Exterior y de Seguridad Com\u00fan de la UE, Federica Mogherini.<\/p>\n<p>\u201cEstar\u00e9 al lado de mis amigos franceses en Par\u00eds para recordar los valores que definen nuestra sociedad\u201d, escribi\u00f3 por su parte el primer ministro de Luxemburgo, Xavier Bettel, en su cuenta oficial de Twitter.<\/p>\n<h6>Fuente: La Voz del Interior<\/h6>\n","protected":false},"excerpt":{"rendered":"<p>Los principales gobernantes europeos se sumar\u00e1n a la manifestaci\u00f3n de ma\u00f1ana en Par\u00eds en contra del terrorismo. En una marcha que se prev\u00e9 multitudinaria y que recorrer\u00e1 el centro de Par\u00eds, acompa\u00f1ar\u00e1n al presidente franc\u00e9s, Fran\u00e7ois Hollande, l\u00edderes de pa\u00edses e instituciones de Europa como el presidente espa\u00f1ol, Mariano Rajoy, y la canciller alemana, Angela<\/p>\n","protected":false},"author":2,"featured_media":22434,"comment_status":"closed","ping_status":"closed","sticky":false,"template":"","format":"standard","meta":{"footnotes":""},"categories":[22],"tags":[57],"class_list":["post-22433","post","type-post","status-publish","format-standard","has-post-thumbnail","hentry","category-el-mundo","tag-el-mundo"],"_links":{"self":[{"href":"http:\/\/argentinamunicipal.com.ar\/argentina\/wp-json\/wp\/v2\/posts\/22433","targetHints":{"allow":["GET"]}}],"collection":[{"href":"http:\/\/argentinamunicipal.com.ar\/argentina\/wp-json\/wp\/v2\/posts"}],"about":[{"href":"http:\/\/argentinamunicipal.com.ar\/argentina\/wp-json\/wp\/v2\/types\/post"}],"author":[{"embeddable":true,"href":"http:\/\/argentinamunicipal.com.ar\/argentina\/wp-json\/wp\/v2\/users\/2"}],"replies":[{"embeddable":true,"href":"http:\/\/argentinamunicipal.com.ar\/argentina\/wp-json\/wp\/v2\/comments?post=22433"}],"version-history":[{"count":0,"href":"http:\/\/argentinamunicipal.com.ar\/argentina\/wp-json\/wp\/v2\/posts\/22433\/revisions"}],"wp:featuredmedia":[{"embeddable":true,"href":"http:\/\/argentinamunicipal.com.ar\/argentina\/wp-json\/wp\/v2\/media\/22434"}],"wp:attachment":[{"href":"http:\/\/argentinamunicipal.com.ar\/argentina\/wp-json\/wp\/v2\/media?parent=22433"}],"wp:term":[{"taxonomy":"category","embeddable":true,"href":"http:\/\/argentinamunicipal.com.ar\/argentina\/wp-json\/wp\/v2\/categories?post=22433"},{"taxonomy":"post_tag","embeddable":true,"href":"http:\/\/argentinamunicipal.com.ar\/argentina\/wp-json\/wp\/v2\/tags?post=22433"}],"curies":[{"name":"wp","href":"https:\/\/api.w.org\/{rel}","templated":true}]}}