{"id":22459,"date":"2015-01-10T09:32:58","date_gmt":"2015-01-10T12:32:58","guid":{"rendered":"http:\/\/argentinamunicipal.com.ar\/argentina\/?p=22459"},"modified":"2015-01-10T09:32:58","modified_gmt":"2015-01-10T12:32:58","slug":"mas-de-cien-escuelas-cerradas-en-acapulco-por-secuestros","status":"publish","type":"post","link":"http:\/\/argentinamunicipal.com.ar\/argentina\/mas-de-cien-escuelas-cerradas-en-acapulco-por-secuestros\/","title":{"rendered":"M\u00e1s de cien escuelas cerradas en Acapulco por secuestros"},"content":{"rendered":"<p><a href=\"http:\/\/argentinamunicipal.com.ar\/argentina\/wp-content\/uploads\/2015\/01\/545d3e4902858_565_319.jpg\"><img loading=\"lazy\" decoding=\"async\" class=\"aligncenter size-full wp-image-22460\" src=\"http:\/\/argentinamunicipal.com.ar\/argentina\/wp-content\/uploads\/2015\/01\/545d3e4902858_565_319.jpg\" alt=\"545d3e4902858_565_319!\" width=\"565\" height=\"319\" srcset=\"http:\/\/argentinamunicipal.com.ar\/argentina\/wp-content\/uploads\/2015\/01\/545d3e4902858_565_319.jpg 565w, http:\/\/argentinamunicipal.com.ar\/argentina\/wp-content\/uploads\/2015\/01\/545d3e4902858_565_319-300x169.jpg 300w\" sizes=\"auto, (max-width: 565px) 100vw, 565px\" \/><\/a><br \/>\nEl intendente confi\u00f3 en que a m\u00e1s tardar en dos semanas se normalicen las clases en todas las escuelas de Acapulco, ubicado unos 400 kil\u00f3metros al sur de la capital, sobre las costas del Pac\u00edfico.<\/p>\n<p>Al menos 109 escuelas se encuentran cerradas en la ciudad de Acapulco, en el sure\u00f1o estado de Guerrero, como consecuencia de un parte declarado por el sindicato docente en reclamo por la inseguridad reinante, inform\u00f3 hoy el alcalde Luis Walton.<\/p>\n<p>El jefe comunal dijo que la Gendarmer\u00eda Nacional se est\u00e1 encargando de resguardar los colegios, pero afirm\u00f3 que es \u00abimposible tener elementos permanentes en los planteles\u00bb.<\/p>\n<p>\u00abLa Gendarmer\u00eda ha hecho un excelente trabajo aqu\u00ed en Acapulco, nos ha apoyado y tambi\u00e9n el Ej\u00e9rcito. No se pueden estar quedando en todas las escuelas si son 1.113\u00bb, afirm\u00f3.<\/p>\n<p>Sin embargo, Walton destac\u00f3 que los agentes realizan \u00abun patrullaje constante\u00bb, ante las amenazas de bandas armadas que extorsionan y secuestran a docentes.<\/p>\n<p>De hecho, es parte del paisaje de la ciudad tur\u00edstica que haya camionetas con gendarmes fuertemente armados y pertrechados para combate.<\/p>\n<p>El alcalde consider\u00f3 que las extorsiones se acentuaron porque los docentes recibieron su bono anual, seg\u00fan informa un despacho de la agencia ANSA.<\/p>\n<p>El mi\u00e9rcoles pasado, el secretario de Educaci\u00f3n de Guerrero, Salvador Mart\u00ednez, lanz\u00f3 un llamado a los integrantes del crimen organizado para que dejen trabajar a los maestros en Acapulco.<\/p>\n<p>\u00abDejen que den clases a los ni\u00f1os, dejen de secuestrar a los maestros, d\u00e9jenos en paz a ni\u00f1os y ni\u00f1as\u00bb, dijo a la emisora Milenio Televisi\u00f3n.<\/p>\n<h6>Fuente: MDZ Online<\/h6>\n","protected":false},"excerpt":{"rendered":"<p>El intendente confi\u00f3 en que a m\u00e1s tardar en dos semanas se normalicen las clases en todas las escuelas de Acapulco, ubicado unos 400 kil\u00f3metros al sur de la capital, sobre las costas del Pac\u00edfico. Al menos 109 escuelas se encuentran cerradas en la ciudad de Acapulco, en el sure\u00f1o estado de Guerrero, como consecuencia<\/p>\n","protected":false},"author":2,"featured_media":22460,"comment_status":"closed","ping_status":"closed","sticky":false,"template":"","format":"standard","meta":{"footnotes":""},"categories":[22],"tags":[57],"class_list":["post-22459","post","type-post","status-publish","format-standard","has-post-thumbnail","hentry","category-el-mundo","tag-el-mundo"],"_links":{"self":[{"href":"http:\/\/argentinamunicipal.com.ar\/argentina\/wp-json\/wp\/v2\/posts\/22459","targetHints":{"allow":["GET"]}}],"collection":[{"href":"http:\/\/argentinamunicipal.com.ar\/argentina\/wp-json\/wp\/v2\/posts"}],"about":[{"href":"http:\/\/argentinamunicipal.com.ar\/argentina\/wp-json\/wp\/v2\/types\/post"}],"author":[{"embeddable":true,"href":"http:\/\/argentinamunicipal.com.ar\/argentina\/wp-json\/wp\/v2\/users\/2"}],"replies":[{"embeddable":true,"href":"http:\/\/argentinamunicipal.com.ar\/argentina\/wp-json\/wp\/v2\/comments?post=22459"}],"version-history":[{"count":0,"href":"http:\/\/argentinamunicipal.com.ar\/argentina\/wp-json\/wp\/v2\/posts\/22459\/revisions"}],"wp:featuredmedia":[{"embeddable":true,"href":"http:\/\/argentinamunicipal.com.ar\/argentina\/wp-json\/wp\/v2\/media\/22460"}],"wp:attachment":[{"href":"http:\/\/argentinamunicipal.com.ar\/argentina\/wp-json\/wp\/v2\/media?parent=22459"}],"wp:term":[{"taxonomy":"category","embeddable":true,"href":"http:\/\/argentinamunicipal.com.ar\/argentina\/wp-json\/wp\/v2\/categories?post=22459"},{"taxonomy":"post_tag","embeddable":true,"href":"http:\/\/argentinamunicipal.com.ar\/argentina\/wp-json\/wp\/v2\/tags?post=22459"}],"curies":[{"name":"wp","href":"https:\/\/api.w.org\/{rel}","templated":true}]}}