{"id":22508,"date":"2015-01-14T14:27:09","date_gmt":"2015-01-14T17:27:09","guid":{"rendered":"http:\/\/argentinamunicipal.com.ar\/argentina\/?p=22508"},"modified":"2015-01-14T14:27:09","modified_gmt":"2015-01-14T17:27:09","slug":"mexico-imputan-ex-alcalde-por-la-desaparicion-de-estudiantes","status":"publish","type":"post","link":"http:\/\/argentinamunicipal.com.ar\/argentina\/mexico-imputan-ex-alcalde-por-la-desaparicion-de-estudiantes\/","title":{"rendered":"M\u00e9xico: Imputan a ex alcalde por la desaparici\u00f3n de estudiantes"},"content":{"rendered":"<p><a href=\"http:\/\/argentinamunicipal.com.ar\/argentina\/wp-content\/uploads\/2015\/01\/ayotzinapa-marcha-angel.jpg\"><img loading=\"lazy\" decoding=\"async\" class=\"aligncenter size-full wp-image-22509\" src=\"http:\/\/argentinamunicipal.com.ar\/argentina\/wp-content\/uploads\/2015\/01\/ayotzinapa-marcha-angel.jpg\" alt=\"ayotzinapa-marcha-angel\" width=\"624\" height=\"351\" srcset=\"http:\/\/argentinamunicipal.com.ar\/argentina\/wp-content\/uploads\/2015\/01\/ayotzinapa-marcha-angel.jpg 624w, http:\/\/argentinamunicipal.com.ar\/argentina\/wp-content\/uploads\/2015\/01\/ayotzinapa-marcha-angel-300x168.jpg 300w\" sizes=\"auto, (max-width: 624px) 100vw, 624px\" \/><\/a><\/p>\n<p>Se trata de Jos\u00e9 Luis Abarca y es la primera acusaci\u00f3n formal desde la desaparici\u00f3n de los 43 estudiantes.<\/p>\n<p>El ex alcalde de la ciudad mexicana de Iguala, Jos\u00e9 Luis Abarca, fue acusado por primera vez formalmente, a cuatro meses de la desaparici\u00f3n de los 43 estudiantes de Ayotzinapa, como autor intelectual del hecho, en tanto los padres de las v\u00edctimas reiteraron su exigencia al gobierno federal para que se abra una l\u00ednea de investigaci\u00f3n a fin de determinarse si hubo responsabilidad del Ej\u00e9rcito, inform\u00f3 la Procuradur\u00eda general.<\/p>\n<p>El director de la Agencia de Investigaci\u00f3n Criminal, Tom\u00e1s Zer\u00f3n, difundi\u00f3 los nuevos cargos contra Abarca, que fue detenido en noviembre y est\u00e1 recluido en un penal de alta seguridad, pero por otros delitos.<\/p>\n<p>Hasta ahora, el ex alcalde estaba acusado de delincuencia organizada, secuestro y homicidio calificado, por el asesinato del l\u00edder social Arturo Hern\u00e1ndez Cardona, ocurrido en 2013.<\/p>\n<p>\u00c9l y su esposa est\u00e1n detenidos. Seg\u00fan las autoridades, Abarca y su esposa, Mar\u00eda de los \u00c1ngeles Pineda, tambi\u00e9n detenida, fueron los autores intelectuales del ataque perpetrado contra los estudiantes, que dej\u00f3 seis muertos, 25 heridos y 43 desaparecidos, en una tragedia de repercusi\u00f3n mundial registrada el 26 de septiembre pasado y que mantiene golpeada la gesti\u00f3n del presidente Enrique Pe\u00f1a Nieto.<\/p>\n<p>M\u00e1s muertes y desapariciones. El caso Ayotzinapa destap\u00f3 otras muertes y desapariciones ocurridas en los \u00faltimos a\u00f1os en la zona de Iguala, 200 kil\u00f3metros al sur de la capital. Como parte de las investigaciones se han hallado los cad\u00e1veres de otras 30 personas, de las cuales por ahora s\u00f3lo 12 han sido identificadas. Cinco polic\u00edas municipales enfrentan \u00f3rdenes de aprehensi\u00f3n por estas muertes.<\/p>\n<p>Zer\u00f3n inform\u00f3 que hasta hoy suman 97 detenidos por el caso y descart\u00f3 que haya habido participaci\u00f3n del Ej\u00e9rcito, como afirman familiares de los desaparecidos, que ayer intentaron ingresar a un cuartel militar en Iguala para ver si los estudiantes estaban dentro.<\/p>\n<p>Seg\u00fan indic\u00f3 Zer\u00f3n, de las investigaciones \u00abno se desprende participaci\u00f3n alguna de cuerpos de seguridad federales en desaparici\u00f3n de estudiantes\u00bb.<\/p>\n<p>Sin embargo, los padres de los 43 estudiantes, al reanudar el di\u00e1logo con el Gobierno Federal, reiteraron su exigencia para que se abra una l\u00ednea de investigaci\u00f3n sobre el papel del Ej\u00e9rcito en los hechos.<\/p>\n<p>Los hechos. Los j\u00f3venes, alumnos de la Escuela Normal Rural de formaci\u00f3n de maestros de Ayotzinapa del sure\u00f1o estado de Guerrero, fueron perseguidos y detenidos por polic\u00edas municipales de Iguala para impedir que sabotearan un acto de la esposa del alcalde.<\/p>\n<p>Despu\u00e9s fueron entregados al grupo criminal Guerreros Unidos, que los asesin\u00f3 e inciner\u00f3 en una fogata encendida en un basurero, de acuerdo con la versi\u00f3n de tres autores materiales.<\/p>\n<p>S\u00f3lo se identificaron hasta ahora los restos de uno de los j\u00f3venes.<\/p>\n<p>El vocero del grupo de padres, Felipe de la Cruz, asegur\u00f3 que \u00abhay por lo menos 10 estudiantes que han declarado que el Ej\u00e9rcito particip\u00f3 el d\u00eda de los hechos\u00bb, as\u00ed como \u00abvarios polic\u00edas y personas de Guerreros Unidos\u00bb.<\/p>\n<p>El reclamo en las calles. Como pr\u00f3ximas acciones, De la Cruz anunci\u00f3 que seguir\u00e1n las movilizaciones, tanto en lugares p\u00fablicos como cerca de instalaciones polic\u00edacas o militares \u00absi es necesario\u00bb.<\/p>\n<p>Asimismo, continuar\u00e1 con la b\u00fasqueda ciudadana, ya que consideran que desde que el contingente de la Gendarmer\u00eda de la Polic\u00eda Federal lleg\u00f3 a Iguala, los resultados han sido \u00abnulos\u00bb.<\/p>\n<h6>Fuente: InfoRegi\u00f3n<\/h6>\n","protected":false},"excerpt":{"rendered":"<p>Se trata de Jos\u00e9 Luis Abarca y es la primera acusaci\u00f3n formal desde la desaparici\u00f3n de los 43 estudiantes. El ex alcalde de la ciudad mexicana de Iguala, Jos\u00e9 Luis Abarca, fue acusado por primera vez formalmente, a cuatro meses de la desaparici\u00f3n de los 43 estudiantes de Ayotzinapa, como autor intelectual del hecho, en<\/p>\n","protected":false},"author":2,"featured_media":22509,"comment_status":"closed","ping_status":"closed","sticky":false,"template":"","format":"standard","meta":{"footnotes":""},"categories":[22],"tags":[57],"class_list":["post-22508","post","type-post","status-publish","format-standard","has-post-thumbnail","hentry","category-el-mundo","tag-el-mundo"],"_links":{"self":[{"href":"http:\/\/argentinamunicipal.com.ar\/argentina\/wp-json\/wp\/v2\/posts\/22508","targetHints":{"allow":["GET"]}}],"collection":[{"href":"http:\/\/argentinamunicipal.com.ar\/argentina\/wp-json\/wp\/v2\/posts"}],"about":[{"href":"http:\/\/argentinamunicipal.com.ar\/argentina\/wp-json\/wp\/v2\/types\/post"}],"author":[{"embeddable":true,"href":"http:\/\/argentinamunicipal.com.ar\/argentina\/wp-json\/wp\/v2\/users\/2"}],"replies":[{"embeddable":true,"href":"http:\/\/argentinamunicipal.com.ar\/argentina\/wp-json\/wp\/v2\/comments?post=22508"}],"version-history":[{"count":0,"href":"http:\/\/argentinamunicipal.com.ar\/argentina\/wp-json\/wp\/v2\/posts\/22508\/revisions"}],"wp:featuredmedia":[{"embeddable":true,"href":"http:\/\/argentinamunicipal.com.ar\/argentina\/wp-json\/wp\/v2\/media\/22509"}],"wp:attachment":[{"href":"http:\/\/argentinamunicipal.com.ar\/argentina\/wp-json\/wp\/v2\/media?parent=22508"}],"wp:term":[{"taxonomy":"category","embeddable":true,"href":"http:\/\/argentinamunicipal.com.ar\/argentina\/wp-json\/wp\/v2\/categories?post=22508"},{"taxonomy":"post_tag","embeddable":true,"href":"http:\/\/argentinamunicipal.com.ar\/argentina\/wp-json\/wp\/v2\/tags?post=22508"}],"curies":[{"name":"wp","href":"https:\/\/api.w.org\/{rel}","templated":true}]}}