{"id":22511,"date":"2015-01-14T14:30:36","date_gmt":"2015-01-14T17:30:36","guid":{"rendered":"http:\/\/argentinamunicipal.com.ar\/argentina\/?p=22511"},"modified":"2015-01-14T14:30:36","modified_gmt":"2015-01-14T17:30:36","slug":"renuncio-el-presidente-italiano-giorgio-napolitano","status":"publish","type":"post","link":"http:\/\/argentinamunicipal.com.ar\/argentina\/renuncio-el-presidente-italiano-giorgio-napolitano\/","title":{"rendered":"Renunci\u00f3 el presidente italiano Giorgio Napolitano"},"content":{"rendered":"<p><a href=\"http:\/\/argentinamunicipal.com.ar\/argentina\/wp-content\/uploads\/2015\/01\/image54b652788bd873.73422282.jpg\"><img loading=\"lazy\" decoding=\"async\" class=\"aligncenter  wp-image-22512\" src=\"http:\/\/argentinamunicipal.com.ar\/argentina\/wp-content\/uploads\/2015\/01\/image54b652788bd873.73422282.jpg\" alt=\"image54b652788bd873.73422282\" width=\"741\" height=\"493\" srcset=\"http:\/\/argentinamunicipal.com.ar\/argentina\/wp-content\/uploads\/2015\/01\/image54b652788bd873.73422282.jpg 1150w, http:\/\/argentinamunicipal.com.ar\/argentina\/wp-content\/uploads\/2015\/01\/image54b652788bd873.73422282-300x199.jpg 300w, http:\/\/argentinamunicipal.com.ar\/argentina\/wp-content\/uploads\/2015\/01\/image54b652788bd873.73422282-1024x681.jpg 1024w\" sizes=\"auto, (max-width: 741px) 100vw, 741px\" \/><\/a><br \/>\nEl presidente firm\u00f3 esta ma\u00f1ana su carta de dimisi\u00f3n. Napolitano hab\u00eda anunciado su decisi\u00f3n en un mensaje a la naci\u00f3n por el fin de a\u00f1o.<\/p>\n<p>El presidente italiano, Giorgio Napolitano, de 89 a\u00f1os, dimiti\u00f3 este mi\u00e9rcoles tras casi una d\u00e9cada al frente de la tercera econom\u00eda de la eurozona.<\/p>\n<p>\u00abEl presidente de la Rep\u00fablica, Giorgio Napolitano, firm\u00f3 esta ma\u00f1ana a las 10.35 su carta de dimisi\u00f3n\u00bb, dijo la oficina del presidente en un comunicado.<\/p>\n<p>La carta de renuncia fue presentada a la presidenta de la C\u00e1mara de Diputados, Laura Boldrini, quien deber\u00e1 convocar una asamblea conjunta con el Senado y los representantes de 20 regiones para la elecci\u00f3n de su sucesor.<\/p>\n<p>Napolitano hab\u00eda anunciado su decisi\u00f3n en un mensaje a la naci\u00f3n por el fin de a\u00f1o.\u00a0Las votaciones deber\u00e1n iniciarse en quince d\u00edas, tal como dispone la Constituci\u00f3n.<\/p>\n<p>La elecci\u00f3n del sucesor de Napolitano se anuncia dif\u00edcil ya que la derecha y la izquierda no han logrado al parecer ponerse de acuerdo hasta ahora sobre un candidato de consenso.<\/p>\n<p>La renuncia del presidente, veterano militante antifascista, fue confirmada el martes por el jefe de gobierno italiano, Matteo Renzi, ante el Parlamento Europeo donde elogi\u00f3 su trayectoria.<\/p>\n<p>El cargo ser\u00e1 ocupado en forma transitoria por el presidente del Senado, Pietro Grasso.<\/p>\n<h6>Fuente: Los Andes<\/h6>\n","protected":false},"excerpt":{"rendered":"<p>El presidente firm\u00f3 esta ma\u00f1ana su carta de dimisi\u00f3n. Napolitano hab\u00eda anunciado su decisi\u00f3n en un mensaje a la naci\u00f3n por el fin de a\u00f1o. El presidente italiano, Giorgio Napolitano, de 89 a\u00f1os, dimiti\u00f3 este mi\u00e9rcoles tras casi una d\u00e9cada al frente de la tercera econom\u00eda de la eurozona. \u00abEl presidente de la Rep\u00fablica, Giorgio<\/p>\n","protected":false},"author":2,"featured_media":22512,"comment_status":"closed","ping_status":"closed","sticky":false,"template":"","format":"standard","meta":{"footnotes":""},"categories":[22],"tags":[57],"class_list":["post-22511","post","type-post","status-publish","format-standard","has-post-thumbnail","hentry","category-el-mundo","tag-el-mundo"],"_links":{"self":[{"href":"http:\/\/argentinamunicipal.com.ar\/argentina\/wp-json\/wp\/v2\/posts\/22511","targetHints":{"allow":["GET"]}}],"collection":[{"href":"http:\/\/argentinamunicipal.com.ar\/argentina\/wp-json\/wp\/v2\/posts"}],"about":[{"href":"http:\/\/argentinamunicipal.com.ar\/argentina\/wp-json\/wp\/v2\/types\/post"}],"author":[{"embeddable":true,"href":"http:\/\/argentinamunicipal.com.ar\/argentina\/wp-json\/wp\/v2\/users\/2"}],"replies":[{"embeddable":true,"href":"http:\/\/argentinamunicipal.com.ar\/argentina\/wp-json\/wp\/v2\/comments?post=22511"}],"version-history":[{"count":0,"href":"http:\/\/argentinamunicipal.com.ar\/argentina\/wp-json\/wp\/v2\/posts\/22511\/revisions"}],"wp:featuredmedia":[{"embeddable":true,"href":"http:\/\/argentinamunicipal.com.ar\/argentina\/wp-json\/wp\/v2\/media\/22512"}],"wp:attachment":[{"href":"http:\/\/argentinamunicipal.com.ar\/argentina\/wp-json\/wp\/v2\/media?parent=22511"}],"wp:term":[{"taxonomy":"category","embeddable":true,"href":"http:\/\/argentinamunicipal.com.ar\/argentina\/wp-json\/wp\/v2\/categories?post=22511"},{"taxonomy":"post_tag","embeddable":true,"href":"http:\/\/argentinamunicipal.com.ar\/argentina\/wp-json\/wp\/v2\/tags?post=22511"}],"curies":[{"name":"wp","href":"https:\/\/api.w.org\/{rel}","templated":true}]}}