{"id":22620,"date":"2015-01-15T09:55:44","date_gmt":"2015-01-15T12:55:44","guid":{"rendered":"http:\/\/argentinamunicipal.com.ar\/argentina\/?p=22620"},"modified":"2015-01-15T09:55:44","modified_gmt":"2015-01-15T12:55:44","slug":"rosario-plantaran-mas-de-7-mil-arboles-durante-2015-con-una-inversion-de-15-millones","status":"publish","type":"post","link":"http:\/\/argentinamunicipal.com.ar\/argentina\/rosario-plantaran-mas-de-7-mil-arboles-durante-2015-con-una-inversion-de-15-millones\/","title":{"rendered":"Rosario: Plantar\u00e1n m\u00e1s de 7 mil \u00e1rboles durante 2015 con una inversi\u00f3n de $15 millones"},"content":{"rendered":"<div id=\"attachment_22621\" style=\"width: 631px\" class=\"wp-caption aligncenter\"><a href=\"http:\/\/argentinamunicipal.com.ar\/argentina\/wp-content\/uploads\/2015\/01\/01-15-c601-.jpg_88717827.jpg\"><img loading=\"lazy\" decoding=\"async\" aria-describedby=\"caption-attachment-22621\" class=\"size-full wp-image-22621\" src=\"http:\/\/argentinamunicipal.com.ar\/argentina\/wp-content\/uploads\/2015\/01\/01-15-c601-.jpg_88717827.jpg\" alt=\"Antes de fin de mes, Mendieta volver\u00e1 a su sitio en el parque Nacional a la Bandera.\" width=\"621\" height=\"465\" srcset=\"http:\/\/argentinamunicipal.com.ar\/argentina\/wp-content\/uploads\/2015\/01\/01-15-c601-.jpg_88717827.jpg 621w, http:\/\/argentinamunicipal.com.ar\/argentina\/wp-content\/uploads\/2015\/01\/01-15-c601-.jpg_88717827-300x224.jpg 300w\" sizes=\"auto, (max-width: 621px) 100vw, 621px\" \/><\/a><p id=\"caption-attachment-22621\" class=\"wp-caption-text\">Antes de fin de mes, Mendieta volver\u00e1 a su sitio en el parque Nacional a la Bandera.<\/p><\/div>\n<p>El plan forestal es para dotar a las nuevas urbanizaciones y busca reponer los ejemplares faltantes en las calles, los parques y las plazas.<\/p>\n<p>Antes de fin de mes, Mendieta volver\u00e1 a su sitio en el parque Nacional a la Bandera.<\/p>\n<p>Para atender la demanda de nuevas urbanizaciones, reponer ejemplares en la v\u00eda p\u00fablica y en plazas y parques, la Municipalidad proyecta plantar este a\u00f1o m\u00e1s de 7.000 \u00e1rboles. La meta forma parte del plan forestal que comenzar\u00e1 a implementarse a partir de marzo y demandar\u00e1 una inversi\u00f3n de unos 15 millones de pesos para la colocaci\u00f3n de nuevas especies, mantenimiento y extracci\u00f3n de \u00e1rboles enfermos o secos.<\/p>\n<p>El proyecto busca superar el programa de forestaci\u00f3n desarrollado el a\u00f1o pasado cuando se plantaron 6.400 ejemplares y otros 17 mil fueron sometidos a poda, escamonda, corte de ra\u00edces o extracci\u00f3n. Seg\u00fan se calcula el acervo verde de la ciudad suma unos 350 mil \u00e1rboles, los mismos que dejan sentir su sombra en estas jornadas de t\u00f3rrido verano.<\/p>\n<p>En las oficinas de la Direcci\u00f3n de Parques y Paseos del municipio, en pleno parque Independencia se est\u00e1n terminando de delinear las acciones que se desarrollar\u00e1n con fuerza con la llegada del oto\u00f1o.<\/p>\n<p>\u00abDiagramamos un plan de trabajo por zonas para poder cubrir toda la ciudad cada cuatro o cinco a\u00f1os. Y si bien a\u00fan el plan de trabajo a\u00fan no est\u00e1 cerrado vamos a superar la cantidad de \u00e1rboles plantados o intervenidos durante el a\u00f1o pasado\u00bb, explica el titular del \u00e1rea, Nicol\u00e1s Cordero.<\/p>\n<p>Veredas y plazas. Plantados todos juntos, los nuevos ejemplares sumar\u00edan una l\u00ednea recta de 49 mil metros, ya que se necesitan 7 metros de distancia entre cada uno para que puedan desarrollar su estructura.<\/p>\n<p>Pero los \u00e1rboles que se incorporar\u00e1n este a\u00f1o tendr\u00e1n distintos destinos: gran parte se destinar\u00e1 a la forestaci\u00f3n de los nuevos barrios surgidos a trav\u00e9s de las urbanizaciones del programa provincial \u00abMi tierra, mi casa\u00bb, a reponer ejemplares faltantes en las veredas de distintos distritos y en plazas o parques.<\/p>\n<p>A partir de junio o julio se entregar\u00e1n tambi\u00e9n ejemplares a instituciones, vecinales, clubes y escuelas que colaboran en la plantaci\u00f3n en la v\u00eda p\u00fablica.<\/p>\n<p>Las especies se eligen seg\u00fan distintos criterios: el ancho de la vereda, la presencia de conexiones de servicios cercanas o la alienaci\u00f3n hist\u00f3rica. Las m\u00e1s recomendables son aquellas que tienen hojas caducas (s\u00ed, aunque en oto\u00f1o haya que barrerlas) ya que garantizan que las viviendas se asoleen en el invierno.<\/p>\n<p>Hay apenas unas pocas no aptas para veredas: gomeros, ficus, \u00e1lamo, sauce, araucarias o palo borracho ya que adquieren grandes dimensiones y ocasionan perjuicios en las veredas y en los domicilios. En general, se recomienda consultar en Parques y Paseos antes de plantar cualquier ejemplar en la v\u00eda p\u00fablica. All\u00ed tambi\u00e9n se recibir\u00e1n instrucciones sobre c\u00f3mo cuidarlos.<\/p>\n<p>Patrimonio verde. El arbolado urbano es parte del patrimonio rosarino. No s\u00f3lo ayudan a purificar el aire sino que reducen la contaminaci\u00f3n sonora, disminuyen la temperatura y contribuyen para evitar inundaciones al frenar la ca\u00edda del agua con su copa.<\/p>\n<p>El \u00faltimo censo de los \u00e1rboles que existen en las veredas de la ciudad (\u00e1rboles de alineacion) tiene ya ocho a\u00f1os. En octubre pasado se anunci\u00f3 la puesta en marcha de un nuevo relevamiento cuyos datos a\u00fan se est\u00e1n terminando de procesar.<\/p>\n<p>La \u00faltima radiograf\u00eda contabiliz\u00f3 unos 190 mil ejemplares sombreando las calles. El fresno es la especie m\u00e1s corriente, seguido despu\u00e9s por el ligustro y el para\u00edso. Los pl\u00e1tanos, muy presentes en numerosos barrios a trav\u00e9s de ejemplares de gran porte, son la cuarta especie m\u00e1s com\u00fan en las veredas de la ciudad.<\/p>\n<p>De los seis distritos de la ciudad, el centro y el oeste se mostraron como los m\u00e1s verdes, cada uno con m\u00e1s de 45 mil \u00e1rboles. Detr\u00e1s se ubicaron el norte, el sur, el sudoeste y el noroeste. En ese orden.<\/p>\n<h3>Mendieta vuelve en unos 10 d\u00edas<\/h3>\n<p>Antes de fin de mes, Mendieta volver\u00e1 a su sitio en el parque Nacional a la Bandera. La reproducci\u00f3n del famoso perro hablador forma parte del conjunto que hace homenaje a la obra de Roberto Fontanarrosa en la costa central. A menos de diez d\u00edas de inaugurado el paseo, la escultura fue vandalizada y actualmente se est\u00e1 sometiendo a reparaciones.<\/p>\n<p>Seg\u00fan indicaron desde el Ministerio de Cultura de la provincia, la figura de Mendieta permanece a\u00fan en los talleres de Ariel Maciel y Claudio D\u2019Angelo. Ambos artistas se encargaron de dar vida, en resina y fibra de vidrio, a los personajes m\u00e1s queridos de Fontanarrosa: Boogie el aceitoso, Inodoro Pereyra, Eulogia, Mendieta, Nabucodonosor y Loros.<\/p>\n<p>El paseo con el conjunto de obras se inaugur\u00f3 a dos d\u00edas de Navidad. Hace diez d\u00edas, la cuadrilla de Parques y Paseos encargada del mantenimiento del parque not\u00f3 que la escultura de Mendieta estaba floja y hab\u00eda sido da\u00f1ada, por lo que fue retirada para repararla. La tarea demandar\u00e1 todav\u00eda unos 10 d\u00edas m\u00e1s por lo cual reci\u00e9n a fin de mes, el perro volver\u00e1 a ocupar su lugar junto a su fiel amigo Inodoro Pereyra.<\/p>\n<h6>Fuente: La Capital, Rosario<\/h6>\n","protected":false},"excerpt":{"rendered":"<p>El plan forestal es para dotar a las nuevas urbanizaciones y busca reponer los ejemplares faltantes en las calles, los parques y las plazas. Antes de fin de mes, Mendieta volver\u00e1 a su sitio en el parque Nacional a la Bandera. Para atender la demanda de nuevas urbanizaciones, reponer ejemplares en la v\u00eda p\u00fablica y<\/p>\n","protected":false},"author":2,"featured_media":22621,"comment_status":"closed","ping_status":"closed","sticky":false,"template":"","format":"standard","meta":{"footnotes":""},"categories":[2],"tags":[10],"class_list":["post-22620","post","type-post","status-publish","format-standard","has-post-thumbnail","hentry","category-informe-municipal","tag-santa-fe"],"_links":{"self":[{"href":"http:\/\/argentinamunicipal.com.ar\/argentina\/wp-json\/wp\/v2\/posts\/22620","targetHints":{"allow":["GET"]}}],"collection":[{"href":"http:\/\/argentinamunicipal.com.ar\/argentina\/wp-json\/wp\/v2\/posts"}],"about":[{"href":"http:\/\/argentinamunicipal.com.ar\/argentina\/wp-json\/wp\/v2\/types\/post"}],"author":[{"embeddable":true,"href":"http:\/\/argentinamunicipal.com.ar\/argentina\/wp-json\/wp\/v2\/users\/2"}],"replies":[{"embeddable":true,"href":"http:\/\/argentinamunicipal.com.ar\/argentina\/wp-json\/wp\/v2\/comments?post=22620"}],"version-history":[{"count":0,"href":"http:\/\/argentinamunicipal.com.ar\/argentina\/wp-json\/wp\/v2\/posts\/22620\/revisions"}],"wp:featuredmedia":[{"embeddable":true,"href":"http:\/\/argentinamunicipal.com.ar\/argentina\/wp-json\/wp\/v2\/media\/22621"}],"wp:attachment":[{"href":"http:\/\/argentinamunicipal.com.ar\/argentina\/wp-json\/wp\/v2\/media?parent=22620"}],"wp:term":[{"taxonomy":"category","embeddable":true,"href":"http:\/\/argentinamunicipal.com.ar\/argentina\/wp-json\/wp\/v2\/categories?post=22620"},{"taxonomy":"post_tag","embeddable":true,"href":"http:\/\/argentinamunicipal.com.ar\/argentina\/wp-json\/wp\/v2\/tags?post=22620"}],"curies":[{"name":"wp","href":"https:\/\/api.w.org\/{rel}","templated":true}]}}