{"id":22623,"date":"2015-01-15T09:58:34","date_gmt":"2015-01-15T12:58:34","guid":{"rendered":"http:\/\/argentinamunicipal.com.ar\/argentina\/?p=22623"},"modified":"2015-01-15T09:58:34","modified_gmt":"2015-01-15T12:58:34","slug":"el-norte-santafesino-jaqueado-por-las-intensas-lluvias","status":"publish","type":"post","link":"http:\/\/argentinamunicipal.com.ar\/argentina\/el-norte-santafesino-jaqueado-por-las-intensas-lluvias\/","title":{"rendered":"El norte santafesino, jaqueado por las intensas lluvias"},"content":{"rendered":"<div id=\"attachment_22624\" style=\"width: 631px\" class=\"wp-caption aligncenter\"><a href=\"http:\/\/argentinamunicipal.com.ar\/argentina\/wp-content\/uploads\/2015\/01\/01-15-LR1701.jpg_88717827-1.jpg\"><img loading=\"lazy\" decoding=\"async\" aria-describedby=\"caption-attachment-22624\" class=\"size-full wp-image-22624\" src=\"http:\/\/argentinamunicipal.com.ar\/argentina\/wp-content\/uploads\/2015\/01\/01-15-LR1701.jpg_88717827-1.jpg\" alt=\"Tras ocho semanas de lluvias el anegamiento de los terrenos y la sobresaturaci\u00f3n de los suelos frenaron los procesos de siembra y cosecha.\" width=\"621\" height=\"465\" srcset=\"http:\/\/argentinamunicipal.com.ar\/argentina\/wp-content\/uploads\/2015\/01\/01-15-LR1701.jpg_88717827-1.jpg 621w, http:\/\/argentinamunicipal.com.ar\/argentina\/wp-content\/uploads\/2015\/01\/01-15-LR1701.jpg_88717827-1-300x224.jpg 300w\" sizes=\"auto, (max-width: 621px) 100vw, 621px\" \/><\/a><p id=\"caption-attachment-22624\" class=\"wp-caption-text\">Tras ocho semanas de lluvias el anegamiento de los terrenos y la sobresaturaci\u00f3n de los suelos frenaron los procesos de siembra y cosecha.<\/p><\/div>\n<p>Los departamentos m\u00e1s afectados son 9 de Julio, Vera y General Obligado, a los que se sum\u00f3 San Crist\u00f3bal. El fen\u00f3meno produjo el anegamiento de extensas zonas.<\/p>\n<p>&nbsp;<\/p>\n<p>Las intensas lluvias que desde el mes de diciembre azotan al norte provincial pusieron en estado de alerta permanente a pobladores y autoridades santafesinas. El fen\u00f3meno climatol\u00f3gico que produjo la ca\u00edda de mucha m\u00e1s agua de la que generalmente registran las marcas en esta \u00e9poca del a\u00f1o, provocaron el anegamiento de extensas zonas productivas y hay casos de parajes aislados debido a la intransitabilidad de los caminos rurales. Los departamentos m\u00e1s afectados son 9 de Julio, Vera y General Obligado y en las \u00faltimas 72 horas la situaci\u00f3n se extendi\u00f3 al departamento San Crist\u00f3bal. El pron\u00f3stico para los pr\u00f3ximos d\u00edas prev\u00e9 m\u00e1s precipitaciones y desde el gobierno santafesino se analiza declarar la emergencia h\u00eddrica.<\/p>\n<p>Ante la gravedad de la situaci\u00f3n, las autoridades provinciales realizaron desde el fin de semana incursiones en las zonas m\u00e1s afectadas, para lo que contaron con dos helic\u00f3pteros ?uno de la provincia y otro del Ej\u00e9rcito- con los que se desarrollaron tareas de aprovisionamiento y relevamientos sanitarios.<\/p>\n<p>En los vuelos de reconocimiento particip\u00f3 el secretario de Protecci\u00f3n Civil, Marcos Escajadillo, quien indic\u00f3 que en primer momento se realizaron \u00abdos sobrevuelos a las zonas afectadas para tomar contacto con los vecinos, que si bien estaban incomunicados contaban con provisiones, pero las nuevas lluvias hacen necesario la participaci\u00f3n de los distintos estamentos provinciales de Desarrollo Social, Salud, Aguas, y Seguridad para atender los requerimientos de los afectados\u00bb.<\/p>\n<p>Vera, castigado. El departamento Vera es uno de los m\u00e1s vulnerados, espec\u00edficamente los parajes Fort\u00edn Charr\u00faa, y en el Paraje 70-800 y hacia all\u00ed fueron trasladados grupos electr\u00f3genos para impedir que se corte la cadena de fr\u00edo en los medicamentos y est\u00e1 previsto que, de seguir las lluvias, la asistencia seguir\u00e1 por v\u00eda a\u00e9rea.<\/p>\n<p>En algunos lugares, como en Reconquista, ya cayeron m\u00e1s de mil mil\u00edmetros de agua en lo que va de diciembre y enero, lo que provoc\u00f3 que las napas suban y se sature la capacidad del suelo para absorber las precipitaciones. Entretanto, el calor y la humedad del ambiente pronostican que habr\u00e1 m\u00e1s lluvias.<\/p>\n<p>Respecto del impacto que la realidad clim\u00e1tica generar\u00e1 en los sectores productivos, el Ministerio de la Producci\u00f3n est\u00e1 haciendo una evaluaci\u00f3n para determinar qu\u00e9 medidas se implementar\u00e1n para aliviar la situaci\u00f3n, pero en primera instancia lo que se est\u00e1 haciendo es asistir a las poblaciones aisladas.<\/p>\n<p>Emergencia h\u00eddrica.En declaraciones radiales durante la ma\u00f1ana de ayer, el ministro de la Producci\u00f3n de Santa Fe, Carlos Fascendini, afirm\u00f3 que \u00abla cantidad de mil\u00edmetros que cayeron en los \u00faltimos 45 d\u00edas, en la zona de Vera, San Javier, y General Obligado, perjudica los cultivos y la ganader\u00eda\u00bb, y destac\u00f3 que junto con el INTA analizan las zonas a declarar en emergencia a la brevedad, posiblemente durante la pr\u00f3xima semana.<\/p>\n<p>Desde la Bolsa de Comercio de Santa Fe y el Ministerio de la Producci\u00f3n se asegur\u00f3 que tras ocho semanas de lluvias \u00abel anegamiento de los terrenos y la sobresaturaci\u00f3n de los suelos frenaron los procesos de siembra y cosecha\u00bb.<\/p>\n<p>Espec\u00edficamente est\u00e1n detenidos los procesos de siembra de soja de segunda, algod\u00f3n y sorgo y de cosecha del girasol. En cuanto a los sembrados de arroz se indic\u00f3 que \u00ablas abundantes precipitaciones causaron un gran aumento en los niveles de desag\u00fce de P\u00e1jaro Blanco y el arroyo Los Saladillos, que en los \u00faltimos d\u00edas desbordaron hacia los lotes de arroz aleda\u00f1os a su cauce, con probabilidad de p\u00e9rdida total de los mismos. Todav\u00eda no se pueden cuantificar los da\u00f1os, ya que queda supeditado a las condiciones futuras. Se produjeron cortes eventuales en la ruta provincial N\u00ba 1 por el exceso de agua en los canales de desag\u00fce\u00bb.<\/p>\n<p>En tanto, la crecida del r\u00edo Paran\u00e1 est\u00e1 complicando la ganader\u00eda en algunas zonas de la provincia. \u00abEn cualquier momento van a tener que sacar a los animales de las zonas bajas y las islas. Se viene un a\u00f1o complicado para el centro-norte provincial\u00bb, manifest\u00f3 Fascendini.<\/p>\n<h6>Fuente: La Capital, Rosario<\/h6>\n","protected":false},"excerpt":{"rendered":"<p>Los departamentos m\u00e1s afectados son 9 de Julio, Vera y General Obligado, a los que se sum\u00f3 San Crist\u00f3bal. El fen\u00f3meno produjo el anegamiento de extensas zonas. &nbsp; Las intensas lluvias que desde el mes de diciembre azotan al norte provincial pusieron en estado de alerta permanente a pobladores y autoridades santafesinas. El fen\u00f3meno climatol\u00f3gico<\/p>\n","protected":false},"author":2,"featured_media":22624,"comment_status":"closed","ping_status":"closed","sticky":false,"template":"","format":"standard","meta":{"footnotes":""},"categories":[48],"tags":[10],"class_list":["post-22623","post","type-post","status-publish","format-standard","has-post-thumbnail","hentry","category-contingencias","tag-santa-fe"],"_links":{"self":[{"href":"http:\/\/argentinamunicipal.com.ar\/argentina\/wp-json\/wp\/v2\/posts\/22623","targetHints":{"allow":["GET"]}}],"collection":[{"href":"http:\/\/argentinamunicipal.com.ar\/argentina\/wp-json\/wp\/v2\/posts"}],"about":[{"href":"http:\/\/argentinamunicipal.com.ar\/argentina\/wp-json\/wp\/v2\/types\/post"}],"author":[{"embeddable":true,"href":"http:\/\/argentinamunicipal.com.ar\/argentina\/wp-json\/wp\/v2\/users\/2"}],"replies":[{"embeddable":true,"href":"http:\/\/argentinamunicipal.com.ar\/argentina\/wp-json\/wp\/v2\/comments?post=22623"}],"version-history":[{"count":0,"href":"http:\/\/argentinamunicipal.com.ar\/argentina\/wp-json\/wp\/v2\/posts\/22623\/revisions"}],"wp:featuredmedia":[{"embeddable":true,"href":"http:\/\/argentinamunicipal.com.ar\/argentina\/wp-json\/wp\/v2\/media\/22624"}],"wp:attachment":[{"href":"http:\/\/argentinamunicipal.com.ar\/argentina\/wp-json\/wp\/v2\/media?parent=22623"}],"wp:term":[{"taxonomy":"category","embeddable":true,"href":"http:\/\/argentinamunicipal.com.ar\/argentina\/wp-json\/wp\/v2\/categories?post=22623"},{"taxonomy":"post_tag","embeddable":true,"href":"http:\/\/argentinamunicipal.com.ar\/argentina\/wp-json\/wp\/v2\/tags?post=22623"}],"curies":[{"name":"wp","href":"https:\/\/api.w.org\/{rel}","templated":true}]}}