{"id":22643,"date":"2015-01-15T10:28:17","date_gmt":"2015-01-15T13:28:17","guid":{"rendered":"http:\/\/argentinamunicipal.com.ar\/argentina\/?p=22643"},"modified":"2015-01-15T10:28:17","modified_gmt":"2015-01-15T13:28:17","slug":"ahorro-de-energia-en-la-municipalidad-de-rafaela","status":"publish","type":"post","link":"http:\/\/argentinamunicipal.com.ar\/argentina\/ahorro-de-energia-en-la-municipalidad-de-rafaela\/","title":{"rendered":"Ahorro de energ\u00eda en la municipalidad de Rafaela"},"content":{"rendered":"<p><a href=\"http:\/\/argentinamunicipal.com.ar\/argentina\/wp-content\/uploads\/2015\/01\/96560_rafaela.jpg\"><img loading=\"lazy\" decoding=\"async\" class=\"alignright size-full wp-image-22644\" src=\"http:\/\/argentinamunicipal.com.ar\/argentina\/wp-content\/uploads\/2015\/01\/96560_rafaela.jpg\" alt=\"96560_rafaela\" width=\"544\" height=\"293\" srcset=\"http:\/\/argentinamunicipal.com.ar\/argentina\/wp-content\/uploads\/2015\/01\/96560_rafaela.jpg 544w, http:\/\/argentinamunicipal.com.ar\/argentina\/wp-content\/uploads\/2015\/01\/96560_rafaela-300x161.jpg 300w\" sizes=\"auto, (max-width: 544px) 100vw, 544px\" \/><\/a>El edificio municipal, ubicado en Moreno 8, \u00abes pionero en la adopci\u00f3n de medidas ambientales en materia de separaci\u00f3n de residuos, eficiencia y energ\u00edas alternativas, ahorro de agua y movilidad sustentable\u00bb, seg\u00fan valoraron desde el propio Estado local.<\/p>\n<p>\u00abLa gran mayor\u00eda de estas acciones se implementan a trav\u00e9s del programa Rafaela+Sustentable\u00bb.<\/p>\n<p>Prosiguieron relatando: \u00abdesde hace algunos a\u00f1os se trabaja en la implementaci\u00f3n de un plan de ahorro y mejora energ\u00e9tica\u00bb.<\/p>\n<p>\u00abA partir de una auditor\u00eda se implementaron una serie de medidas tendientes a reducir el consumo e incorporar energ\u00edas alternativas. En este sentido se construy\u00f3 en el a\u00f1o 2010 la terraza verde y se incorpor\u00f3 un colector solar t\u00e9rmico para proveer agua caliente\u00bb. En todo este tiempo, adem\u00e1s, se instalaron 31 sensores de movimiento para controlar el encendido y apagado de iluminaci\u00f3n de ba\u00f1os, zonas de descanso y escaleras.<\/p>\n<p>Todo \u00e9sto se evidencia en una baja notable en el consumo de energ\u00eda.<\/p>\n<p><strong>400 kgs. mensuales de papel<\/strong><\/p>\n<p>Se inform\u00f3 sobre la existencia en el palacio municipal de 11 urnas de recolecci\u00f3n de papel, distribuidas en todos los pisos. All\u00ed se depositan los papeles que luego se recogen y alcanzan los 400 kilos por mes.<\/p>\n<p>Una vez por semana personal de la Secretar\u00eda de Servicios P\u00fablicos retira el papel del edificio, as\u00ed como tambi\u00e9n en m\u00e1s de 130 empresas e instituciones de nuestra ciudad adheridos al Programa, todo el material recuperado, en promedio 14.000 kilogramos por mes de papel blanco, es donado a las Cooperativas de Recicladores Urbanos.<\/p>\n<p>Tambi\u00e9n se han incorporado 46 cestos de residuos diferenciados en recuperables y biodegradables en las oficinas y cocinas del edificio, para que cada uno, en su lugar de trabajo, separe los residuos, al igual que el 80% de los hogares de la ciudad.<\/p>\n<p><strong>Agua: 60 % menos<\/strong><\/p>\n<p>Hace poco m\u00e1s de dos a\u00f1os el edificio municipal fue la primera entidad en incorporarse a la campa\u00f1a de ahorro y uso racional de agua.<\/p>\n<p>Se revisaron las instalaciones y el estado de las mismas, luego de los resultados se propusieron una serie de acciones para solucionar problemas detectados.<\/p>\n<p>La mayor\u00eda de las recomendaciones ya fueron ejecutadas.<\/p>\n<p>Por ejemplo reparaci\u00f3n de filtraciones y p\u00e9rdidas de agua, colocaci\u00f3n de 15 canillas con pulsadores, instalaci\u00f3n de reductores de consumo de agua en cisternas de ba\u00f1os. \u00c9sto se vio claramente reflejado en la boleta de ASSA, se ha reducido un 60 por ciento el consumo del agua en Moreno 8.<\/p>\n<h6>Fuente: Sin Mordaza<\/h6>\n","protected":false},"excerpt":{"rendered":"<p>El edificio municipal, ubicado en Moreno 8, \u00abes pionero en la adopci\u00f3n de medidas ambientales en materia de separaci\u00f3n de residuos, eficiencia y energ\u00edas alternativas, ahorro de agua y movilidad sustentable\u00bb, seg\u00fan valoraron desde el propio Estado local. \u00abLa gran mayor\u00eda de estas acciones se implementan a trav\u00e9s del programa Rafaela+Sustentable\u00bb. Prosiguieron relatando: \u00abdesde hace<\/p>\n","protected":false},"author":2,"featured_media":22644,"comment_status":"closed","ping_status":"closed","sticky":false,"template":"","format":"standard","meta":{"footnotes":""},"categories":[2],"tags":[10],"class_list":["post-22643","post","type-post","status-publish","format-standard","has-post-thumbnail","hentry","category-informe-municipal","tag-santa-fe"],"_links":{"self":[{"href":"http:\/\/argentinamunicipal.com.ar\/argentina\/wp-json\/wp\/v2\/posts\/22643","targetHints":{"allow":["GET"]}}],"collection":[{"href":"http:\/\/argentinamunicipal.com.ar\/argentina\/wp-json\/wp\/v2\/posts"}],"about":[{"href":"http:\/\/argentinamunicipal.com.ar\/argentina\/wp-json\/wp\/v2\/types\/post"}],"author":[{"embeddable":true,"href":"http:\/\/argentinamunicipal.com.ar\/argentina\/wp-json\/wp\/v2\/users\/2"}],"replies":[{"embeddable":true,"href":"http:\/\/argentinamunicipal.com.ar\/argentina\/wp-json\/wp\/v2\/comments?post=22643"}],"version-history":[{"count":0,"href":"http:\/\/argentinamunicipal.com.ar\/argentina\/wp-json\/wp\/v2\/posts\/22643\/revisions"}],"wp:featuredmedia":[{"embeddable":true,"href":"http:\/\/argentinamunicipal.com.ar\/argentina\/wp-json\/wp\/v2\/media\/22644"}],"wp:attachment":[{"href":"http:\/\/argentinamunicipal.com.ar\/argentina\/wp-json\/wp\/v2\/media?parent=22643"}],"wp:term":[{"taxonomy":"category","embeddable":true,"href":"http:\/\/argentinamunicipal.com.ar\/argentina\/wp-json\/wp\/v2\/categories?post=22643"},{"taxonomy":"post_tag","embeddable":true,"href":"http:\/\/argentinamunicipal.com.ar\/argentina\/wp-json\/wp\/v2\/tags?post=22643"}],"curies":[{"name":"wp","href":"https:\/\/api.w.org\/{rel}","templated":true}]}}