{"id":22665,"date":"2015-01-17T08:23:15","date_gmt":"2015-01-17T11:23:15","guid":{"rendered":"http:\/\/argentinamunicipal.com.ar\/argentina\/?p=22665"},"modified":"2015-01-16T08:36:14","modified_gmt":"2015-01-16T11:36:14","slug":"el-banco-mundial-aprobo-un-proyecto-para-generar-oportunidades-de-empleo-en-el-pais","status":"publish","type":"post","link":"http:\/\/argentinamunicipal.com.ar\/argentina\/el-banco-mundial-aprobo-un-proyecto-para-generar-oportunidades-de-empleo-en-el-pais\/","title":{"rendered":"El Banco Mundial aprob\u00f3 un proyecto para generar oportunidades de empleo en el pa\u00eds"},"content":{"rendered":"<p><a href=\"http:\/\/argentinamunicipal.com.ar\/argentina\/wp-content\/uploads\/2015\/01\/13.1-Banco_Mundial_logo.jpg\"><img loading=\"lazy\" decoding=\"async\" class=\"aligncenter size-full wp-image-22668\" src=\"http:\/\/argentinamunicipal.com.ar\/argentina\/wp-content\/uploads\/2015\/01\/13.1-Banco_Mundial_logo.jpg\" alt=\"13.1-Banco_Mundial_logo\" width=\"635\" height=\"300\" srcset=\"http:\/\/argentinamunicipal.com.ar\/argentina\/wp-content\/uploads\/2015\/01\/13.1-Banco_Mundial_logo.jpg 635w, http:\/\/argentinamunicipal.com.ar\/argentina\/wp-content\/uploads\/2015\/01\/13.1-Banco_Mundial_logo-300x141.jpg 300w\" sizes=\"auto, (max-width: 635px) 100vw, 635px\" \/><\/a><\/p>\n<p>El proyecto se focalizar\u00e1 en las \u00e1reas de promoci\u00f3n de incorporaci\u00f3n de m\u00e1s j\u00f3venes a los servicios de orientaci\u00f3n y capacitaci\u00f3n; de consolidaci\u00f3n de la cobertura del Programa J\u00f3venes con M\u00e1s y Mejor Trabajo y del PROGRESAR y de fortalecimiento de la red de 630 oficinas de empleo en el pa\u00eds.<\/p>\n<p>El ministro de Trabajo, Carlos Tomada, rese\u00f1\u00f3 hoy que en 2008 se cre\u00f3 el Programa J\u00f3venes con M\u00e1s y Mejor Trabajo, al que adhirieron alrededor de 700.000 peresonas \u00abcon resultados muy satisfactorios\u00bb y, en 2014, se sum\u00f3 el PROGRESAR, \u00abuna iniciativa articulada por varias carteras del gobierno nacional\u00bb.<\/p>\n<p>\u00abEsa iniciativa produjo un aumento significativo de j\u00f3venes relacionados con las pol\u00edticas activas de empleo\u00bb de Trabajo.<\/p>\n<p>En ese sentido, expres\u00f3 que \u00abeste nuevo proyecto refuerza la senda elegida por el gobierno y, en esta d\u00e9cada, los j\u00f3venes mejoraron de forma notable su situaci\u00f3n frente al empleo\u00bb.<\/p>\n<p>\u00abSe pas\u00f3 de un 33 por ciento de desocupaci\u00f3n en 2003 a un 17,9 diez a\u00f1os despu\u00e9s. Queda mucho por hacer, pero este es el camino. Un camino con m\u00e1s integraci\u00f3n, educaci\u00f3n y trabajo\u00bb, agreg\u00f3.<\/p>\n<p>El primer componente del proyecto se orientar\u00e1 a promover la capacitaci\u00f3n de j\u00f3venes a trav\u00e9s de la Red de Formaci\u00f3n Continua. As\u00ed, se sumar\u00e1n los m\u00e1s de dos millones y medio de trabajadores capacitados en diversos oficios con cursos gratuitos y en articulaci\u00f3n con la demanda de sectores productivos estrat\u00e9gicos.<\/p>\n<p>Tambi\u00e9n se potenciar\u00e1n las instancias de orientaci\u00f3n laboral, identificaci\u00f3n del perfil profesional en el que decidan desempe\u00f1arse y certificaci\u00f3n de sus competencias laborales.<\/p>\n<p>La experiencia se\u00f1ala que la certificaci\u00f3n de saberes de los trabajadores los posiciona mejor en el \u00e1mbito laboral, a\u00f1adi\u00f3.<\/p>\n<p>El segundo componente procurar\u00e1 consolidar el PROGRESAR a trav\u00e9s de la cobertura del Programa J\u00f3venes con M\u00e1s y Mejor Trabajo para sumar 270.000 a las prestaciones que ofrece la iniciativa.<\/p>\n<p>El proyecto fortalecer\u00e1 la capacidad de las oficinas de empleo locales y se potenciar\u00e1 a la Red de Servicios de Empleo, que tiene 630 oficinas de empleo, cubre al 84 por ciento de los habitantes y asisti\u00f3 a unos dos millones de argentinos.<\/p>\n<p>A partir de 1992 los j\u00f3venes sufrieron un aumento constante del nivel de desocupaci\u00f3n, que alcanz\u00f3 el 37,8 por ciento en mayo de 2002, lo que se comenz\u00f3 a revertir en 2003, se\u00f1al\u00f3 Trabajo.<\/p>\n<p>Desde entonces se duplic\u00f3 la cantidad de puestos de trabajo ocupados por j\u00f3venes, y miles se sumaron en la d\u00e9cada al mercado laboral y fueron incluidos a trav\u00e9s del trabajo.<\/p>\n<p>\u00abEl Ministerio de Trabajo foment\u00f3 y acompa\u00f1\u00f3 ese proceso desde un comienzo\u00bb, concluy\u00f3 el comunicado de la cartera laboral.<\/p>\n<h6>T\u00e9lam<\/h6>\n","protected":false},"excerpt":{"rendered":"<p>El proyecto se focalizar\u00e1 en las \u00e1reas de promoci\u00f3n de incorporaci\u00f3n de m\u00e1s j\u00f3venes a los servicios de orientaci\u00f3n y capacitaci\u00f3n; de consolidaci\u00f3n de la cobertura del Programa J\u00f3venes con M\u00e1s y Mejor Trabajo y del PROGRESAR y de fortalecimiento de la red de 630 oficinas de empleo en el pa\u00eds. El ministro de Trabajo,<\/p>\n","protected":false},"author":1,"featured_media":22668,"comment_status":"closed","ping_status":"closed","sticky":false,"template":"","format":"standard","meta":{"footnotes":""},"categories":[8],"tags":[21],"class_list":["post-22665","post","type-post","status-publish","format-standard","has-post-thumbnail","hentry","category-informe-nacional","tag-argentina"],"_links":{"self":[{"href":"http:\/\/argentinamunicipal.com.ar\/argentina\/wp-json\/wp\/v2\/posts\/22665","targetHints":{"allow":["GET"]}}],"collection":[{"href":"http:\/\/argentinamunicipal.com.ar\/argentina\/wp-json\/wp\/v2\/posts"}],"about":[{"href":"http:\/\/argentinamunicipal.com.ar\/argentina\/wp-json\/wp\/v2\/types\/post"}],"author":[{"embeddable":true,"href":"http:\/\/argentinamunicipal.com.ar\/argentina\/wp-json\/wp\/v2\/users\/1"}],"replies":[{"embeddable":true,"href":"http:\/\/argentinamunicipal.com.ar\/argentina\/wp-json\/wp\/v2\/comments?post=22665"}],"version-history":[{"count":0,"href":"http:\/\/argentinamunicipal.com.ar\/argentina\/wp-json\/wp\/v2\/posts\/22665\/revisions"}],"wp:featuredmedia":[{"embeddable":true,"href":"http:\/\/argentinamunicipal.com.ar\/argentina\/wp-json\/wp\/v2\/media\/22668"}],"wp:attachment":[{"href":"http:\/\/argentinamunicipal.com.ar\/argentina\/wp-json\/wp\/v2\/media?parent=22665"}],"wp:term":[{"taxonomy":"category","embeddable":true,"href":"http:\/\/argentinamunicipal.com.ar\/argentina\/wp-json\/wp\/v2\/categories?post=22665"},{"taxonomy":"post_tag","embeddable":true,"href":"http:\/\/argentinamunicipal.com.ar\/argentina\/wp-json\/wp\/v2\/tags?post=22665"}],"curies":[{"name":"wp","href":"https:\/\/api.w.org\/{rel}","templated":true}]}}