{"id":22723,"date":"2015-01-16T09:44:51","date_gmt":"2015-01-16T12:44:51","guid":{"rendered":"http:\/\/argentinamunicipal.com.ar\/argentina\/?p=22723"},"modified":"2015-01-16T09:44:51","modified_gmt":"2015-01-16T12:44:51","slug":"estados-unidos-relaja-el-embargo-que-mantuvo-durante-50-anos-contra-cuba","status":"publish","type":"post","link":"http:\/\/argentinamunicipal.com.ar\/argentina\/estados-unidos-relaja-el-embargo-que-mantuvo-durante-50-anos-contra-cuba\/","title":{"rendered":"Estados Unidos relaja el embargo que mantuvo durante 50 a\u00f1os contra Cuba"},"content":{"rendered":"<div id=\"attachment_22724\" style=\"width: 631px\" class=\"wp-caption aligncenter\"><a href=\"http:\/\/argentinamunicipal.com.ar\/argentina\/wp-content\/uploads\/2015\/01\/01-16-em2501-ap.jpg_88717827.jpg\"><img loading=\"lazy\" decoding=\"async\" aria-describedby=\"caption-attachment-22724\" class=\"wp-image-22724 size-full\" src=\"http:\/\/argentinamunicipal.com.ar\/argentina\/wp-content\/uploads\/2015\/01\/01-16-em2501-ap.jpg_88717827.jpg\" alt=\"01-16-em2501--ap.jpg_88717827\" width=\"621\" height=\"465\" srcset=\"http:\/\/argentinamunicipal.com.ar\/argentina\/wp-content\/uploads\/2015\/01\/01-16-em2501-ap.jpg_88717827.jpg 621w, http:\/\/argentinamunicipal.com.ar\/argentina\/wp-content\/uploads\/2015\/01\/01-16-em2501-ap.jpg_88717827-300x224.jpg 300w\" sizes=\"auto, (max-width: 621px) 100vw, 621px\" \/><\/a><p id=\"caption-attachment-22724\" class=\"wp-caption-text\">Las banderas de los dos pa\u00edses en un auto cubano que transitaba ayer por La Habana.<\/p><\/div>\n<p>Medidas hist\u00f3ricas para la relaci\u00f3n. Desde hoy comienzan a regir medidas que levantan ciertas restricciones para el comercio, la inversi\u00f3n y los viajes a la isla.<\/p>\n<p>Estados Unidos relajar\u00e1 formalmente a partir de hoy el embargo que existe contra Cuba desde hace m\u00e1s de 50 a\u00f1os, tras anunciar el levantamiento de ciertas restricciones para el comercio, la inversi\u00f3n y los viajes a la isla, en el marco del restablecimiento de las relaciones entre ambos pa\u00edses. La medida es parte del acuerdo alcanzado entre ambos pa\u00edses el pasado 17 de diciembre.<\/p>\n<p>El Departamento del Tesoro anunci\u00f3, entre otras medidas, que facilitar\u00e1 los viajes de ciertas categor\u00edas de estadounidenses a Cuba y permitir\u00e1 a estos ciudadanos usar tarjetas de cr\u00e9dito y d\u00e9bito de bancos estadounidenses en la isla.<\/p>\n<p>Los estadounidenses que entran en alguna de las 12 categor\u00edas existentes autorizadas a viajar a la isla por la ley actual no necesitar\u00e1n pedir un permiso. Entre esas categor\u00edas destacan las visitas familiares, los periodistas, los funcionarios del gobierno, las actividades religiosas, de apoyo al pueblo cubano y los proyectos humanitarios.<\/p>\n<p>A los estadounidenses autorizados a viajar a Cuba se les permitir\u00e1 importar 400 d\u00f3lares en bienes desde la isla, de los cuales \u201cno m\u00e1s de 100 d\u00f3lares pueden consistir en productos de tabaco y alcohol combinados\u201d, precis\u00f3 el Departamento de Tesoro.<\/p>\n<p>Washington permitir\u00e1 la venta o donaci\u00f3n de equipos de telecomunicaciones, tel\u00e9fonos m\u00f3viles, televisores y equipos inform\u00e1ticos para facilitar la comunicaci\u00f3n de los cubanos.<\/p>\n<p>Estados Unidos aumentar\u00e1 de 500 a 2.000 d\u00f3lares por trimestre las remesas de donativos para ciudadanos cubanos, sin embargo, quedar\u00e1n excluidos ciertos funcionarios del gobierno o del partido comunista, precis\u00f3 el Departamento del Tesoro.<\/p>\n<p>Tambi\u00e9n se permitir\u00e1 que las instituciones financieras de Estados Unidos abran cuentas en Cuba para facilitar el procesamiento de transacciones autorizadas. Las nuevas regulaciones deber\u00edan entrar en vigor hoy. Estas enmiendas anunciadas ayer no supondr\u00e1n el levantamiento total del embargo econ\u00f3mico y comercial a Cuba, ya que s\u00f3lo el Congreso de Estados Unidos puede aprobar esa medida.<\/p>\n<p>\u201cCreemos firmemente que permitir un aumento de los viajes, el comercio y el flujo de informaci\u00f3n desde y hacia Cuba permitir\u00eda a Estados Unidos avanzar mejor nuestros intereses y mejorar la vida de los cubanos comunes y corrientes\u201d, se\u00f1al\u00f3 el portavoz de la Casa Blanca, Josh Earnest.<\/p>\n<p>Earnest consider\u00f3 que la pol\u00edtica de aislamiento que Washington hab\u00eda mantenido hacia la isla durante 50 a\u00f1os \u201cno ha funcionado\u201d. La Casa Blanca cree que \u201cla mejor manera de apoyar a nuestros intereses y nuestros valores es a trav\u00e9s de la apertura en lugar del aislamiento\u201d.<\/p>\n<p>Penny Pritzer, secretaria de Comercio de Estados Unidos, dijo a trav\u00e9s de su cuenta de Twitter sentirse \u201cemocionada de anunciar el primer paso hacia la expansi\u00f3n de la participaci\u00f3n econ\u00f3mica con Cuba\u201d.<\/p>\n<p>El congresista dem\u00f3crata Bobby Rush present\u00f3 esta semana un proyecto de ley en la C\u00e1mara de Representantes para levantar el embargo comercial a Cuba. Todav\u00eda es muy pronto para determinar si este proyecto de ley podr\u00e1 ser aprobado por el Congreso, ya que para convertirse en ley ambas c\u00e1maras deber\u00edan dar luz verde a la legislaci\u00f3n y ser firmado por el presidente.<\/p>\n<p>El congresista de Illinois encontrar\u00e1 oposici\u00f3n en la C\u00e1mara de Representantes, sobre todo por parte de congresistas republicanos de origen cubano, que se oponen a cualquier concesi\u00f3n a los hermanos Castro. Los republicanos tienen actualmente mayor\u00eda en ambas c\u00e1maras, como consecuencia de las elecciones legislativas del pasado noviembre.<\/p>\n<p>En tanto, Ric Herrero, director ejecutivo de la organizaci\u00f3n liderada por j\u00f3venes cubano-estadounidenses #CubaNow, aplaudi\u00f3 las medidas anunciadas por la administraci\u00f3n de Barack Obama.<\/p>\n<p>Herrero consider\u00f3 que estos cambios suponen \u201cun paso decisivo para quitar las burocracias gubernamentales del camino y empoderar a las personas para que se conviertan en catalizadores de un cambio significativo en Cuba\u201d.<\/p>\n<p>Los nuevos cambios anunciados fueron criticados con dureza por los legisladores de origen cubano.<\/p>\n<p>El senador republicano Marco Rubio consider\u00f3 que las medidas anunciadas por la administraci\u00f3n Obama s\u00f3lo servir\u00e1n para \u201cenriquecer a un tirano y su r\u00e9gimen\u201d.<\/p>\n<h6>Fuente: La Capital, Rosario<\/h6>\n","protected":false},"excerpt":{"rendered":"<p>Medidas hist\u00f3ricas para la relaci\u00f3n. Desde hoy comienzan a regir medidas que levantan ciertas restricciones para el comercio, la inversi\u00f3n y los viajes a la isla. Estados Unidos relajar\u00e1 formalmente a partir de hoy el embargo que existe contra Cuba desde hace m\u00e1s de 50 a\u00f1os, tras anunciar el levantamiento de ciertas restricciones para el<\/p>\n","protected":false},"author":2,"featured_media":22724,"comment_status":"closed","ping_status":"closed","sticky":false,"template":"","format":"standard","meta":{"footnotes":""},"categories":[22],"tags":[57],"class_list":["post-22723","post","type-post","status-publish","format-standard","has-post-thumbnail","hentry","category-el-mundo","tag-el-mundo"],"_links":{"self":[{"href":"http:\/\/argentinamunicipal.com.ar\/argentina\/wp-json\/wp\/v2\/posts\/22723","targetHints":{"allow":["GET"]}}],"collection":[{"href":"http:\/\/argentinamunicipal.com.ar\/argentina\/wp-json\/wp\/v2\/posts"}],"about":[{"href":"http:\/\/argentinamunicipal.com.ar\/argentina\/wp-json\/wp\/v2\/types\/post"}],"author":[{"embeddable":true,"href":"http:\/\/argentinamunicipal.com.ar\/argentina\/wp-json\/wp\/v2\/users\/2"}],"replies":[{"embeddable":true,"href":"http:\/\/argentinamunicipal.com.ar\/argentina\/wp-json\/wp\/v2\/comments?post=22723"}],"version-history":[{"count":0,"href":"http:\/\/argentinamunicipal.com.ar\/argentina\/wp-json\/wp\/v2\/posts\/22723\/revisions"}],"wp:featuredmedia":[{"embeddable":true,"href":"http:\/\/argentinamunicipal.com.ar\/argentina\/wp-json\/wp\/v2\/media\/22724"}],"wp:attachment":[{"href":"http:\/\/argentinamunicipal.com.ar\/argentina\/wp-json\/wp\/v2\/media?parent=22723"}],"wp:term":[{"taxonomy":"category","embeddable":true,"href":"http:\/\/argentinamunicipal.com.ar\/argentina\/wp-json\/wp\/v2\/categories?post=22723"},{"taxonomy":"post_tag","embeddable":true,"href":"http:\/\/argentinamunicipal.com.ar\/argentina\/wp-json\/wp\/v2\/tags?post=22723"}],"curies":[{"name":"wp","href":"https:\/\/api.w.org\/{rel}","templated":true}]}}