{"id":22797,"date":"2015-01-17T11:16:33","date_gmt":"2015-01-17T14:16:33","guid":{"rendered":"http:\/\/argentinamunicipal.com.ar\/argentina\/?p=22797"},"modified":"2015-01-17T11:16:33","modified_gmt":"2015-01-17T14:16:33","slug":"francisco-es-un-deber-escuchar-la-voz-de-los-pobres","status":"publish","type":"post","link":"http:\/\/argentinamunicipal.com.ar\/argentina\/francisco-es-un-deber-escuchar-la-voz-de-los-pobres\/","title":{"rendered":"Francisco: Es un deber escuchar la voz de los pobres"},"content":{"rendered":"<p><a href=\"http:\/\/argentinamunicipal.com.ar\/argentina\/wp-content\/uploads\/2015\/01\/LYNXMPEB0E0FB_L.jpg\"><img loading=\"lazy\" decoding=\"async\" class=\"aligncenter  wp-image-22798\" src=\"http:\/\/argentinamunicipal.com.ar\/argentina\/wp-content\/uploads\/2015\/01\/LYNXMPEB0E0FB_L.jpg\" alt=\"El Papa Francisco llega a Filipinas en medio de un intenso operativo de seguridad\" width=\"687\" height=\"491\" srcset=\"http:\/\/argentinamunicipal.com.ar\/argentina\/wp-content\/uploads\/2015\/01\/LYNXMPEB0E0FB_L.jpg 800w, http:\/\/argentinamunicipal.com.ar\/argentina\/wp-content\/uploads\/2015\/01\/LYNXMPEB0E0FB_L-300x214.jpg 300w\" sizes=\"auto, (max-width: 687px) 100vw, 687px\" \/><\/a><br \/>\nEl Papa pidi\u00f3 a l\u00edderes filipinos que rechacen la corrupci\u00f3n. Visit\u00f3 a chicos salvados de la calle. \u00a0El Vaticano aclar\u00f3 que el Pont\u00edfice no justific\u00f3 la violencia en sus declaraciones.<\/p>\n<p>Manila. En su primer d\u00eda de actos en Filipinas, el papa Francisco record\u00f3 ayer en el discurso que pronunci\u00f3 durante el encuentro con el presidente de ese pa\u00eds asi\u00e1tico, Benigno Aquino, que es un \u201cdeber escuchar la voz de los pobres y romper las cadenas de la injusticia\u201d.<\/p>\n<p>Su mensaje fue escuchado por alrededor de 350 personas, fundamentalmente autoridades y cuerpo diplom\u00e1tico, en la Sala de ceremonias Rizal del palacio presidencial, en Manila.<\/p>\n<p>El Papa, que ya hab\u00eda anunciado que el tema central de su viaje a Filipinas ser\u00eda el de los pobres, se\u00f1al\u00f3 que \u201cpara realizar las reformas de las estructuras sociales que perpet\u00faan la pobreza y la exclusi\u00f3n de los pobres, lo que se debe hacer en primer lugar es la conversi\u00f3n de la mente y el coraz\u00f3n\u201d.<\/p>\n<p>Francisco alab\u00f3 la petici\u00f3n de los obispos filipinos de pedir que este a\u00f1o sea proclamado \u201cel a\u00f1o de los pobres\u201d.<\/p>\n<p>Para Francisco, \u201cFilipinas, junto con muchos otros pa\u00edses de Asia, se enfrenta al reto de construir sobre bases s\u00f3lidas una sociedad moderna, una sociedad respetuosa de los aut\u00e9nticos valores humanos\u201d.<\/p>\n<p>El presidente Aquino, por su parte, calific\u00f3 a Francisco, quien lleg\u00f3 el jueves al pa\u00eds, como un l\u00edder unificador y dedicado a defender a los oprimidos y marginados.<\/p>\n<p>Con los m\u00e1s chicos<\/p>\n<p>M\u00e1s tarde, durante un encuentro con familias, en las que tambi\u00e9n utiliz\u00f3 el castellano, el Papa revel\u00f3 que qued\u00f3 conmovido durante su visita a la casa de acogida en la que encontr\u00f3 en Manila a unos 300 ni\u00f1os salvados de la calle.<\/p>\n<p>\u201cMe he quedado conmovido, cuando tras la misa visit\u00e9 a los ni\u00f1os solos, sin familia. \u00a1Cu\u00e1nta gente trabaja en la Iglesia para que tengan una familia estos ni\u00f1os!\u201d, explic\u00f3 durante un encuentro con las familias que celebr\u00f3 en un Palacio de Deportes.<\/p>\n<p>El m\u00e1ximo dignatario de la Iglesia Cat\u00f3lica se refer\u00eda a la asociaci\u00f3n Ank-Tnk, que se hace cargo de ni\u00f1os de entre 6 y 10 a\u00f1os abandonados en la calle, chicos a muchos de los cuales Francisco abraz\u00f3 e incluso sent\u00f3 en sus rodillas.<\/p>\n<p><strong>Aclaraci\u00f3n vaticana<\/strong><\/p>\n<p>El vocero de la oficina de prensa del Vaticano, Federico Lombardi, dijo ayer que Francisco no justific\u00f3 la violencia en sus declaraciones del jueves sobre la libertad de expresi\u00f3n.<\/p>\n<p>\u201cEvidentemente, no es que el Papa quisiera decir que justifica la violencia. Hablaba de una reacci\u00f3n espont\u00e1nea que se puede sentir y que, de hecho, uno siente, cuando es ofendido profundamente\u201d, dijo Lombardi a la prensa en Manila.<\/p>\n<p>Lombardi se refer\u00eda a las palabras del Pont\u00edfice, quien al ser preguntado por la libertad de expresi\u00f3n, contest\u00f3 en el avi\u00f3n que lo llev\u00f3 de Sri Lanka a Filipinas que no se puede ofender, ni burlarse de las religiones.<\/p>\n<p>Y puso un ejemplo: \u201cNo se puede reaccionar violentamente, pero si Gasbarri (uno de sus colaboradores que iban junto a \u00e9l en el avi\u00f3n), gran amigo, dice una mala palabra de mi mam\u00e1, puede esperarse un pu\u00f1etazo. \u00a1Es normal!\u201d, se\u00f1al\u00f3 en la rueda de prensa.<\/p>\n<h6>Fuente: La Voz del Interior<\/h6>\n","protected":false},"excerpt":{"rendered":"<p>El Papa pidi\u00f3 a l\u00edderes filipinos que rechacen la corrupci\u00f3n. Visit\u00f3 a chicos salvados de la calle. \u00a0El Vaticano aclar\u00f3 que el Pont\u00edfice no justific\u00f3 la violencia en sus declaraciones. Manila. En su primer d\u00eda de actos en Filipinas, el papa Francisco record\u00f3 ayer en el discurso que pronunci\u00f3 durante el encuentro con el presidente<\/p>\n","protected":false},"author":2,"featured_media":22798,"comment_status":"closed","ping_status":"closed","sticky":false,"template":"","format":"standard","meta":{"footnotes":""},"categories":[22],"tags":[57],"class_list":["post-22797","post","type-post","status-publish","format-standard","has-post-thumbnail","hentry","category-el-mundo","tag-el-mundo"],"_links":{"self":[{"href":"http:\/\/argentinamunicipal.com.ar\/argentina\/wp-json\/wp\/v2\/posts\/22797","targetHints":{"allow":["GET"]}}],"collection":[{"href":"http:\/\/argentinamunicipal.com.ar\/argentina\/wp-json\/wp\/v2\/posts"}],"about":[{"href":"http:\/\/argentinamunicipal.com.ar\/argentina\/wp-json\/wp\/v2\/types\/post"}],"author":[{"embeddable":true,"href":"http:\/\/argentinamunicipal.com.ar\/argentina\/wp-json\/wp\/v2\/users\/2"}],"replies":[{"embeddable":true,"href":"http:\/\/argentinamunicipal.com.ar\/argentina\/wp-json\/wp\/v2\/comments?post=22797"}],"version-history":[{"count":0,"href":"http:\/\/argentinamunicipal.com.ar\/argentina\/wp-json\/wp\/v2\/posts\/22797\/revisions"}],"wp:featuredmedia":[{"embeddable":true,"href":"http:\/\/argentinamunicipal.com.ar\/argentina\/wp-json\/wp\/v2\/media\/22798"}],"wp:attachment":[{"href":"http:\/\/argentinamunicipal.com.ar\/argentina\/wp-json\/wp\/v2\/media?parent=22797"}],"wp:term":[{"taxonomy":"category","embeddable":true,"href":"http:\/\/argentinamunicipal.com.ar\/argentina\/wp-json\/wp\/v2\/categories?post=22797"},{"taxonomy":"post_tag","embeddable":true,"href":"http:\/\/argentinamunicipal.com.ar\/argentina\/wp-json\/wp\/v2\/tags?post=22797"}],"curies":[{"name":"wp","href":"https:\/\/api.w.org\/{rel}","templated":true}]}}