{"id":22825,"date":"2015-01-19T09:36:45","date_gmt":"2015-01-19T12:36:45","guid":{"rendered":"http:\/\/argentinamunicipal.com.ar\/argentina\/?p=22825"},"modified":"2015-01-19T09:36:45","modified_gmt":"2015-01-19T12:36:45","slug":"el-papa-francisco-celebro-la-misa-mas-multitudinaria-de-la-historia","status":"publish","type":"post","link":"http:\/\/argentinamunicipal.com.ar\/argentina\/el-papa-francisco-celebro-la-misa-mas-multitudinaria-de-la-historia\/","title":{"rendered":"El papa Francisco celebr\u00f3 la misa m\u00e1s multitudinaria de la historia"},"content":{"rendered":"<div id=\"attachment_22826\" style=\"width: 653px\" class=\"wp-caption aligncenter\"><a href=\"http:\/\/argentinamunicipal.com.ar\/argentina\/wp-content\/uploads\/2015\/01\/image54bc76f2d51537.31859915.jpg\"><img loading=\"lazy\" decoding=\"async\" aria-describedby=\"caption-attachment-22826\" class=\" wp-image-22826\" src=\"http:\/\/argentinamunicipal.com.ar\/argentina\/wp-content\/uploads\/2015\/01\/image54bc76f2d51537.31859915.jpg\" alt=\"El papa Francisco logr\u00f3 reunir a 6 millones de fieles cat\u00f3licos, una cifra nunca lograda en el mundo, en su misa dominical de despedida de Filipinas\" width=\"643\" height=\"430\" srcset=\"http:\/\/argentinamunicipal.com.ar\/argentina\/wp-content\/uploads\/2015\/01\/image54bc76f2d51537.31859915.jpg 1905w, http:\/\/argentinamunicipal.com.ar\/argentina\/wp-content\/uploads\/2015\/01\/image54bc76f2d51537.31859915-300x200.jpg 300w, http:\/\/argentinamunicipal.com.ar\/argentina\/wp-content\/uploads\/2015\/01\/image54bc76f2d51537.31859915-1024x685.jpg 1024w\" sizes=\"auto, (max-width: 643px) 100vw, 643px\" \/><\/a><p id=\"caption-attachment-22826\" class=\"wp-caption-text\">El papa Francisco logr\u00f3 reunir a 6 millones de fieles cat\u00f3licos, una cifra nunca lograda en el mundo, en su misa dominical de despedida de Filipinas<\/p><\/div>\n<p>En su despedida de Filipinas, Francisco ofici\u00f3 una ceremonia para una cifra de personas nunca antes reunida en un acto cat\u00f3lico. El r\u00e9cord mundial anterior lo ten\u00eda Juan Pablo II, que en 1995 convoc\u00f3 a 5 millones tambi\u00e9n en Manila. Mensaje a los ni\u00f1os y los pobres.<\/p>\n<p>El papa Francisco reuni\u00f3 a seis millones de personas el domingo bajo la lluvia en Manila, un r\u00e9cord mundial para una misa papal, en la que envi\u00f3 un poderoso mensaje a los pobres al final de su gira por Asia.<\/p>\n<p>\u201cTenemos seis millones\u201d de personas, anunci\u00f3 el presidente de la Autoridad de Desarrollo de Manila, Francis Tolentino. De esta forma, la participaci\u00f3n super\u00f3 el \u00faltimo r\u00e9cord, registrado tambi\u00e9n en Filipinas en 1995 para una misa del papa Juan Pablo II, a la que acudieron cinco millones.<\/p>\n<p>En su homil\u00eda, el Papa evoc\u00f3 al Santo Ni\u00f1o Jes\u00fas, muy venerado en Filipinas. \u201cQue el Santo Ni\u00f1o pueda continuar bendiciendo a Filipinas y apoyando a los cristianos de esta gran naci\u00f3n en su vocaci\u00f3n de ser testigos y misionarios de la alegr\u00eda del Evangelio en Asia y todo el mundo\u201d, dijo ante la muchedumbre.<\/p>\n<p>\u201cFilipinas es el principal pa\u00eds cat\u00f3lico en Asia. Es un don de Dios, una bendici\u00f3n, pero tambi\u00e9n una vocaci\u00f3n. Los filipinos fueron llamados a ser misioneros de la fe en Asia\u201d, a\u00f1adi\u00f3.<\/p>\n<p>Tambi\u00e9n habl\u00f3 contra la \u201cpobreza, la ignorancia y la corrupci\u00f3n\u201d, un tema al que ha recurrido con frecuencia durante su visita a Filipinas. Alrededor de 25 millones de filipinos, es decir, un cuarto de la poblaci\u00f3n, vive con 60 centavos de d\u00f3lar al d\u00eda o menos, seg\u00fan datos oficiales.<\/p>\n<p>A pesar de la lluvia, miles de personas empezaron a reunirse horas antes de que Francisco, de 78 a\u00f1os, llegara a un parque junto a la bah\u00eda de Manila a bordo de un papam\u00f3vil en forma de \u201cjeepney\u201d, los famosos minibuses filipinos.<\/p>\n<p>Vestido con un impermeable amarillo, el Papa sonri\u00f3 y salud\u00f3 a la muchedumbre y se detuvo varias veces para besar a los beb\u00e9s que le acercaban. Luego lleg\u00f3 al estrado para una misa de unas dos horas.<\/p>\n<p>Filipinas es el principal basti\u00f3n cat\u00f3lico en Asia, donde 80% de los 100 millones de habitantes del pa\u00eds, una antigua colonia espa\u00f1ola, practican un catolicismo ferviente.<\/p>\n<p>\u201cSomos devotos del papa\u201d, dijo Bernie Nacario, de 53 a\u00f1os, que vino a Rizal Park, donde se celebr\u00f3 la misa, con su mujer y su dos hijos peque\u00f1os.<\/p>\n<p>\u201cEl Papa es un instrumento del Se\u00f1or y si consigues comunicarte con \u00e9l es como hablar con el mismo Dios\u201d, explic\u00f3 Nacario, y asegur\u00f3 que su dolor artr\u00edtico le hab\u00eda desaparecido ayer mismo \u201ccomo si Dios me hubiera escuchado y me hubiera curado\u201d.<\/p>\n<h3>Con los ni\u00f1os de la calle<\/h3>\n<p>Antes de la misa, el Papa se reuni\u00f3 con algunos ni\u00f1os de la calle que fueron recogidos por la iglesia cat\u00f3lica, como Glyzelle Palomar, una chica de 12 a\u00f1os que pregunt\u00f3 sollozando al Papa por qu\u00e9 Dios deja que los ni\u00f1os caigan en la droga y la prostituci\u00f3n.<\/p>\n<p>\u201cEs la \u00fanica que pregunt\u00f3 algo que no tiene respuesta y que no sab\u00eda expresar en palabras sino con sollozos\u201d, dijo el Papa tras un largo abrazo a la ni\u00f1a.<\/p>\n<p>Antes de llegar a Filipinas el jueves, Francisco estuvo dos d\u00edas en Sri Lanka. Se trata de su segundo viaje a Asia en cinco meses, una manera de reconocer la importancia en este continente para la iglesia cat\u00f3lica, que est\u00e1 perdiendo adeptos en otros lugares del mundo como Europa o Estados Unidos.<\/p>\n<p>Tambi\u00e9n se trata de la cuarta visita de un Papa a Filipinas, donde los pont\u00edfices han sido siempre acogidos con un fervor extraordinario.<\/p>\n<p>Para la llegada de Francisco las autoridades filipinas pusieron en marcha un enorme dispositivo de seguridad con cerca de 40.000 soldados y polic\u00edas desplegados en la zona.<\/p>\n<p>\u201cNos enfrentamos a un mar de fe\u201d, dijo Leonardo Espina, el jefe de la polic\u00eda.<\/p>\n<p>La visita del pont\u00edfice se vio afectada por el mal tiempo, y el s\u00e1bado tuvo que acortar su visita a la isla de Leyte, donde iba a reunirse con los supervivientes del tif\u00f3n Haiyan, que en 2013 dej\u00f3 m\u00e1s 7.350 muertos.<\/p>\n<p>\u201cLes pido perd\u00f3n\u201d, dijo el Papa, anunciando que deb\u00eda marcharse r\u00e1pidamente. \u201cMe pone triste, de verdad\u201d, repiti\u00f3 antes de volver al aeropuerto.<\/p>\n<p><strong>Smartphones y tablets<\/strong><\/p>\n<p>Fue una escena que se repiti\u00f3 incontablemente durante la visita del Papa a Filipinas, desde las veredas que trazan el recorrido de su caravana hasta la sagrada catedral de Manila: brazos estirados al mismo tiempo, sosteniendo smartphones y tabletas para capturar el momento.<\/p>\n<p>En la catedral de la hist\u00f3rica ciudad amurallada de Manila, esto dio a una escena tradicional un toque del siglo XXI. Francisco y su procesi\u00f3n caminaron hacia el altar entre un mar de obispos, sacerdotes, monjas y religiosos vestidos de blanco, muchos sosteniendo sus tel\u00e9fonos y tabletas. En las calles, todos revisaban sus dispositivos para ver si hab\u00edan capturado al Papa.<\/p>\n","protected":false},"excerpt":{"rendered":"<p>En su despedida de Filipinas, Francisco ofici\u00f3 una ceremonia para una cifra de personas nunca antes reunida en un acto cat\u00f3lico. El r\u00e9cord mundial anterior lo ten\u00eda Juan Pablo II, que en 1995 convoc\u00f3 a 5 millones tambi\u00e9n en Manila. Mensaje a los ni\u00f1os y los pobres. El papa Francisco reuni\u00f3 a seis millones de<\/p>\n","protected":false},"author":2,"featured_media":22826,"comment_status":"closed","ping_status":"closed","sticky":false,"template":"","format":"standard","meta":{"footnotes":""},"categories":[22],"tags":[57],"class_list":["post-22825","post","type-post","status-publish","format-standard","has-post-thumbnail","hentry","category-el-mundo","tag-el-mundo"],"_links":{"self":[{"href":"http:\/\/argentinamunicipal.com.ar\/argentina\/wp-json\/wp\/v2\/posts\/22825","targetHints":{"allow":["GET"]}}],"collection":[{"href":"http:\/\/argentinamunicipal.com.ar\/argentina\/wp-json\/wp\/v2\/posts"}],"about":[{"href":"http:\/\/argentinamunicipal.com.ar\/argentina\/wp-json\/wp\/v2\/types\/post"}],"author":[{"embeddable":true,"href":"http:\/\/argentinamunicipal.com.ar\/argentina\/wp-json\/wp\/v2\/users\/2"}],"replies":[{"embeddable":true,"href":"http:\/\/argentinamunicipal.com.ar\/argentina\/wp-json\/wp\/v2\/comments?post=22825"}],"version-history":[{"count":0,"href":"http:\/\/argentinamunicipal.com.ar\/argentina\/wp-json\/wp\/v2\/posts\/22825\/revisions"}],"wp:featuredmedia":[{"embeddable":true,"href":"http:\/\/argentinamunicipal.com.ar\/argentina\/wp-json\/wp\/v2\/media\/22826"}],"wp:attachment":[{"href":"http:\/\/argentinamunicipal.com.ar\/argentina\/wp-json\/wp\/v2\/media?parent=22825"}],"wp:term":[{"taxonomy":"category","embeddable":true,"href":"http:\/\/argentinamunicipal.com.ar\/argentina\/wp-json\/wp\/v2\/categories?post=22825"},{"taxonomy":"post_tag","embeddable":true,"href":"http:\/\/argentinamunicipal.com.ar\/argentina\/wp-json\/wp\/v2\/tags?post=22825"}],"curies":[{"name":"wp","href":"https:\/\/api.w.org\/{rel}","templated":true}]}}