{"id":22861,"date":"2015-01-19T08:20:49","date_gmt":"2015-01-19T11:20:49","guid":{"rendered":"http:\/\/argentinamunicipal.com.ar\/argentina\/?p=22861"},"modified":"2015-01-19T11:09:58","modified_gmt":"2015-01-19T14:09:58","slug":"rosario-crecera-el-numero-de-concejales-y-cambian-las-estrategias-electorales","status":"publish","type":"post","link":"http:\/\/argentinamunicipal.com.ar\/argentina\/rosario-crecera-el-numero-de-concejales-y-cambian-las-estrategias-electorales\/","title":{"rendered":"Rosario: Crecer\u00e1 el n\u00famero de concejales y cambian las estrategias electorales"},"content":{"rendered":"<div id=\"attachment_22862\" style=\"width: 631px\" class=\"wp-caption aligncenter\"><a href=\"http:\/\/argentinamunicipal.com.ar\/argentina\/wp-content\/uploads\/2015\/01\/pot1001-Rodrxguez_Moreno.jpg_88717827.jpg\"><img loading=\"lazy\" decoding=\"async\" aria-describedby=\"caption-attachment-22862\" class=\"size-full wp-image-22862\" src=\"http:\/\/argentinamunicipal.com.ar\/argentina\/wp-content\/uploads\/2015\/01\/pot1001-Rodrxguez_Moreno.jpg_88717827.jpg\" alt=\"En 2002 se redujo de 42 a 22 el n\u00famero de ediles. Desde el 10 de diciembre de 2015 ser\u00e1n 28.\" width=\"621\" height=\"465\" srcset=\"http:\/\/argentinamunicipal.com.ar\/argentina\/wp-content\/uploads\/2015\/01\/pot1001-Rodrxguez_Moreno.jpg_88717827.jpg 621w, http:\/\/argentinamunicipal.com.ar\/argentina\/wp-content\/uploads\/2015\/01\/pot1001-Rodrxguez_Moreno.jpg_88717827-300x224.jpg 300w\" sizes=\"auto, (max-width: 621px) 100vw, 621px\" \/><\/a><p id=\"caption-attachment-22862\" class=\"wp-caption-text\">En 2002 se redujo de 42 a 22 el n\u00famero de ediles. Desde el 10 de diciembre de 2015 ser\u00e1n 28.<\/p><\/div>\n<p>Este a\u00f1o se elegir\u00e1n 15 ediles. El cuerpo deliberativo alcanzar\u00e1 as\u00ed las 28 bancas, cuatro m\u00e1s que las que posee actualmente. El incremento podr\u00eda permitir el ingreso de nuevas minor\u00edas.<\/p>\n<p>El Concejo Municipal de Rosario ser\u00e1 escenario en 2015 de una elecci\u00f3n trascendente y at\u00edpica, ya que se completar\u00e1 el aumento de bancas previsto en la ley de 2011 que establece la proporcionalidad de ediles con los habitantes de la ciudad. De acuerdo a los datos del censo 2010, a Rosario le corresponden 28 concejales y esto implica que en los pr\u00f3ximos comicios habr\u00e1 15 esca\u00f1os en juego, dos m\u00e1s que en 2013 y cuatro m\u00e1s que en 2011. As\u00ed, se reconfigurar\u00e1 el balance de fuerzas con la posibilidad de que minor\u00edas que antes quedaban afuera, ahora puedan ingresar al Palacio Vasallo.<\/p>\n<p>Bajo el clamor de las cacerolas y el \u00abque se vayan todos\u00bb, en 2002 el entonces ministro de Gobierno de Carlos Reutemann, Esteban Borgonovo, impuls\u00f3 una ley que tom\u00f3 su nombre y redujo dr\u00e1sticamente el n\u00famero de concejales de Rosario: de 42 pas\u00f3 a 22. En 2011, el diputado radical Leonardo Simoniello impuls\u00f3 una ley establece que las ciudades de primera categor\u00eda como Rosario y Santa Fe tendr\u00e1n 13 concejales (de piso) y que se agregar\u00eda uno por cada 50 mil habitantes o fracci\u00f3n no inferior a 30 mil.<\/p>\n<p>Esta norma se comenz\u00f3 a aplicar en las elecciones de 2013 cuando terminaron su mandato 11 ediles y lo iniciaron 13, quedando el cuerpo con 24 miembros. En diciembre pr\u00f3ximo, culminar\u00e1n su funci\u00f3n otros 11, pero ingresar\u00e1n 15 nuevos, con lo cual se totalizar\u00e1n las 28 bancas.<\/p>\n<p>La decisi\u00f3n de las C\u00e1maras de Diputados y Senadores \u2014objetada oportunamente por los propios ediles\u2014 encontr\u00f3 correlato en el decreto del Ejecutivo provincial de tomar como v\u00e1lido el \u00faltimo Censo Nacional de 2010 que, al exhibir un incremento en el n\u00famero de habitantes de la ciudad, eleva autom\u00e1ticamente sus representantes en el cuerpo legislativo.<\/p>\n<p>El desaf\u00edo socialista. Ante este panorama, el gran desaf\u00edo, una vez m\u00e1s, lo tendr\u00e1 el oficialismo, que pondr\u00e1 en juego cuatro de las ocho bancas que dispone, con el agravante de que tres de ellas corresponden al bloque Socialista. El partido gobernante tendr\u00e1 la dif\u00edcil misi\u00f3n de ampliar su escasa representaci\u00f3n en el Palacio Vasallo, donde s\u00f3lo quedar\u00e1 el ex ministro de Salud Miguel Cappiello a la espera de la suerte de la lista que configuren desde el Palacio de los Leones, que ser\u00eda encabezada por el actual secretario de Control y Convivencia, Pablo Seghezzo.<\/p>\n<p>Para peor, uno de los ediles que vence su mandato e ir\u00e1 por la reelecci\u00f3n es el actual presidente del Concejo, Miguel Zamarini, quien ha tomado distancia p\u00fablica de la intendenta M\u00f3nica Fein y dif\u00edcilmente vuelva a integrar las filas oficialistas en caso de renovar su mandato. Tambi\u00e9n expiran los plazos para Manuel Sciutto y Viviana Foresi, aunque no ir\u00edan por un nuevo per\u00edodo.<\/p>\n<p>En el seno del propio Frente Progresista finaliza a su vez el per\u00edodo del demoprogresista Aldo Pedro Poy, quien a\u00fan no anticip\u00f3 sus deseos electorales, al tiempo que se mantendr\u00e1n por otros dos a\u00f1os los radicales Mart\u00edn Ros\u00faa y Daniela Le\u00f3n. Otro que contin\u00faa, pero con futuro pol\u00edtico incierto, es el arista Carlos Comi, que acompa\u00f1a al presidente de su partido, Pablo Javkin, en la compulsa por la Intendencia contra la actual mandataria.<\/p>\n<p>En el bloque Radical liderado por Jorge Boasso se deshojan distintas margaritas. El hist\u00f3rico concejal analiza su paso al PRO, ya sea como aspirante a la vicegobernaci\u00f3n o a la Intendencia, al tiempo que Mar\u00eda Eugenia Schmuck ya adelant\u00f3 sus intenciones de ser reelecta, en principio, en el espacio localmente liderado por Javkin.<\/p>\n<p>El PRO se reagrupa. En el PRO, tres de sus ediles culminan su mandato en diciembre EM_DASHRodrigo L\u00f3pez Molina, Alejandro Rossell\u00f3 y Mar\u00eda Julia BonifacioEM_DASH, pero all\u00ed habr\u00e1 que ver c\u00f3mo juega que sobre el cierre de 2014 ese sector construy\u00f3 una suerte de interbloque con los justicialistas Osvaldo Miatello y Diego Giuliano y el radical Jorge Boasso. Todo indica que el joven L\u00f3pez Molina apunte a la reelecci\u00f3n como cabeza de lista, pero los operadores locales buscan que Miatello, que tambi\u00e9n termina su mandato, lo secunde en la n\u00f3mina.<\/p>\n<p>El campamento peronista. En el justicialismo rosarino hay dos bancas que se deben renovar: la de Roberto Sukerman, quien hace tiempo lanz\u00f3 su candidatura a intendente, y Mar\u00eda Fernanda Gigliani, que podr\u00eda apostar por una reelecci\u00f3n. El justicialismo conserva por dos a\u00f1os m\u00e1s los mandatos de H\u00e9ctor Cavallero, que fue tentado para encabezar una lista de diputados provinciales, y Lorena Gim\u00e9nez.<\/p>\n<p>Con todos estos lazos de interacci\u00f3n, el \u00fanico edil que resta ubicar en el mapa es Carlos Cossia quien, si bien tambi\u00e9n tiene otros dos a\u00f1os asegurados en su banca, podr\u00eda integrar una lista a nivel provincial. Los desaf\u00edos est\u00e1n planteados, en el marco de un comicio que reci\u00e9n est\u00e1 en su punto de partida, pero tendr\u00e1 vital importancia para la gobernabilidad y las construcciones pol\u00edticas de la ciudad, al menos, para los pr\u00f3ximos dos a\u00f1os.<\/p>\n<p>Los aspirantes a lograr una banca<\/p>\n<p>Como suele ocurrir, potenciado adem\u00e1s por el sistema de boleta \u00fanica, se espera un festival de listas para las primarias del mes de abril, m\u00e1s a\u00fan con la tenue modificaci\u00f3n impuesta al piso electoral, lo que permitir\u00e1 que pr\u00e1cticamente todos los candidatos lleguen a las generales.<\/p>\n<p>De este modo, en el Frente Progresista aparece el oficialismo municipal \u2014probablemente con Pablo Seghezzo\u2014 en un mano a mano con el presidente del Concejo, Miguel Zamarini, distanciado de M\u00f3nica Fein y aliado a Pablo Javkin, a la espera de la resoluci\u00f3n que tomen Mar\u00eda Eugenia Schmuck y Aldo Pedro Poy.<\/p>\n<p>Como es costumbre, y especialmente desde la Uni\u00f3n C\u00edvica Radical, aparecen muchas listas representando a diferentes sectores pol\u00edticos. Hasta el momento, el joven Nicol\u00e1s Gianelonni, alineado al vicegobernador Jorge Henn, ya hizo p\u00fablica su decisi\u00f3n de participar. Tambi\u00e9n har\u00eda lo propio en las pr\u00f3ximas horas el ex titular del Concejo Pablo Cribioli.<\/p>\n<p>En el justicialismo, ya se ha puesto en marcha la candidatura de Eduardo Toniolli, actual diputado provincial, que apoyar\u00e1 a Fernando Ros\u00faa en sus aspiraciones a la Intendencia. Tambi\u00e9n el secretario de Transporte de la Naci\u00f3n, Alejandro Ramos, tendr\u00e1 su delf\u00edn en esta competencia que ser\u00e1 Juan Marcos Aviano, referente de organizaciones de defensa de los consumidores.<\/p>\n<p>Otro dato no menor correr\u00e1 por cuenta de La C\u00e1mpora, que a\u00fan no ha definido si Sebasti\u00e1n Artola, que ha competido en los \u00faltimos dos comicios para ocupar una banca, se lanzar\u00e1 por la Intendencia o volver\u00e1 a apostar al Palacio Vasallo. No obstante, es un hecho que la agrupaci\u00f3n conducida por M\u00e1ximo Kirchner tendr\u00e1 su estrategia propia en Rosario.<\/p>\n<p>Por otro lado, y fuera de cualquier disputa interna, aparecen los partidos que apuntalar\u00e1n sus propias candidaturas y pasar\u00e1n. All\u00ed se apunta el Movimiento Giros, con Juan Monteverde a la cabeza, y con el correr de los d\u00edas lo har\u00e1n, al menos, otra treintena de candidatos para configurar una boleta que, al menos para las Paso, ser\u00e1 extensa y muy variada.<\/p>\n<h6>Fuente: La Capital, Rosario<\/h6>\n","protected":false},"excerpt":{"rendered":"<p>Este a\u00f1o se elegir\u00e1n 15 ediles. El cuerpo deliberativo alcanzar\u00e1 as\u00ed las 28 bancas, cuatro m\u00e1s que las que posee actualmente. El incremento podr\u00eda permitir el ingreso de nuevas minor\u00edas. El Concejo Municipal de Rosario ser\u00e1 escenario en 2015 de una elecci\u00f3n trascendente y at\u00edpica, ya que se completar\u00e1 el aumento de bancas previsto en<\/p>\n","protected":false},"author":2,"featured_media":22862,"comment_status":"closed","ping_status":"closed","sticky":false,"template":"","format":"standard","meta":{"footnotes":""},"categories":[4],"tags":[10],"class_list":["post-22861","post","type-post","status-publish","format-standard","has-post-thumbnail","hentry","category-informe-politico","tag-santa-fe"],"_links":{"self":[{"href":"http:\/\/argentinamunicipal.com.ar\/argentina\/wp-json\/wp\/v2\/posts\/22861","targetHints":{"allow":["GET"]}}],"collection":[{"href":"http:\/\/argentinamunicipal.com.ar\/argentina\/wp-json\/wp\/v2\/posts"}],"about":[{"href":"http:\/\/argentinamunicipal.com.ar\/argentina\/wp-json\/wp\/v2\/types\/post"}],"author":[{"embeddable":true,"href":"http:\/\/argentinamunicipal.com.ar\/argentina\/wp-json\/wp\/v2\/users\/2"}],"replies":[{"embeddable":true,"href":"http:\/\/argentinamunicipal.com.ar\/argentina\/wp-json\/wp\/v2\/comments?post=22861"}],"version-history":[{"count":0,"href":"http:\/\/argentinamunicipal.com.ar\/argentina\/wp-json\/wp\/v2\/posts\/22861\/revisions"}],"wp:featuredmedia":[{"embeddable":true,"href":"http:\/\/argentinamunicipal.com.ar\/argentina\/wp-json\/wp\/v2\/media\/22862"}],"wp:attachment":[{"href":"http:\/\/argentinamunicipal.com.ar\/argentina\/wp-json\/wp\/v2\/media?parent=22861"}],"wp:term":[{"taxonomy":"category","embeddable":true,"href":"http:\/\/argentinamunicipal.com.ar\/argentina\/wp-json\/wp\/v2\/categories?post=22861"},{"taxonomy":"post_tag","embeddable":true,"href":"http:\/\/argentinamunicipal.com.ar\/argentina\/wp-json\/wp\/v2\/tags?post=22861"}],"curies":[{"name":"wp","href":"https:\/\/api.w.org\/{rel}","templated":true}]}}