{"id":22920,"date":"2015-01-20T08:48:12","date_gmt":"2015-01-20T11:48:12","guid":{"rendered":"http:\/\/argentinamunicipal.com.ar\/argentina\/?p=22920"},"modified":"2015-01-20T08:48:12","modified_gmt":"2015-01-20T11:48:12","slug":"se-perdieron-3000-hectareas-de-arroz-en-san-javier","status":"publish","type":"post","link":"http:\/\/argentinamunicipal.com.ar\/argentina\/se-perdieron-3000-hectareas-de-arroz-en-san-javier\/","title":{"rendered":"\u00abSe perdieron 3000 hect\u00e1reas de arroz en San Javier\u201d"},"content":{"rendered":"<div id=\"attachment_22921\" style=\"width: 554px\" class=\"wp-caption alignleft\"><a href=\"http:\/\/argentinamunicipal.com.ar\/argentina\/wp-content\/uploads\/2015\/01\/108609_provinciales.jpg\"><img loading=\"lazy\" decoding=\"async\" aria-describedby=\"caption-attachment-22921\" class=\"size-full wp-image-22921\" src=\"http:\/\/argentinamunicipal.com.ar\/argentina\/wp-content\/uploads\/2015\/01\/108609_provinciales.jpg\" alt=\"Est\u00e1 en riesgo la econom\u00eda de peque\u00f1os productores\" width=\"544\" height=\"293\" srcset=\"http:\/\/argentinamunicipal.com.ar\/argentina\/wp-content\/uploads\/2015\/01\/108609_provinciales.jpg 544w, http:\/\/argentinamunicipal.com.ar\/argentina\/wp-content\/uploads\/2015\/01\/108609_provinciales-300x161.jpg 300w\" sizes=\"auto, (max-width: 544px) 100vw, 544px\" \/><\/a><p id=\"caption-attachment-22921\" class=\"wp-caption-text\">Est\u00e1 en riesgo la econom\u00eda de peque\u00f1os productores<\/p><\/div>\n<p>El secretario de la Asociaci\u00f3n santafesina de productores de Arroz sostuvo que este n\u00famero se modifica todo el tiempo, a medida que ceden las defensas. \u201cNo hay riesgo para el mercado interno. Lo que est\u00e1 en riesgo es la econom\u00eda de los peque\u00f1os y medianos productores y su continuidad\u201d, remarc\u00f3.<\/p>\n<p>Rub\u00e9n Favot, secretario de la Asociaci\u00f3n santafesina de productores de Arroz, expres\u00f3 que \u00abdesde noviembre hasta la fecha, en San Javier cayeron alrededor de 1300 mm. Recordemos que este es el promedio anual. Por lo tanto, no hay forma de sacar este volumen de agua. En nuestra zona, se nivelaron los dos saladillos. Por lo tanto, toda esta maza de agua viene buscando su nivel, por lo tanto super\u00f3 las defensas y hay caminos y ruta vecinales cortadas\u00bb.<\/p>\n<p>Adem\u00e1s, Rub\u00e9n Favot agreg\u00f3 que \u00abhemos perdido el 100% de los cultivos que se inundaron. Estimamos que hay 3000 hect\u00e1reas sembradas de p\u00e9rdidas. Este n\u00famero de hect\u00e1reas se modifica todos los d\u00edas. Por ejemplo, el s\u00e1bado a la noche se inundaron 400 hect\u00e1reas m\u00e1s\u00bb.<\/p>\n<p>\u00abPor otro lado, tenemos p\u00e9rdidas en cultivos reci\u00e9n nacidos. Esto ocurri\u00f3 en noviembre y diciembre, por exceso de agua. Adem\u00e1s, los cultivos que estaban en floraci\u00f3n en diciembre y enero hay una disminuci\u00f3n del rendimiento del 30%\u00bb, se\u00f1al\u00f3 el secretario de la Asociaci\u00f3n santafesina de productores de Arroz.<\/p>\n<p>Finalmente, Rub\u00e9n Favot remarc\u00f3 que \u00abArgentina s\u00f3lo consume el 30% de la producci\u00f3n. No hay riesgo para el mercado interno. Lo que est\u00e1 en riesgo es la econom\u00eda de los peque\u00f1os y medianos productores y su continuidad\u00bb.<\/p>\n<h6>Fuente: Sin Mordaza<\/h6>\n","protected":false},"excerpt":{"rendered":"<p>El secretario de la Asociaci\u00f3n santafesina de productores de Arroz sostuvo que este n\u00famero se modifica todo el tiempo, a medida que ceden las defensas. \u201cNo hay riesgo para el mercado interno. Lo que est\u00e1 en riesgo es la econom\u00eda de los peque\u00f1os y medianos productores y su continuidad\u201d, remarc\u00f3. Rub\u00e9n Favot, secretario de la<\/p>\n","protected":false},"author":2,"featured_media":22921,"comment_status":"closed","ping_status":"closed","sticky":false,"template":"","format":"standard","meta":{"footnotes":""},"categories":[48],"tags":[10],"class_list":["post-22920","post","type-post","status-publish","format-standard","has-post-thumbnail","hentry","category-contingencias","tag-santa-fe"],"_links":{"self":[{"href":"http:\/\/argentinamunicipal.com.ar\/argentina\/wp-json\/wp\/v2\/posts\/22920","targetHints":{"allow":["GET"]}}],"collection":[{"href":"http:\/\/argentinamunicipal.com.ar\/argentina\/wp-json\/wp\/v2\/posts"}],"about":[{"href":"http:\/\/argentinamunicipal.com.ar\/argentina\/wp-json\/wp\/v2\/types\/post"}],"author":[{"embeddable":true,"href":"http:\/\/argentinamunicipal.com.ar\/argentina\/wp-json\/wp\/v2\/users\/2"}],"replies":[{"embeddable":true,"href":"http:\/\/argentinamunicipal.com.ar\/argentina\/wp-json\/wp\/v2\/comments?post=22920"}],"version-history":[{"count":0,"href":"http:\/\/argentinamunicipal.com.ar\/argentina\/wp-json\/wp\/v2\/posts\/22920\/revisions"}],"wp:featuredmedia":[{"embeddable":true,"href":"http:\/\/argentinamunicipal.com.ar\/argentina\/wp-json\/wp\/v2\/media\/22921"}],"wp:attachment":[{"href":"http:\/\/argentinamunicipal.com.ar\/argentina\/wp-json\/wp\/v2\/media?parent=22920"}],"wp:term":[{"taxonomy":"category","embeddable":true,"href":"http:\/\/argentinamunicipal.com.ar\/argentina\/wp-json\/wp\/v2\/categories?post=22920"},{"taxonomy":"post_tag","embeddable":true,"href":"http:\/\/argentinamunicipal.com.ar\/argentina\/wp-json\/wp\/v2\/tags?post=22920"}],"curies":[{"name":"wp","href":"https:\/\/api.w.org\/{rel}","templated":true}]}}