{"id":22947,"date":"2015-01-20T09:30:12","date_gmt":"2015-01-20T12:30:12","guid":{"rendered":"http:\/\/argentinamunicipal.com.ar\/argentina\/?p=22947"},"modified":"2015-01-20T09:30:12","modified_gmt":"2015-01-20T12:30:12","slug":"suiza-afirma-que-la-nueva-paridad-del-franco-con-el-euro-no-afectara-su-economia","status":"publish","type":"post","link":"http:\/\/argentinamunicipal.com.ar\/argentina\/suiza-afirma-que-la-nueva-paridad-del-franco-con-el-euro-no-afectara-su-economia\/","title":{"rendered":"Suiza afirma que la nueva paridad del Franco con el Euro no afectar\u00e1 su econom\u00eda"},"content":{"rendered":"<div id=\"attachment_22948\" style=\"width: 618px\" class=\"wp-caption aligncenter\"><a href=\"http:\/\/argentinamunicipal.com.ar\/argentina\/wp-content\/uploads\/2015\/01\/54b7e0b872139e8b068b45cf.jpg\"><img loading=\"lazy\" decoding=\"async\" aria-describedby=\"caption-attachment-22948\" class=\" wp-image-22948\" src=\"http:\/\/argentinamunicipal.com.ar\/argentina\/wp-content\/uploads\/2015\/01\/54b7e0b872139e8b068b45cf.jpg\" alt=\"ALERTA. Por la nueva cotizaci\u00f3n, las empresas suizas temen perder ganancias.\" width=\"608\" height=\"342\" srcset=\"http:\/\/argentinamunicipal.com.ar\/argentina\/wp-content\/uploads\/2015\/01\/54b7e0b872139e8b068b45cf.jpg 748w, http:\/\/argentinamunicipal.com.ar\/argentina\/wp-content\/uploads\/2015\/01\/54b7e0b872139e8b068b45cf-300x168.jpg 300w\" sizes=\"auto, (max-width: 608px) 100vw, 608px\" \/><\/a><p id=\"caption-attachment-22948\" class=\"wp-caption-text\">ALERTA. Por la nueva cotizaci\u00f3n, las empresas suizas temen perder ganancias.<\/p><\/div>\n<p>El gobierno helv\u00e9tico elimin\u00f3 el l\u00edmite cambiario de su moneda en relaci\u00f3n a la divisa europea.<\/p>\n<p>Z\u00daRICH, Suiza.- Funcionarios suizos aseguraron que la sorpresiva decisi\u00f3n del Banco Central, de eliminar el l\u00edmite cambiario del Franco en relaci\u00f3n al Euro, no desestabilizar\u00e1 a la econom\u00eda ni impactar\u00e1 en los mercados burs\u00e1tiles. El argumento surgi\u00f3 en el inicio de una semana crucial, ya que el Banco Central Europeo (BCE) podr\u00eda anunciar un enorme programa de compras de bonos.<\/p>\n<p>La ministra de Finanzas suiza, Eveline Widmer-Schlumpf, dijo que espera que la tasa cambiaria se ubique en torno a 1,10 Francos por Euro, un nivel que, en su opini\u00f3n, las empresas del pa\u00eds orientado a las exportaciones deber\u00edan ser capaces de soportar.<\/p>\n<p>\u201cEstoy confiada en que la econom\u00eda ser\u00e1 capaz de lidiar con esta decisi\u00f3n. Las empresas est\u00e1n en una posici\u00f3n mucho m\u00e1s c\u00f3moda que en 2011, cuando entr\u00f3 en vigor el l\u00edmite cambiario\u201d, sostuvo la funcionaria ante las consultas de la prensa local.<\/p>\n<h3>Temor de las empresas<\/h3>\n<p>El jueves pasado, el Banco Nacional Suizo sorprendi\u00f3 a los mercados cuando abandon\u00f3 su l\u00edmite cambiario, vigente por tres a\u00f1os, de 1,20 Francos por Euro. La autoridad monetaria afirm\u00f3 que esa pol\u00edtica se hab\u00eda vuelto insostenible. La medida hizo que el Franco suizo se apreciara con fuerza, lo cual llev\u00f3 a empresas suizas a advertir de un eventual desplome de sus ganancias. Los sectores m\u00e1s preocupados fueron el de ventas de art\u00edculos de lujo, las industria y el turismo.<\/p>\n<p>Con una inflaci\u00f3n del -0,3% interanual, Suiza tambi\u00e9n se arriesga a importar deflaci\u00f3n si el Franco se mantiene en su nivel alto frente al Euro. Hans Hess, presidente de Swissmem -que representa a empresas de los sectores de maquinaria, electr\u00f3nica y metalurgia- se\u00f1al\u00f3 que una de cada cinco compa\u00f1\u00edas industriales de Suiza enfrentan una \u201camenaza existencial\u201d. \u201cLa eliminaci\u00f3n del l\u00edmite cambiario costar\u00e1 empleos, pero el sector super\u00f3 la crisis monetaria de 2011 y tambi\u00e9n enfrentar\u00e1 esta crisis\u201d, afirm\u00f3 el directivo.<\/p>\n<p>El franco se apreci\u00f3 m\u00e1s all\u00e1 de la paridad tras el anuncio del Banco Nacional Suizo, a un m\u00e1ximo de 0,8500 Francos por Euro, para luego recortar ganancias. El viernes pasado, la moneda helv\u00e9tica cotiz\u00f3 a poco menos de la paridad con el Euro. De este modo, el espacio de maniobra con el que contar\u00e1 el Banco Nacional Suizo depender\u00e1 de lo que anuncie el BCE, cuando se espera que lance un programa de compras de bonos para reactivar a la econom\u00eda y para combatir la deflaci\u00f3n.<\/p>\n<p>Si el BCE supera las expectativas del mercado, los inversores podr\u00edan optar en masa por el Franco suizo, al considerarlo como un refugio. Seg\u00fan algunos economistas suizos, la tasa cambiaria deber\u00eda oscilar en torno a los 1,10 Francos por Euro para impedir cualquier da\u00f1o potencial a la econom\u00eda.<\/p>\n<p>Si la moneda se mantuviera en paridad con el Euro, por un per\u00edodo prolongado, provocar\u00eda un crecimiento econ\u00f3mico muy d\u00e9bil y un creciente desempleo, asegur\u00f3 el director del Departamento de Finanzas, Serge Gaillard, al diario suizo \u201cZentralschweiz am Sonntag\u201d.<\/p>\n<h6>Fuente: La Gaceta<\/h6>\n","protected":false},"excerpt":{"rendered":"<p>El gobierno helv\u00e9tico elimin\u00f3 el l\u00edmite cambiario de su moneda en relaci\u00f3n a la divisa europea. Z\u00daRICH, Suiza.- Funcionarios suizos aseguraron que la sorpresiva decisi\u00f3n del Banco Central, de eliminar el l\u00edmite cambiario del Franco en relaci\u00f3n al Euro, no desestabilizar\u00e1 a la econom\u00eda ni impactar\u00e1 en los mercados burs\u00e1tiles. El argumento surgi\u00f3 en el<\/p>\n","protected":false},"author":2,"featured_media":22948,"comment_status":"closed","ping_status":"closed","sticky":false,"template":"","format":"standard","meta":{"footnotes":""},"categories":[22],"tags":[57],"class_list":["post-22947","post","type-post","status-publish","format-standard","has-post-thumbnail","hentry","category-el-mundo","tag-el-mundo"],"_links":{"self":[{"href":"http:\/\/argentinamunicipal.com.ar\/argentina\/wp-json\/wp\/v2\/posts\/22947","targetHints":{"allow":["GET"]}}],"collection":[{"href":"http:\/\/argentinamunicipal.com.ar\/argentina\/wp-json\/wp\/v2\/posts"}],"about":[{"href":"http:\/\/argentinamunicipal.com.ar\/argentina\/wp-json\/wp\/v2\/types\/post"}],"author":[{"embeddable":true,"href":"http:\/\/argentinamunicipal.com.ar\/argentina\/wp-json\/wp\/v2\/users\/2"}],"replies":[{"embeddable":true,"href":"http:\/\/argentinamunicipal.com.ar\/argentina\/wp-json\/wp\/v2\/comments?post=22947"}],"version-history":[{"count":0,"href":"http:\/\/argentinamunicipal.com.ar\/argentina\/wp-json\/wp\/v2\/posts\/22947\/revisions"}],"wp:featuredmedia":[{"embeddable":true,"href":"http:\/\/argentinamunicipal.com.ar\/argentina\/wp-json\/wp\/v2\/media\/22948"}],"wp:attachment":[{"href":"http:\/\/argentinamunicipal.com.ar\/argentina\/wp-json\/wp\/v2\/media?parent=22947"}],"wp:term":[{"taxonomy":"category","embeddable":true,"href":"http:\/\/argentinamunicipal.com.ar\/argentina\/wp-json\/wp\/v2\/categories?post=22947"},{"taxonomy":"post_tag","embeddable":true,"href":"http:\/\/argentinamunicipal.com.ar\/argentina\/wp-json\/wp\/v2\/tags?post=22947"}],"curies":[{"name":"wp","href":"https:\/\/api.w.org\/{rel}","templated":true}]}}