{"id":22950,"date":"2015-01-20T09:34:59","date_gmt":"2015-01-20T12:34:59","guid":{"rendered":"http:\/\/argentinamunicipal.com.ar\/argentina\/?p=22950"},"modified":"2015-01-20T09:34:59","modified_gmt":"2015-01-20T12:34:59","slug":"la-oit-alerto-por-el-aumento-del-desempleo-nivel-mundial","status":"publish","type":"post","link":"http:\/\/argentinamunicipal.com.ar\/argentina\/la-oit-alerto-por-el-aumento-del-desempleo-nivel-mundial\/","title":{"rendered":"La OIT alert\u00f3 por el aumento del desempleo a nivel mundial"},"content":{"rendered":"<div id=\"attachment_22951\" style=\"width: 650px\" class=\"wp-caption aligncenter\"><a href=\"http:\/\/argentinamunicipal.com.ar\/argentina\/wp-content\/uploads\/2015\/01\/pict.jpg\"><img loading=\"lazy\" decoding=\"async\" aria-describedby=\"caption-attachment-22951\" class=\"size-full wp-image-22951\" src=\"http:\/\/argentinamunicipal.com.ar\/argentina\/wp-content\/uploads\/2015\/01\/pict.jpg\" alt=\"Bien escaso. Habr\u00e1 212 millones de desempleados en el a\u00f1o 2019.\" width=\"640\" height=\"480\" srcset=\"http:\/\/argentinamunicipal.com.ar\/argentina\/wp-content\/uploads\/2015\/01\/pict.jpg 640w, http:\/\/argentinamunicipal.com.ar\/argentina\/wp-content\/uploads\/2015\/01\/pict-300x225.jpg 300w\" sizes=\"auto, (max-width: 640px) 100vw, 640px\" \/><\/a><p id=\"caption-attachment-22951\" class=\"wp-caption-text\">Bien escaso. Habr\u00e1 212 millones de desempleados en el a\u00f1o 2019.<\/p><\/div>\n<p>Crisis global. La Organizaci\u00f3n Internacional del Trabajo pronostica menos empleo por el poco crecimiento de la econom\u00eda internacional.<\/p>\n<p>La Organizaci\u00f3n Internacional del Trabajo (OIT) advirti\u00f3 ayer que la cifra de desempleados en el mundo seguir\u00e1 creciendo y en el a\u00f1o 2019 se ubicar\u00e1 en los 212 millones de personas, en comparaci\u00f3n con los 201 millones actuales, y asegur\u00f3 que esto se debe a que la mayor\u00eda de los pa\u00edses no crecen lo suficiente.<\/p>\n<p>\u00abDesde el inicio de la crisis global, en el a\u00f1o 2008, se perdieron m\u00e1s de 61 millones de empleos\u00bb, se\u00f1al\u00f3 el director general de la OIT, Guy Ryder, en el marco de la publicaci\u00f3n del estudio anual de la organizaci\u00f3n sobre la evoluci\u00f3n de los mercados.<\/p>\n<p>\u00abPor lo tanto, la crisis de empleo a\u00fan no pas\u00f3, no hay motivo para la autocomplacencia\u00bb, consider\u00f3 Ryder.<\/p>\n<p>El funcioanrio internacional a\u00f1adi\u00f3 que a pesar de que la situaci\u00f3n mejor\u00f3 en Estados Unidos, Jap\u00f3n y en algunos pa\u00edses europeos, en el sur de Europa el desempleo registra un lento descenso.<\/p>\n<p>La OIT prev\u00e9 que a lo largo del presente a\u00f1o, la cifra de desempleados aumente en tres millones y pronostica que para 2019 ser\u00e1n ocho millones m\u00e1s.<\/p>\n<p>El principal motivo, seg\u00fan la OIT, es que el crecimiento econ\u00f3mico no alcanz\u00f3 en casi ning\u00fan pa\u00eds el nivel que ten\u00eda antes del estallido de la crisis financiera, hace seis a\u00f1os.<\/p>\n<p>Los j\u00f3venes son los m\u00e1s afectados por esta situaci\u00f3n. Casi 74 millones de personas de entre 15 y 24 buscaban trabajo en 2014.<\/p>\n<p>Brecha distributiva. Otro tema que preocupa especialmente a la OIT es el crecimiento de la brecha entre pobres y ricos.<\/p>\n<p>Hace tiempo que la diferencia de ingresos son importantes en los pa\u00edses en desarrollo, pero entre tanto se increment\u00f3 tambi\u00e9n en las naciones industrializadas.<\/p>\n<p>En promedio, a nivel mundial el 40 por ciento de todos los ingresos va al diez por ciento de la poblaci\u00f3n m\u00e1s rica.<\/p>\n<p>Por el otro lado, el diez por ciento m\u00e1s pobre recibe en total s\u00f3lo el dos por ciento de los ingresos globales.<\/p>\n<p>La OIT inst\u00f3 especialmente a los gobiernos europeos a impulsar m\u00e1s el crecimiento econ\u00f3mico.<\/p>\n<p>Seg\u00fan la organizaci\u00f3n, en la eurozona se necesitan medida para fortalecer la demanda, inversiones dirigidas a la creaci\u00f3n de empleos y una pol\u00edtica monetaria que fomente la concesi\u00f3n de pr\u00e9stamos para la econom\u00eda real.<\/p>\n<p>El estudio del mercado laboral de la OIT fue publicado, como suele ocurrir, poco antes del encuentro anual Foro Econ\u00f3mico Mundial, que comenzar\u00e1 ma\u00f1ana mi\u00e9rcoles.<\/p>\n<p>Unos 2.500 empresarios, pol\u00edticos y especialistas de 140 pa\u00edses, entre los que se cuentan 40 jefes de Estado y de gobierno, se reunir\u00e1n hasta el s\u00e1bado en la localidad suiza de Davos.<\/p>\n<p>Advertencia del FMI a Grecia<\/p>\n<p>La directora gerente del Fondo Monetario Internacional (FMI), Christine Lagarde, advirti\u00f3 a Grecia que el impago o la reestructuraci\u00f3n de la deuda tiene consecuencias, aunque admiti\u00f3 que un enfoque colectivo sobre la cuesti\u00f3n siempre es bienvenido. \u201cEn principio, los esfuerzos colectivos son bienvenidos, pero al mismo tiempo una deuda es una deuda y esto supone un contrato\u201d, dijo frente a la posibilidad que la UE celebre una conferencia para analizar esta situaci\u00f3n.<\/p>\n<p>J\u00f3venes muy afectados<\/p>\n<p>La d\u00e9bil coyuntura econ\u00f3mica y el aumento de la edad jubilatoria en muchos pa\u00edses afecta de forma especialmente grave a los m\u00e1s j\u00f3venes a la hora de encontrar trabajo, se\u00f1ala un estudio de la Organizaci\u00f3n para la Cooperaci\u00f3n y el Desarrollo Econ\u00f3mico (Ocde) presentado ayer en Londres. Independientemente del nivel educativo, la tasa de desempleo de quienes tienen entre 25 y 34 a\u00f1os es m\u00e1s elevada que la de los de entre 55 y 64 a\u00f1os.<\/p>\n<p>Seg\u00fan la Ocde, una de las causas es que en momentos de crisis los empleadores apuestan m\u00e1s bien por trabajadores experimentados. Adem\u00e1s, el aumento de la edad de jubilaci\u00f3n demora m\u00e1s el recambio generacional. Para el estudio se compararon cifras de los 34 pa\u00edses miembros de la Ocde y diez naciones asociadas.<\/p>\n<h6>Fuente: La Capital, Rosario<\/h6>\n","protected":false},"excerpt":{"rendered":"<p>Crisis global. La Organizaci\u00f3n Internacional del Trabajo pronostica menos empleo por el poco crecimiento de la econom\u00eda internacional. La Organizaci\u00f3n Internacional del Trabajo (OIT) advirti\u00f3 ayer que la cifra de desempleados en el mundo seguir\u00e1 creciendo y en el a\u00f1o 2019 se ubicar\u00e1 en los 212 millones de personas, en comparaci\u00f3n con los 201 millones<\/p>\n","protected":false},"author":2,"featured_media":22951,"comment_status":"closed","ping_status":"closed","sticky":false,"template":"","format":"standard","meta":{"footnotes":""},"categories":[22],"tags":[57],"class_list":["post-22950","post","type-post","status-publish","format-standard","has-post-thumbnail","hentry","category-el-mundo","tag-el-mundo"],"_links":{"self":[{"href":"http:\/\/argentinamunicipal.com.ar\/argentina\/wp-json\/wp\/v2\/posts\/22950","targetHints":{"allow":["GET"]}}],"collection":[{"href":"http:\/\/argentinamunicipal.com.ar\/argentina\/wp-json\/wp\/v2\/posts"}],"about":[{"href":"http:\/\/argentinamunicipal.com.ar\/argentina\/wp-json\/wp\/v2\/types\/post"}],"author":[{"embeddable":true,"href":"http:\/\/argentinamunicipal.com.ar\/argentina\/wp-json\/wp\/v2\/users\/2"}],"replies":[{"embeddable":true,"href":"http:\/\/argentinamunicipal.com.ar\/argentina\/wp-json\/wp\/v2\/comments?post=22950"}],"version-history":[{"count":0,"href":"http:\/\/argentinamunicipal.com.ar\/argentina\/wp-json\/wp\/v2\/posts\/22950\/revisions"}],"wp:featuredmedia":[{"embeddable":true,"href":"http:\/\/argentinamunicipal.com.ar\/argentina\/wp-json\/wp\/v2\/media\/22951"}],"wp:attachment":[{"href":"http:\/\/argentinamunicipal.com.ar\/argentina\/wp-json\/wp\/v2\/media?parent=22950"}],"wp:term":[{"taxonomy":"category","embeddable":true,"href":"http:\/\/argentinamunicipal.com.ar\/argentina\/wp-json\/wp\/v2\/categories?post=22950"},{"taxonomy":"post_tag","embeddable":true,"href":"http:\/\/argentinamunicipal.com.ar\/argentina\/wp-json\/wp\/v2\/tags?post=22950"}],"curies":[{"name":"wp","href":"https:\/\/api.w.org\/{rel}","templated":true}]}}